{"id":5400,"date":"2016-07-19T02:48:00","date_gmt":"2016-07-19T02:48:00","guid":{"rendered":"http:\/\/www.mertcanpolat.com.tr\/dev\/index.php\/2016\/07\/19\/yalovada-paralel-operasyonlari\/"},"modified":"2016-07-19T02:48:00","modified_gmt":"2016-07-19T02:48:00","slug":"yalovada-paralel-operasyonlari","status":"publish","type":"post","link":"http:\/\/www.mertcanpolat.com.tr\/dev\/yalovada-paralel-operasyonlari\/","title":{"rendered":"YALOVA&#39;DA PARALEL OPERASYONLARI"},"content":{"rendered":"<p><b>Yalova\u2019da aralar\u0131nda kaymakamlar, hakimler, savc\u0131lar, polislerin oldu\u011fu \u00e7ok say\u0131da ki\u015fi g\u00f6revden al\u0131n\u0131rken baz\u0131lar\u0131 ise g\u00f6zalt\u0131na al\u0131nd\u0131.<\/b>   <\/p>\n<h2> <span style=\"font-size:14px;\">15 Temmuz\u2019da ger\u00e7ekle\u015fen darbe giri\u015fimiyle ilgili t\u00fcm T\u00fcrkiye\u2019de oldu\u011fu gibi Yalova\u2019da da g\u00f6zalt\u0131lar devam ediyor. Al\u0131nan bilgiye g\u00f6re; \u0130\u00e7i\u015fleri Bakanl\u0131\u011f\u0131, merkez ve ta\u015fra te\u015fkilatlar\u0131nda g\u00f6revli toplam 8 bin 777 personelin g\u00f6revinden uzakla\u015ft\u0131r\u0131ld\u0131\u011f\u0131n\u0131 bildirmi\u015fti. Yalova\u2019da g\u00f6revinden al\u0131nanlar i\u00e7erisinde \u00c7\u0131narc\u0131k Kaymakam\u0131 Cafer Sar\u0131l\u0131 da yer ald\u0131. \u00d6te yandan kentteki 27 polis de a\u00e7\u0131\u011fa al\u0131nanlar aras\u0131nda yer ald\u0131.<\/span> <\/h2>\n<h2> <strong> <span style=\"font-size:14px;\">Hakim ve Savc\u0131lar<\/span> <\/strong> <\/h2>\n<p> <span style=\"font-size:14px;\">Yalova&#8217;da, Fetullah\u00e7\u0131 Ter\u00f6r \u00d6rg\u00fct\u00fc&#8217;n\u00fcn (FET\u00d6) darbe giri\u015fimiyle ilgili ba\u015flat\u0131lan soru\u015fturma kapsam\u0131nda bir savc\u0131 ile 2 hakim g\u00f6zalt\u0131na al\u0131nd\u0131.<\/span> <\/p>\n<p> <span style=\"font-size:14px;\">Yalova Cumhuriyet Ba\u015fsavc\u0131l\u0131\u011f\u0131nca ba\u015flat\u0131lan soru\u015fturma kapsam\u0131nda haklar\u0131nda g\u00f6zalt\u0131 karar\u0131 bulunan savc\u0131 \u0130brahim Ethem Tatar ile hakimler Ramazan Akyol ve Mithat Akg\u00fcn, evlerinden al\u0131nd\u0131.<\/span> <\/p>\n<p> <span style=\"font-size:14px;\">\u00d6te yandan, adreslerinde bulunmayan ve ka\u00e7t\u0131klar\u0131 \u00f6ne s\u00fcr\u00fclen savc\u0131 Mehmet Hakk\u0131 G\u00fcrp\u0131nar ile hakimler Kemal Suba\u015f\u0131 ve Ramazan \u00d6zcan&#8217;\u0131n yakalanmas\u0131 i\u00e7in \u00e7al\u0131\u015fma devam ediyor.<\/span> <\/p>\n<p> <span style=\"font-size:14px;\">\u00d6te yandan kentte daha \u00f6nceden Hava Meydan Komutan\u0131 Hava Pilot Kurmay Albay Metin Y\u0131ld\u0131r\u0131m g\u00f6zalt\u0131na al\u0131nm\u0131\u015ft\u0131.<\/span> <\/p>\n<p>&nbsp;<\/p>\n","protected":false},"excerpt":{"rendered":"<p>Yalova\u2019da aralar\u0131nda kaymakamlar, hakimler, savc\u0131lar, polislerin oldu\u011fu \u00e7ok say\u0131da ki\u015fi g\u00f6revden al\u0131n\u0131rken baz\u0131lar\u0131 ise g\u00f6zalt\u0131na al\u0131nd\u0131. 15 Temmuz\u2019da ger\u00e7ekle\u015fen darbe<\/p>\n","protected":false},"author":1,"featured_media":5401,"comment_status":"open","ping_status":"open","sticky":false,"template":"","format":"standard","meta":[],"categories":[1],"tags":[],"_links":{"self":[{"href":"http:\/\/www.mertcanpolat.com.tr\/dev\/wp-json\/wp\/v2\/posts\/5400"}],"collection":[{"href":"http:\/\/www.mertcanpolat.com.tr\/dev\/wp-json\/wp\/v2\/posts"}],"about":[{"href":"http:\/\/www.mertcanpolat.com.tr\/dev\/wp-json\/wp\/v2\/types\/post"}],"author":[{"embeddable":true,"href":"http:\/\/www.mertcanpolat.com.tr\/dev\/wp-json\/wp\/v2\/users\/1"}],"replies":[{"embeddable":true,"href":"http:\/\/www.mertcanpolat.com.tr\/dev\/wp-json\/wp\/v2\/comments?post=5400"}],"version-history":[{"count":0,"href":"http:\/\/www.mertcanpolat.com.tr\/dev\/wp-json\/wp\/v2\/posts\/5400\/revisions"}],"wp:featuredmedia":[{"embeddable":true,"href":"http:\/\/www.mertcanpolat.com.tr\/dev\/wp-json\/wp\/v2\/media\/5401"}],"wp:attachment":[{"href":"http:\/\/www.mertcanpolat.com.tr\/dev\/wp-json\/wp\/v2\/media?parent=5400"}],"wp:term":[{"taxonomy":"category","embeddable":true,"href":"http:\/\/www.mertcanpolat.com.tr\/dev\/wp-json\/wp\/v2\/categories?post=5400"},{"taxonomy":"post_tag","embeddable":true,"href":"http:\/\/www.mertcanpolat.com.tr\/dev\/wp-json\/wp\/v2\/tags?post=5400"}],"curies":[{"name":"wp","href":"https:\/\/api.w.org\/{rel}","templated":true}]}}