{"id":5398,"date":"2016-07-23T02:04:00","date_gmt":"2016-07-23T02:04:00","guid":{"rendered":"http:\/\/www.mertcanpolat.com.tr\/dev\/index.php\/2016\/07\/23\/barodan-15-temmuz-aciklamasi\/"},"modified":"2016-07-23T02:04:00","modified_gmt":"2016-07-23T02:04:00","slug":"barodan-15-temmuz-aciklamasi","status":"publish","type":"post","link":"http:\/\/www.mertcanpolat.com.tr\/dev\/barodan-15-temmuz-aciklamasi\/","title":{"rendered":"BARODAN 15 TEMMUZ A\u00c7IKLAMASI"},"content":{"rendered":"<p><b>Yalova Barosu Ba\u015fkan\u0131 Hakan Gergero\u011flu, \u201cDarbe te\u015febb\u00fcs\u00fcn\u00fcn hedefi; anayasada nitelikleri tan\u0131mlanm\u0131\u015f T\u00fcrkiye Cumhuriyeti ve \u00fcniter yap\u0131m\u0131zd\u0131r\u201d dedi.<\/b>   <\/p>\n<p> <span style=\"font-size:14px;\">Gergero\u011flu, T\u00fcrkiye Cumhuriyeti\u2019nin 15 Temmuz 2016 gecesi, tarihinin en b\u00fcy\u00fck sald\u0131r\u0131s\u0131na u\u011frad\u0131\u011f\u0131n\u0131 kaydetti. Demokrasinin kalbi T\u00fcrkiye B\u00fcy\u00fck Millet Meclisi\u2019nin dahi, darbeye kalk\u0131\u015fan demokrasi d\u00fc\u015fmanlar\u0131n\u0131n, i\u00e7eride milletvekilleri bulundu\u011fu s\u0131rada havadan ve karadan sald\u0131r\u0131s\u0131na maruz kald\u0131\u011f\u0131n\u0131 kaydeden Gergero\u011flu, \u015f\u00f6yle devam etti:<\/span> <\/p>\n<p> <span style=\"font-size:14px;\">\u201c\u00c7ok say\u0131da g\u00fcvenlik g\u00f6revlisi ve sivil vatanda\u015f\u0131m\u0131z katledilmi\u015f; bir\u00e7ok devlet binas\u0131 da tahrip olunmu\u015ftur. Darbe giri\u015fiminde \u015fehit olan t\u00fcm polis, asker ve sivil vatanda\u015flar\u0131m\u0131z\u0131 rahmetle an\u0131yoruz; yaral\u0131lar\u0131m\u0131za acil \u015fifalar diliyoruz. Bu kalk\u0131\u015fmay\u0131 ger\u00e7ekle\u015ftirenlerin devlet i\u00e7ine s\u0131zm\u0131\u015f ve \u2018Fethullah G\u00fclen Cemaati\u2019 ad\u0131yla bilinen bir ter\u00f6r \u00f6rg\u00fct\u00fc oldu\u011fu ifade edilmektedir. Yarg\u0131 ve emniyet g\u00fc\u00e7leri i\u00e7ine s\u0131zm\u0131\u015f bu yap\u0131n\u0131n, yak\u0131n ge\u00e7mi\u015fte, kendine ba\u011fl\u0131 hakim, savc\u0131 ve polisler eliyle, devlet kurumlar\u0131nda ve bu arada T\u00fcrk Silahl\u0131 Kuvvetleri\u2019nde sahte delillerle b\u00fcy\u00fck bir tasfiye ger\u00e7ekle\u015ftirdi\u011fi ise taraf\u0131m\u0131zca bilinmektedir. Ad\u0131 ge\u00e7en \u00f6rg\u00fct\u00fcn, bu tasfiye sonunda bo\u015falan yerlere kendi kadrolar\u0131n\u0131n yerle\u015fmesini sa\u011flad\u0131\u011f\u0131 anla\u015f\u0131lmaktad\u0131r. Ge\u00e7ti\u011fimiz g\u00fcn ya\u015fanan kanl\u0131 kalk\u0131\u015fman\u0131n, i\u015fte bu kadrolar\u0131n olu\u015fturdu\u011fu s\u00f6z konusu ter\u00f6r \u00f6rg\u00fct\u00fcn\u00fcn eseri oldu\u011fu yetkililerce belirtilmektedir. Darbe giri\u015fimi; Devlete ba\u011fl\u0131 sa\u011fduyulu ve milli asker ve polislerin, iktidar ve muhalefet partileri ile yurt \u00e7ap\u0131nda yayg\u0131n demokratik kitle \u00f6rg\u00fctlerinin, medyan\u0131n, T\u00fcrkiye Barolar Birli\u011fi\u2019nin, istisnas\u0131z t\u00fcm Barolar\u0131n ve elbette vatanda\u015flar\u0131m\u0131z\u0131n kararl\u0131l\u0131kla kar\u015f\u0131 durmas\u0131 sonucunda engellenmi\u015ftir. Bundan sonra yap\u0131lmas\u0131 gereken, devletin i\u00e7inde yuvalanm\u0131\u015f olan bu ter\u00f6r \u00f6rg\u00fct\u00fcn\u00fcn hukuk \u00e7er\u00e7evesinde ve ivedilikle devlet yap\u0131s\u0131ndan ay\u0131klanmas\u0131d\u0131r. Hain darbe giri\u015fiminin, hi\u00e7bir \u015fekilde milli ordumuza leke s\u00fcrmesine izin verilemez. Bu noktaya nas\u0131l gelindi\u011finden dersler al\u0131narak, yarg\u0131, polis, ordu ve t\u00fcm devlet b\u00fcrokrasisinde liyakat sistemi hayata ge\u00e7irilmelidir.\u201d<\/span> <\/p>\n<p> <span style=\"font-size:14px;\">Darbe te\u015febb\u00fcs\u00fcnden haberi olmayan ve sadece emir ald\u0131\u011f\u0131 i\u00e7in k\u0131\u015flas\u0131ndan \u00e7\u0131kan erlerin hakk\u0131nda uygulanan \u00f6zg\u00fcrl\u00fck k\u0131s\u0131tlamalar\u0131na ise bir an \u00f6nce son verilmesi gerekti\u011fini savunan Gergero\u011flu, \u015funlar\u0131 kaydetti:<\/span> <\/p>\n<p> <span style=\"font-size:14px;\">\u201cB\u00fct\u00fcn ter\u00f6r \u00f6rg\u00fctleri kar\u015f\u0131s\u0131nda oldu\u011fu gibi ad\u0131 ge\u00e7en ter\u00f6r \u00f6rg\u00fct\u00fcne kar\u015f\u0131 da devletin en etkili g\u00fcc\u00fc, hukuk kurallar\u0131na uygun davranmaktan kaynaklanan me\u015fruiyetidir. Bu sebeple, ter\u00f6rle m\u00fccadelede kal\u0131c\u0131 ba\u015far\u0131 sa\u011flanmas\u0131 i\u00e7in soru\u015fturma ve kovu\u015fturmalar\u0131n adil yarg\u0131lama kurallar\u0131 \u00e7er\u00e7evesinde y\u00fcr\u00fct\u00fclmesi zorunludur. Avukatlar\u0131n, \u015f\u00fcphelilerle g\u00f6r\u00fc\u015fme ve ifadeler al\u0131n\u0131rken haz\u0131r bulunma yetkileri ba\u015fta olmak \u00fczere savunma yetkilerini kullanmalar\u0131 engellenmemeli, engelleyenler hakk\u0131nda i\u015flem yap\u0131lmal\u0131d\u0131r. Darbeciler ba\u015far\u0131l\u0131 olsalard\u0131 yok sayacaklar\u0131 adil yarg\u0131lama kurallar\u0131, darbeye kalk\u0131\u015fan ter\u00f6r \u00f6rg\u00fct\u00fcn\u00fcn mensubu oldu\u011fu iddia edilenler hakk\u0131nda eksiksiz uygulanmal\u0131d\u0131r. Bu, hukuk devleti olman\u0131n vazge\u00e7ilmez \u015fart\u0131d\u0131r. Yap\u0131lan soru\u015fturmalar\u0131n \u015faibesiz olmas\u0131 ancak b\u00f6yle sa\u011flanabilir ve ancak bu \u015fekilde halk\u0131m\u0131z\u0131n tamam\u0131, a\u00e7\u0131lacak davalar\u0131n ve verilecek h\u00fck\u00fcmlerin \u00f6nceki d\u00f6nemdekinin aksine birer kumpas olmad\u0131\u011f\u0131na inanabilir. T\u00fcrkiye Barolar Birli\u011fi ve T\u00fcrkiye\u2019nin b\u00fct\u00fcn Barolar\u0131 olarak, T\u00fcrkiye B\u00fcy\u00fck Millet Meclisi\u2019ne, kamu kurumlar\u0131na, polis, asker ve sivil vatanda\u015flar\u0131m\u0131za yap\u0131lm\u0131\u015f bu sald\u0131r\u0131y\u0131; T\u00fcrkiye Cumhuriyeti Anayasas\u0131\u2019nda demokratik, laik ve sosyal hukuk devleti olarak ifadesini bulan T\u00fcrkiye Cumhuriyeti\u2019ne kar\u015f\u0131 yap\u0131lm\u0131\u015f bir sald\u0131r\u0131 olarak g\u00f6r\u00fcyoruz. Bu ter\u00f6r \u00f6rg\u00fct\u00fcn\u00fcn y\u0131llar i\u00e7erisinde sinsice verdi\u011fi ve en sonunda kanl\u0131 darbe te\u015febb\u00fcss\u00fcyle yol a\u00e7t\u0131\u011f\u0131 b\u00fcy\u00fck zarar\u0131 hep birlikte giderece\u011fiz. Bundan hi\u00e7 kimsenin \u015f\u00fcphesi olmas\u0131n. \u00d6te yandan unutulmamal\u0131d\u0131r ki, bu hain darbe giri\u015fimi vatanda\u015flar\u0131m\u0131z\u0131n bir b\u00fct\u00fcn olarak kar\u015f\u0131 durmas\u0131 sonucunda p\u00fcsk\u00fcrt\u00fclm\u00fc\u015ft\u00fcr. Bundan sonra her vatanda\u015f\u0131m\u0131z\u0131n, \u00f6zellikle her siyaset\u00e7inin ve kanaat \u00f6nderinin ayr\u0131\u015ft\u0131r\u0131c\u0131 ve halk\u0131 birbirine d\u00fc\u015f\u00fcrmeye y\u00f6nelik provokasyonlara kar\u015f\u0131 her zamankinden daha dikkatli olmas\u0131 gereklidir. Bundan \u00f6nce oldu\u011fu gibi bundan sonra da hukukun \u00fcst\u00fcnl\u00fc\u011f\u00fcnden, Cumhuriyetimizin ilke ve de\u011ferlerinden, demokratik, laik, sosyal hukuk devletinden ve bunun g\u00fcvencesi olan kuvvetler ayr\u0131l\u0131\u011f\u0131 ilkesinden; adil yarg\u0131lanma hakk\u0131n\u0131n temel \u015fart\u0131 olan yarg\u0131 ba\u011f\u0131ms\u0131zl\u0131\u011f\u0131ndan ve ba\u011f\u0131ms\u0131z savunmadan yana m\u00fccadelemizi ayn\u0131 kararl\u0131l\u0131kla s\u00fcrd\u00fcrece\u011fimizi bir kere daha ifade ediyoruz. Kamuoyuna sayg\u0131yla duyurulur.\u201d<\/span> <\/p>\n<p>&nbsp;<\/p>\n","protected":false},"excerpt":{"rendered":"<p>Yalova Barosu Ba\u015fkan\u0131 Hakan Gergero\u011flu, \u201cDarbe te\u015febb\u00fcs\u00fcn\u00fcn hedefi; anayasada nitelikleri tan\u0131mlanm\u0131\u015f T\u00fcrkiye Cumhuriyeti ve \u00fcniter yap\u0131m\u0131zd\u0131r\u201d dedi. Gergero\u011flu, T\u00fcrkiye Cumhuriyeti\u2019nin<\/p>\n","protected":false},"author":1,"featured_media":5399,"comment_status":"open","ping_status":"open","sticky":false,"template":"","format":"standard","meta":[],"categories":[1],"tags":[],"_links":{"self":[{"href":"http:\/\/www.mertcanpolat.com.tr\/dev\/wp-json\/wp\/v2\/posts\/5398"}],"collection":[{"href":"http:\/\/www.mertcanpolat.com.tr\/dev\/wp-json\/wp\/v2\/posts"}],"about":[{"href":"http:\/\/www.mertcanpolat.com.tr\/dev\/wp-json\/wp\/v2\/types\/post"}],"author":[{"embeddable":true,"href":"http:\/\/www.mertcanpolat.com.tr\/dev\/wp-json\/wp\/v2\/users\/1"}],"replies":[{"embeddable":true,"href":"http:\/\/www.mertcanpolat.com.tr\/dev\/wp-json\/wp\/v2\/comments?post=5398"}],"version-history":[{"count":0,"href":"http:\/\/www.mertcanpolat.com.tr\/dev\/wp-json\/wp\/v2\/posts\/5398\/revisions"}],"wp:featuredmedia":[{"embeddable":true,"href":"http:\/\/www.mertcanpolat.com.tr\/dev\/wp-json\/wp\/v2\/media\/5399"}],"wp:attachment":[{"href":"http:\/\/www.mertcanpolat.com.tr\/dev\/wp-json\/wp\/v2\/media?parent=5398"}],"wp:term":[{"taxonomy":"category","embeddable":true,"href":"http:\/\/www.mertcanpolat.com.tr\/dev\/wp-json\/wp\/v2\/categories?post=5398"},{"taxonomy":"post_tag","embeddable":true,"href":"http:\/\/www.mertcanpolat.com.tr\/dev\/wp-json\/wp\/v2\/tags?post=5398"}],"curies":[{"name":"wp","href":"https:\/\/api.w.org\/{rel}","templated":true}]}}