{"id":5396,"date":"2016-07-23T02:09:00","date_gmt":"2016-07-23T02:09:00","guid":{"rendered":"http:\/\/www.mertcanpolat.com.tr\/dev\/index.php\/2016\/07\/23\/gurcistandan-3-lukle-donduler\/"},"modified":"2016-07-23T02:09:00","modified_gmt":"2016-07-23T02:09:00","slug":"gurcistandan-3-lukle-donduler","status":"publish","type":"post","link":"http:\/\/www.mertcanpolat.com.tr\/dev\/gurcistandan-3-lukle-donduler\/","title":{"rendered":"G\u00dcRC\u0130STAN&#39;DAN 3.&#39;L\u00dcKLE D\u00d6ND\u00dcLER"},"content":{"rendered":"<p><b>\u00c7iftlikk\u00f6y Kafkas K\u00fclt\u00fcr Derne\u011fi Eliya Dans Ekibi, G\u00fcrcistan Guria b\u00f6lgesinde d\u00fczenlenen, 7 \u00fclke 23 ekibin kat\u0131ld\u0131\u011f\u0131 folklor yar\u0131\u015fmas\u0131nda 3\u2019\u00fcnc\u00fc oldu.<\/b>   <\/p>\n<p> <span style=\"font-size:14px;\">Eliya Dans Grubu 13-18 Temmuz tarihleri aras\u0131nda d\u00fczenlenen ve 7 \u00fclkeden 23 ekibin bulundu\u011fu yar\u0131\u015fmaya kat\u0131ld\u0131. Eliya Dans Ekibi Dernek Ba\u015fkan\u0131 Murat Erdo\u011fan ve y\u00f6netim kurulu \u00fcyeleri ile birlikte 45 ki\u015filik grup G\u00fcrcistan\u2019a gitti.<\/span> <\/p>\n<p> <span style=\"font-size:14px;\">\u00c7iftlikk\u00f6y Kafkas K\u00fclt\u00fcr Derne\u011fi Ba\u015fkan\u0131 Murat Erdo\u011fan yar\u0131\u015fma \u00f6ncesinde G\u00fcrcistan\u2019da, Guria Valisi Gia Salugvadze, Guria Belediye Ba\u015fkan\u0131 Merab Hanukvadze ve Art Guria M\u00fcd\u00fcr\u00fc Nodar Gogua\u2019ya bir ziyaret ger\u00e7ekle\u015ftirdi.<\/span> <\/p>\n<p> <span style=\"font-size:14px;\">Eliya Dans Ekibi ve t\u00fcm kat\u0131l\u0131mc\u0131lar yar\u0131\u015fma \u00f6ncesinde Guria caddelerinde kortej y\u00fcr\u00fcy\u00fc\u015f\u00fc ger\u00e7ekle\u015ftirdiler. Daha sonra Eliya\u2019n\u0131n 32 ki\u015filik dans ekibi, yar\u0131\u015fmada Da\u011fl\u0131lar\u0131n Dans\u0131 ve \u0130ngu\u015f dans kareografilerini sahneledi. Ekibi haz\u0131rlayan Dans \u00d6\u011freticisi ve Karograf Murat Sadio\u011flu e\u015fli\u011finde dans\u00e7\u0131lar izleyicilerden tam not ald\u0131. Eliya ekibi yar\u0131\u015fmay\u0131 3\u2019\u00fcnc\u00fc olarak tamamlad\u0131.<img alt=\"\" src=\"http:\/\/ajansyalova.com\/Images\/Thumbs\/Editor\/5645-a.jpeg\" style=\"border-width: 2px; border-style: solid; margin: 2px; float: right; width: 750px; height: 271px;\" \/> <\/span> <\/p>\n<p> <span style=\"font-size:14px;\">Erdo\u011fan, konuyla ilgili yapt\u0131\u011f\u0131 a\u00e7\u0131klamada, \u201c\u00dclkemizde ya\u015fanan darbe giri\u015fimleri sonras\u0131 Kafkas ekibi konsantre eksikli\u011fi ya\u015fad\u0131. Buna ra\u011fmen \u00fclkemizi ve bayra\u011f\u0131m\u0131z\u0131 ba\u015far\u0131l\u0131 bir \u015fekilde temsil etmek ad\u0131na y\u00fcreklerini ortaya koyan Eliya ekibi g\u00f6sterdikleri performanslarla g\u00f6z doldurdu. Dereceye girme ba\u015far\u0131s\u0131n\u0131 g\u00f6steren Eliya ekibi oyuncular\u0131n\u0131 Dernek Ba\u015fkan\u0131 olarak can\u0131 g\u00f6n\u00fclden kutluyorum. G\u00fcrcistan\u2019daki yar\u0131\u015fmaya kat\u0131lmam\u0131zda bizlere destek veren \u00c7iftlikk\u00f6y Belediye Ba\u015fkan\u0131 Ali Murat Silpagar\u2019a, \u00d6zdilek AVM ile Yalova Group Y\u00f6netim Kurulu Ba\u015fkan\u0131 Orbay Tuna\u2019ya desteklerinden dolay\u0131 te\u015fekk\u00fcr ediyorum\u201d dedi.<\/span> <\/p>\n<p>&nbsp;<\/p>\n<p>&nbsp;<\/p>\n<p>&nbsp;<\/p>\n<p>&nbsp;<\/p>\n<p>&nbsp;<\/p>\n","protected":false},"excerpt":{"rendered":"<p>\u00c7iftlikk\u00f6y Kafkas K\u00fclt\u00fcr Derne\u011fi Eliya Dans Ekibi, G\u00fcrcistan Guria b\u00f6lgesinde d\u00fczenlenen, 7 \u00fclke 23 ekibin kat\u0131ld\u0131\u011f\u0131 folklor yar\u0131\u015fmas\u0131nda 3\u2019\u00fcnc\u00fc oldu.<\/p>\n","protected":false},"author":1,"featured_media":5397,"comment_status":"open","ping_status":"open","sticky":false,"template":"","format":"standard","meta":[],"categories":[1],"tags":[],"_links":{"self":[{"href":"http:\/\/www.mertcanpolat.com.tr\/dev\/wp-json\/wp\/v2\/posts\/5396"}],"collection":[{"href":"http:\/\/www.mertcanpolat.com.tr\/dev\/wp-json\/wp\/v2\/posts"}],"about":[{"href":"http:\/\/www.mertcanpolat.com.tr\/dev\/wp-json\/wp\/v2\/types\/post"}],"author":[{"embeddable":true,"href":"http:\/\/www.mertcanpolat.com.tr\/dev\/wp-json\/wp\/v2\/users\/1"}],"replies":[{"embeddable":true,"href":"http:\/\/www.mertcanpolat.com.tr\/dev\/wp-json\/wp\/v2\/comments?post=5396"}],"version-history":[{"count":0,"href":"http:\/\/www.mertcanpolat.com.tr\/dev\/wp-json\/wp\/v2\/posts\/5396\/revisions"}],"wp:featuredmedia":[{"embeddable":true,"href":"http:\/\/www.mertcanpolat.com.tr\/dev\/wp-json\/wp\/v2\/media\/5397"}],"wp:attachment":[{"href":"http:\/\/www.mertcanpolat.com.tr\/dev\/wp-json\/wp\/v2\/media?parent=5396"}],"wp:term":[{"taxonomy":"category","embeddable":true,"href":"http:\/\/www.mertcanpolat.com.tr\/dev\/wp-json\/wp\/v2\/categories?post=5396"},{"taxonomy":"post_tag","embeddable":true,"href":"http:\/\/www.mertcanpolat.com.tr\/dev\/wp-json\/wp\/v2\/tags?post=5396"}],"curies":[{"name":"wp","href":"https:\/\/api.w.org\/{rel}","templated":true}]}}