{"id":5388,"date":"2016-07-23T02:55:00","date_gmt":"2016-07-23T02:55:00","guid":{"rendered":"http:\/\/www.mertcanpolat.com.tr\/dev\/index.php\/2016\/07\/23\/demokrasi-birlestirdi\/"},"modified":"2016-07-23T02:55:00","modified_gmt":"2016-07-23T02:55:00","slug":"demokrasi-birlestirdi","status":"publish","type":"post","link":"http:\/\/www.mertcanpolat.com.tr\/dev\/demokrasi-birlestirdi\/","title":{"rendered":"DEMOKRAS\u0130 B\u0130RLE\u015eT\u0130RD\u0130"},"content":{"rendered":"<p><b>15 Temmuz\u2019da ger\u00e7ekle\u015fen darbe te\u015febb\u00fcs\u00fcyle ilgili 7 siyasi partinin il ba\u015fkan\u0131 ortak bas\u0131n a\u00e7\u0131klamas\u0131 ger\u00e7ekle\u015ftirdi.<\/b>   <\/p>\n<p> <span style=\"font-size:14px;\">Bas\u0131n a\u00e7\u0131klamas\u0131 \u015eaban Tem\u00fcge Turizm ve Otelcilik Meslek Lisesi Uygulama Oteli\u2019nde ger\u00e7ekle\u015ftirildi. Burada ortak bas\u0131n bildirisini Saadet Partisi \u0130l Ba\u015fkan\u0131 Celal Korkmaz okudu. Korkmaz, \u201cBizler AK Parti, Cumhuriyet Halk Partisi, Milliyet\u00e7i Hareket Partisi, B\u00fcy\u00fck Birlik Partisi, Demokrat Parti, Demokratik Sol Parti ve Saadet Partisi \u0130l ba\u015fkanlar\u0131 olarak aziz milletimizin kendisine milli iradeye, devletimize, \u00f6zellikle de millet iradesinin temsilcisi olan Gazi Meclis\u2019e y\u00f6nelik 15 Temmuz gecesi ba\u015flat\u0131lan ve 16 Temmuz sabah\u0131 etkisiz hale getirilen darbe giri\u015fimini \u015fiddetle k\u0131n\u0131yoruz\u201d dedi.<\/span> <\/p>\n<p> <span style=\"font-size:14px;\">Gerek\u00e7esi ne olursa olsun hi\u00e7bir darbe giri\u015fimini kabul etmediklerini ve kar\u015f\u0131s\u0131nda olduklar\u0131n\u0131 kaydeden Korkmaz, \u015funlar\u0131 kaydetti:<\/span> <\/p>\n<p> <span style=\"font-size:14px;\">\u201cBu milletin akl\u0131selim ve sa\u011fduyu ile \u00e7\u00f6z\u00fclemeyecek hi\u00e7 bir problemi yoktur. Milli iradenin, \u00fczerinde hi\u00e7 bir g\u00fcc\u00fc kabul etmiyoruz. Bug\u00fcne kadar bu \u00fclke, bu millet darbelerden ve d\u0131\u015f g\u00fc\u00e7lerin ma\u015fas\u0131 olan darbecilerden \u00e7ok \u00e7ekti. Bir avu\u00e7 d\u0131\u015f ba\u011flant\u0131l\u0131 vatan haininin milletin \u00f6n\u00fcn\u00fc kesme, te\u015febb\u00fcs\u00fc ba\u015far\u0131l\u0131 olmam\u0131\u015f ve olamayacakt\u0131r. Ge\u00e7mi\u015fteki b\u00fct\u00fcn darbelerin \u00fclkemiz ve milletimize hep zarar verdi\u011fi, \u00fclkemizi geri g\u00f6t\u00fcrd\u00fc\u011f\u00fc ve \u00fclkemizin tarihine ve halk\u0131m\u0131z\u0131n haf\u0131zas\u0131na kara birer leke olarak kald\u0131\u011f\u0131 herkes\u00e7e kabul edilen bir ger\u00e7ektir. Halk\u0131n iradesiyle se\u00e7ilmi\u015f olan siyasi partiler ve iktidar, kim ve hangi g\u00f6r\u00fc\u015fte olursa olsun ancak yine halk\u0131n iradesi taraf\u0131ndan de\u011fi\u015ftirilebilir. Darbelerle bunun de\u011fi\u015ftirilmesi te\u015febb\u00fcs\u00fcne \u015fiddetle kar\u015f\u0131y\u0131z. Me\u015fru iktidar\u0131n, siyasi partilerin ve milletimizin yan\u0131nday\u0131z. Demokratik \u00fclkelerde darbelere m\u00fcsaade edilemeyece\u011fi gibi, paralel devlet yap\u0131lanmalar\u0131na da izin verilmez. Genel Kurmay Ba\u015fkanl\u0131\u011f\u0131\u2019n\u0131n gayet hakl\u0131 olarak belirtti\u011fi gibi; \u2018Her ne kadar bu darbe giri\u015fimi T\u00fcrk Silahl\u0131 Kuvvetleri b\u00fcnyesinde ba\u015flat\u0131lm\u0131\u015f olsa da, bunu yapmaya kalk\u0131\u015fan hainlerin, halk\u0131m\u0131z\u0131n Peygamber oca\u011f\u0131 olarak adland\u0131rd\u0131\u011f\u0131 T\u00fcrk Silahl\u0131 Kuvvetlerinin, vatan\u0131n\u0131, milletini, bayra\u011f\u0131n\u0131 seven ezici \u00e7o\u011funluktaki mensuplar\u0131yla kesinlikle hi\u00e7bir alakas\u0131 yoktur.\u2019 Bu rezaleti, T\u00fcrkiye Cumhuriyeti Devletine, mazisi \u015fan ve \u015ferefle dolu olan T\u00fcrk Silahl\u0131 Kuvvetlerine ve asil milletimize ya\u015fatan hainler hi\u00e7 \u015f\u00fcphesiz ki en a\u011f\u0131r bi\u00e7imde cezaland\u0131r\u0131lmal\u0131d\u0131r. \u00c7\u00fcnk\u00fc demokratik bir \u00fclkede askeri darbelere asla m\u00fcsaade edilemeyece\u011fi gibi yine \u00fclkemizde de paralel bir devlet yap\u0131lanmas\u0131na da asla ve asla m\u00fcsaade edilemez. Bu bak\u0131m\u0131ndan aziz milletimiz 15 Temmuz gecesi, kendine yak\u0131\u015f\u0131r bir asalet ve olgunlukla g\u00f6z\u00fc d\u00f6nm\u00fc\u015f darbecilere kar\u015f\u0131 koyarak, tarihi bir destan yazm\u0131\u015ft\u0131r.\u201d<\/span> <\/p>\n<p> <span style=\"font-size:14px;\">Korkmaz, T\u00fcrkiye Cumhuriyeti\u2019nin alt\u0131n tabak i\u00e7inde sunulmad\u0131\u011f\u0131n\u0131, ac\u0131, kan ve g\u00f6zya\u015f\u0131yla kuruldu\u011funu belirterek \u015f\u00f6yle konu\u015ftu:<\/span> <\/p>\n<p> <span style=\"font-size:14px;\">\u201cMazlum milletlere \u00f6rnek bir devlet olduk. Cumhuriyeti demokrasiyle ta\u00e7land\u0131rmak bizlerin vazifesidir.<\/span> <\/p>\n<p> <span style=\"font-size:14px;\">\u015eimdi ! metanetimizi, s\u00fck\u00fbnetimizi, sa\u011f duyumuzu koruyarak kararl\u0131l\u0131\u011f\u0131m\u0131zdan hi\u00e7bir \u015fey yitirmeden bu meseleyi k\u00f6k\u00fcnden halletmek i\u00e7in \u00e7al\u0131\u015fma, birlik-beraberlik ve yaralar\u0131 sarma zaman\u0131d\u0131r. \u0130htilallar, muht\u0131ralar, cunta devirleri tarihin \u00e7\u00f6pl\u00fc\u011f\u00fcne \u00e7oktan at\u0131lm\u0131\u015ft\u0131r. T\u00fcrkiye\u2019nin gelece\u011fi hukuk ve demokrasidir. Hi\u00e7bir \u00e7ete, hi\u00e7bir paralel yap\u0131, hi\u00e7bir ter\u00f6r \u00f6rg\u00fct\u00fc bu zemini \u00e7atlatamayacak. Bunlar\u0131n sonu her daim h\u00fcsran olacakt\u0131r. D\u00fcnya g\u00f6r\u00fc\u015f\u00fcn\u00fcz neyi i\u015faret ederse etsin hepimiz T\u00fcrkiye&#8217;nin mensubuyuz. Hepimiz cennet vatan\u0131n par\u00e7as\u0131y\u0131z. Ba\u015fka bir T\u00fcrkiye yok. Ba\u015fka vatan co\u011frafyas\u0131 da yok. Ne yapacaksa demokrasiye ba\u011fl\u0131 kalarak yapacak ve ba\u015faraca\u011f\u0131z. \u00dclkemize kast edenlerden hesap sormak, bunlar\u0131n yapt\u0131klar\u0131n\u0131 burnundan getirmek hepimizin namus borcudur. Darbe kar\u015f\u0131s\u0131nda d\u00fcnyaya \u00f6rnek olacak bir duru\u015f sergileyen bas\u0131n yay\u0131n organlar\u0131na \u00f6zellikle te\u015fekk\u00fcr ediyoruz. STK&#8217;lar\u0131m\u0131za, sabaha kadar kesintisiz ezan ve sela okuyan imamlar\u0131m\u0131za, seccadelerinin ba\u015f\u0131nda dua eden karde\u015flerimize te\u015fekk\u00fcr ediyoruz. D\u00fcnyan\u0131n her yerinde soka\u011fa \u00e7\u0131kan vatanda\u015flar\u0131m\u0131za, dost ve karde\u015f \u00fclkelere te\u015fekk\u00fcr ediyoruz. Masum vatanda\u015flar\u0131m\u0131za kur\u015fun s\u0131kan, bombalayan 240 ki\u015finin \u00f6l\u00fcm\u00fcne neden olan darbecileri \u015fiddetle k\u0131n\u0131yoruz. Hayat\u0131n\u0131 kaybeden \u015fehitlerimize Allah&#8217;tan rahmet ailelerine ba\u015f sa\u011fl\u0131\u011f\u0131, yaral\u0131 vatanda\u015flar\u0131m\u0131za da acil \u015fifalar diliyoruz. Bug\u00fcnler de ge\u00e7ecektir. T\u00fcm T\u00fcrkiye\u2019ye ge\u00e7mi\u015f olsun.15 Temmuz gecesi ya\u015fananlar\u0131n bir daha ya\u015fanmamas\u0131n\u0131 temenni ediyoruz. T\u00fcm siyasi partilerimize, say\u0131n il ba\u015fkanlar\u0131m\u0131z\u0131n \u015fahs\u0131nda, t\u00fcm halk\u0131m\u0131za, her ilde meydanlar\u0131 dolduran ve demokrasi n\u00f6beti tutan t\u00fcm vatanda\u015flar\u0131m\u0131za te\u015fekk\u00fcrlerimizi sunuyoruz.\u201d<\/span> <\/p>\n<p> <strong> <span style=\"font-size:14px;\">Herkes Meydanlardayd\u0131<\/span> <\/strong> <\/p>\n<p> <span style=\"font-size:14px;\">Ard\u0131ndan parti il ba\u015fkanlar\u0131 tek tek konu\u015fma yapt\u0131. \u0130lk olarak s\u00f6z alan AK Parti \u0130l Ba\u015fkan\u0131 Yusuf \u00d6ztabak, \u201cB\u00fct\u00fcn il ba\u015fkanlar\u0131m\u0131za te\u015fekk\u00fcr ediyorum. B\u00fct\u00fcn siyasi partilerin mensuplar\u0131na te\u015fekk\u00fcrler ediyorum. 15 Temmuz\u2019da ger\u00e7ekle\u015ftirilmek istenen darbe giri\u015fimini milletimiz geri p\u00fcsk\u00fcrtm\u00fc\u015ft\u00fcr. Hi\u00e7 kimse siyasi partisini temsilen meydanlara, hava limanlar\u0131na, tanklar\u0131n \u00f6n\u00fcne gitmemi\u015ftir\u201d diye konu\u015ftu.<\/span> <\/p>\n<p> <strong> <span style=\"font-size:14px;\">\u015eiddetle K\u0131n\u0131yoruz<\/span> <\/strong> <\/p>\n<p> <span style=\"font-size:14px;\">CHP \u0130l Ba\u015fkan\u0131 \u00d6zcan \u00d6zel, \u201cNe yaz\u0131k ki biz ilgin\u00e7 bir nesiliz. Bir \u00e7ok neslin ya\u015famad\u0131\u011f\u0131n\u0131 ya\u015f\u0131yoruz. \u0130n\u015fallah bundan sonra k\u00f6t\u00fc \u015feyler ya\u015famay\u0131z. Biz CHP olarak, di\u011fer partiler gibi her t\u00fcrl\u00fc darbe giri\u015fimine kar\u015f\u0131y\u0131z. 15 Temmuz ak\u015fam\u0131 ya\u015fanan darbe giri\u015fimini \u015fiddetle k\u0131n\u0131yoruz. Darbenin \u00f6nlenmesini b\u00fcy\u00fck bir mutlulukla kar\u015f\u0131l\u0131yoruz\u201d dedi.<\/span> <\/p>\n<p> <strong> <span style=\"font-size:14px;\">\u0130\u00e7 Sava\u015f \u00c7\u0131karmak \u0130stediler<\/span> <\/strong> <\/p>\n<p> <span style=\"font-size:14px;\">MHP \u0130l Ba\u015fkan\u0131 Hasan Top\u00e7ular, \u201c\u015e\u00fck\u00fcrler olsun ki bug\u00fcn bu salonday\u0131z. 15 Temmuz ak\u015fam\u0131 T\u00fcrkiye\u2019miz \u00e7ok stresli bir durumla kar\u015f\u0131 kar\u015f\u0131ya kald\u0131. \u0130n\u015fallah y\u00fcce Allah T\u00fcrk milletine bir daha b\u00f6yle bir \u015feyi ya\u015fatmaz. \u00c7ok ciddi bir s\u0131nav verdik. Bu s\u00fcre\u00e7te TBMM bombaland\u0131. Polislerimiz \u015fehit edildi. T\u00fcrkiye\u2019de bir i\u00e7 sava\u015f \u00e7\u0131karmak istediler. \u0130n\u015fallah bundan sonra da bu emellerine ula\u015famayacaklar.\u201d<\/span> <\/p>\n<p> <strong> <span style=\"font-size:14px;\">Biriz Beraberiz<\/span> <\/strong> <\/p>\n<p> <span style=\"font-size:14px;\">BBP \u0130l Ba\u015fkan\u0131 Talip Bayburtlu, \u201cBizim darbeciler, cuntac\u0131lara tavr\u0131m\u0131z her zaman nettir. Bu ya\u015fanlardan herkesin gerekli dersler alaca\u011f\u0131n\u0131, buna g\u00f6re hareket edece\u011fine eminiz. Milletimizin birlik ve beraberli\u011fe ihtiyac\u0131 oldu\u011fu bug\u00fcnlerde cenab\u0131 Allah\u2019tan \u00fclkemizi selamete kovu\u015fturmas\u0131n\u0131 istiyoruz. Biz biriz, beraberiz.\u201d<\/span> <\/p>\n<p> <span style=\"font-size:14px;\"> <strong>Utan\u00e7 Duydum<\/strong> <\/span> <\/p>\n<p> <span style=\"font-size:14px;\">DSP \u0130l Ba\u015fkan\u0131 Cemal Bayram, \u201cDSP olarak bu kalk\u0131\u015fmalara kar\u015f\u0131 \u00e7ok b\u00fcy\u00fck m\u00fccadeleler verdik. Bu as\u0131rda b\u00f6yle bir \u015feyin ya\u015fanmas\u0131ndan ben utan\u00e7 duyuyorum. Halk\u0131m\u0131z\u0131 temsil eden siyasi partilerimiz vard\u0131r. Siyasi partiler halka hizmet i\u00e7in vard\u0131r. Bunu bir daha ya\u015famamay\u0131 istiyorum. B\u00f6yle bir giri\u015fimi, b\u00f6yle bir hareketi kabul etmemiz m\u00fcmk\u00fcn de\u011fildir.\u201d<\/span> <\/p>\n<p> <span style=\"font-size:14px;\"> <strong>Kabul Edilemez<\/strong> <\/span> <\/p>\n<p> <span style=\"font-size:14px;\">DP \u0130l Ba\u015fkan\u0131 Muharrem Er ise darbelerden \u00e7ok \u00e7ekmi\u015f bir siyasi partinin temsilcisi oldu\u011funu hat\u0131rlatarak, \u201c1960, 1970, 1980 darbelerinden bir siyasi partinin temsilcisi olarak sizlerle birlikte burada olmaktan memnuniyet duyuyorum. Darbe giri\u015fimini kabul etmek m\u00fcmk\u00fcn de\u011fil\u201d dedi.<\/span> <\/p>\n","protected":false},"excerpt":{"rendered":"<p>15 Temmuz\u2019da ger\u00e7ekle\u015fen darbe te\u015febb\u00fcs\u00fcyle ilgili 7 siyasi partinin il ba\u015fkan\u0131 ortak bas\u0131n a\u00e7\u0131klamas\u0131 ger\u00e7ekle\u015ftirdi. Bas\u0131n a\u00e7\u0131klamas\u0131 \u015eaban Tem\u00fcge Turizm<\/p>\n","protected":false},"author":1,"featured_media":5389,"comment_status":"open","ping_status":"open","sticky":false,"template":"","format":"standard","meta":[],"categories":[1],"tags":[],"_links":{"self":[{"href":"http:\/\/www.mertcanpolat.com.tr\/dev\/wp-json\/wp\/v2\/posts\/5388"}],"collection":[{"href":"http:\/\/www.mertcanpolat.com.tr\/dev\/wp-json\/wp\/v2\/posts"}],"about":[{"href":"http:\/\/www.mertcanpolat.com.tr\/dev\/wp-json\/wp\/v2\/types\/post"}],"author":[{"embeddable":true,"href":"http:\/\/www.mertcanpolat.com.tr\/dev\/wp-json\/wp\/v2\/users\/1"}],"replies":[{"embeddable":true,"href":"http:\/\/www.mertcanpolat.com.tr\/dev\/wp-json\/wp\/v2\/comments?post=5388"}],"version-history":[{"count":0,"href":"http:\/\/www.mertcanpolat.com.tr\/dev\/wp-json\/wp\/v2\/posts\/5388\/revisions"}],"wp:featuredmedia":[{"embeddable":true,"href":"http:\/\/www.mertcanpolat.com.tr\/dev\/wp-json\/wp\/v2\/media\/5389"}],"wp:attachment":[{"href":"http:\/\/www.mertcanpolat.com.tr\/dev\/wp-json\/wp\/v2\/media?parent=5388"}],"wp:term":[{"taxonomy":"category","embeddable":true,"href":"http:\/\/www.mertcanpolat.com.tr\/dev\/wp-json\/wp\/v2\/categories?post=5388"},{"taxonomy":"post_tag","embeddable":true,"href":"http:\/\/www.mertcanpolat.com.tr\/dev\/wp-json\/wp\/v2\/tags?post=5388"}],"curies":[{"name":"wp","href":"https:\/\/api.w.org\/{rel}","templated":true}]}}