{"id":5386,"date":"2016-08-08T16:44:00","date_gmt":"2016-08-08T16:44:00","guid":{"rendered":"http:\/\/www.mertcanpolat.com.tr\/dev\/index.php\/2016\/08\/08\/erdogana-beste-yapti\/"},"modified":"2016-08-08T16:44:00","modified_gmt":"2016-08-08T16:44:00","slug":"erdogana-beste-yapti","status":"publish","type":"post","link":"http:\/\/www.mertcanpolat.com.tr\/dev\/erdogana-beste-yapti\/","title":{"rendered":"ERDO\u011eAN&#39;A BESTE YAPTI"},"content":{"rendered":"<p><b>Yalova&#39;da gen\u00e7 sanat\u00e7\u0131 Arif Altunkaya, Cumhurba\u015fkan\u0131 Recep Tayyip Erdo\u011fan&#39;a destek vermek ve sevgisini g\u00f6stermek i\u00e7in mar\u015f besteledi. <\/b>   <\/p>\n<p> <span style=\"font-size:14px;\">Hali\u00e7 \u00dcniversitesi Konservatuvar\u0131ndan mezunu olan ve baz\u0131 sanat\u00e7\u0131lara besteler yapan 28 ya\u015f\u0131ndaki Arif Altunkaya, yapt\u0131\u011f\u0131 a\u00e7\u0131klamada, k\u00fc\u00e7\u00fckl\u00fc\u011f\u00fcnden beri m\u00fczi\u011fe ilgi duydu\u011funu belirtti. Bu ilgi dolay\u0131s\u0131yla isteyerek ba\u015flad\u0131\u011f\u0131 Hali\u00e7 \u00dcniversitesi Konservatuvar\u0131ndan mezun oldu\u011funu dile getiren Altunkaya, s\u00fcrekli m\u00fczi\u011fin i\u00e7inde olmaktan mutluluk duydu\u011funu anlatt\u0131. <\/span> <\/p>\n<p> <span style=\"font-size:14px;\">Altunkaya, Erdo\u011fan&#8217;a olan sevgisini g\u00f6stermek ve destek vermek amac\u0131yla mar\u015f besteledi\u011fine de\u011finerek, \u015f\u00f6yle konu\u015ftu:&nbsp;<br \/> \u201cDedim ki, bu insan yaln\u0131z kalmamal\u0131. Bu insan size ne yapt\u0131 da bunu kendisine yapt\u0131n\u0131z. Niye b\u00f6yle \u015feyler Cumhurba\u015fkan\u0131m\u0131z\u0131n ba\u015f\u0131na geldi diye s\u00fcrekli kendi kendime sorular sordum. Orada g\u00f6rd\u00fcm ki, b\u00fct\u00fcn d\u00fcnya onun \u00fczerine gidiyordu. Bir gen\u00e7 olarak bu bana ilgin\u00e7 geldi ve dikkatimi \u00e7ekti. Eski zamanlarda b\u00fcy\u00fcklerimiz hep anlat\u0131rd\u0131, darbe d\u00f6nemlerini, o kuyruklar\u0131, hastanelerdeki eziyetleri&#8230; Biz hep bunlar\u0131 duya duya b\u00fcy\u00fcd\u00fck. Allah korusun bu t\u00fcr \u015feyler ba\u015f\u0131m\u0131za tekrar gelmesin diye hep dua eder ve d\u00fc\u015f\u00fcn\u00fcr\u00fcz bunlar\u0131. Ben nas\u0131l Cumhurba\u015fkan\u0131na destek verebilirim? Benim elimden gelen yapabilece\u011fim en iyi \u015fey \u015fark\u0131 s\u00f6ylemek beste yapmak.\u201d<\/span> <\/p>\n<p> <span style=\"font-size:14px;\"> <strong>Huzurunda S\u00f6ylemek \u0130stiyor<\/strong> <br \/> M\u00fczi\u011fi besteledikten sonra s\u00f6zlerini yazd\u0131\u011f\u0131n\u0131 kaydeden Altunkaya, &#8220;Tamamen samimi, kalbi duygularla hi\u00e7bir beklenti g\u00f6zetmeksizin, onu yaln\u0131z b\u0131rakmamak i\u00e7in, onu sevdi\u011fimi belirtmek i\u00e7in, ben ve ailemin Reis&#8217;e olan sevgimizi dile getirmek istedim&#8221; dedi.&nbsp;<br \/> Altunkaya, Cumhurba\u015fkan\u0131 Erdo\u011fan&#8217;\u0131n huzurunda besteledi\u011fi mar\u015f\u0131 seslendirmeyi arzu etti\u011fini belirterek, &#8220;Bana en b\u00fcy\u00fck arma\u011fan olacak \u015fey bu yazd\u0131\u011f\u0131m mar\u015f\u0131 kendisinin huzurunda, kar\u015f\u0131s\u0131nda s\u00f6ylemek. \u0130n\u015fallah b\u00f6yle bir \u015fey nasip olur&#8221; diye konu\u015ftu.&nbsp;<br \/> Mar\u015f\u0131n s\u00f6zleri \u015f\u00f6yle:&nbsp;<br \/> Y\u00fczy\u0131l\u0131nda \u015faha kalkt\u0131 \u015fanl\u0131 devleti&nbsp;<br \/> Fethetti halk\u0131n\u0131n kalbini&nbsp;<br \/> Ba\u015fkumandan\u0131m y\u00fcce milletinin lideri&nbsp;<br \/> Kimse g\u00f6rmedi bu h\u00fcrmeti&nbsp;<br \/> Darbelere zul\u00fcmlere boyun e\u011fmedi&nbsp;<br \/> Haks\u0131zl\u0131\u011fa izin vermedi&nbsp;<br \/> Tam icraat hep icraat verdi ger\u00e7ek hizmeti&nbsp;<br \/> Savundu milli iradeyi&nbsp;<br \/> B\u00fcy\u00fck Usta Erdo\u011fan&nbsp;<br \/> \u00dclkesine arma\u011fan&nbsp;<br \/> Milletine oldu kahraman&nbsp;<br \/> Recep Tayyip Erdo\u011fan<\/span> <\/p>\n<p>&nbsp;<\/p>\n","protected":false},"excerpt":{"rendered":"<p>Yalova&#39;da gen\u00e7 sanat\u00e7\u0131 Arif Altunkaya, Cumhurba\u015fkan\u0131 Recep Tayyip Erdo\u011fan&#39;a destek vermek ve sevgisini g\u00f6stermek i\u00e7in mar\u015f besteledi. Hali\u00e7 \u00dcniversitesi Konservatuvar\u0131ndan<\/p>\n","protected":false},"author":1,"featured_media":5387,"comment_status":"open","ping_status":"open","sticky":false,"template":"","format":"standard","meta":[],"categories":[1],"tags":[],"_links":{"self":[{"href":"http:\/\/www.mertcanpolat.com.tr\/dev\/wp-json\/wp\/v2\/posts\/5386"}],"collection":[{"href":"http:\/\/www.mertcanpolat.com.tr\/dev\/wp-json\/wp\/v2\/posts"}],"about":[{"href":"http:\/\/www.mertcanpolat.com.tr\/dev\/wp-json\/wp\/v2\/types\/post"}],"author":[{"embeddable":true,"href":"http:\/\/www.mertcanpolat.com.tr\/dev\/wp-json\/wp\/v2\/users\/1"}],"replies":[{"embeddable":true,"href":"http:\/\/www.mertcanpolat.com.tr\/dev\/wp-json\/wp\/v2\/comments?post=5386"}],"version-history":[{"count":0,"href":"http:\/\/www.mertcanpolat.com.tr\/dev\/wp-json\/wp\/v2\/posts\/5386\/revisions"}],"wp:featuredmedia":[{"embeddable":true,"href":"http:\/\/www.mertcanpolat.com.tr\/dev\/wp-json\/wp\/v2\/media\/5387"}],"wp:attachment":[{"href":"http:\/\/www.mertcanpolat.com.tr\/dev\/wp-json\/wp\/v2\/media?parent=5386"}],"wp:term":[{"taxonomy":"category","embeddable":true,"href":"http:\/\/www.mertcanpolat.com.tr\/dev\/wp-json\/wp\/v2\/categories?post=5386"},{"taxonomy":"post_tag","embeddable":true,"href":"http:\/\/www.mertcanpolat.com.tr\/dev\/wp-json\/wp\/v2\/tags?post=5386"}],"curies":[{"name":"wp","href":"https:\/\/api.w.org\/{rel}","templated":true}]}}