{"id":5382,"date":"2016-08-13T01:36:00","date_gmt":"2016-08-13T01:36:00","guid":{"rendered":"http:\/\/www.mertcanpolat.com.tr\/dev\/index.php\/2016\/08\/13\/kuvvetli-yagisa-hazir-olun\/"},"modified":"2016-08-13T01:36:00","modified_gmt":"2016-08-13T01:36:00","slug":"kuvvetli-yagisa-hazir-olun","status":"publish","type":"post","link":"http:\/\/www.mertcanpolat.com.tr\/dev\/kuvvetli-yagisa-hazir-olun\/","title":{"rendered":"KUVVETL\u0130 YA\u011eI\u015eA HAZIR OLUN"},"content":{"rendered":"<p><b>Meteoroloji\u2019den yap\u0131lan a\u00e7\u0131klamada, Yalova i\u00e7in bug\u00fcn kuvvetli ya\u011f\u0131\u015f beklendi\u011fi bildirildi. Ya\u011f\u0131\u015f\u0131n ard\u0131ndan bir sonraki hafta ise g\u00fcne\u015f yine y\u00fcz\u00fcn\u00fc g\u00f6sterecek ve s\u0131cakl\u0131klar yine 31 dereceye kadar \u00e7\u0131kacak<\/b>   <\/p>\n<p> <span style=\"font-size:14px;\">Meteoroloji Genel M\u00fcd\u00fcrl\u00fc\u011f\u00fc\u2019nden yap\u0131lan a\u00e7\u0131klamada yurdun bat\u0131 kesimlerinde ya\u011f\u0131\u015f beklendi\u011fi kaydedildi. Hava s\u0131cakl\u0131klar\u0131n\u0131n ise 21 ile 24 derece aras\u0131nda olmas\u0131n\u0131n tahmin edildi\u011fi bildirildi.<\/span> <\/p>\n<p> <span style=\"font-size:14px;\">Bu haftan\u0131n hava s\u0131cakl\u0131k tahminleri hakk\u0131nda bilgilendirmede bulunan Yalova Meteoroloji M\u00fcd\u00fcrl\u00fc\u011f\u00fc ise Yaloval\u0131lardan beklenen ya\u011f\u0131\u015fa haz\u0131rl\u0131kl\u0131 olmalar\u0131n\u0131 istendi. Nem ortalamas\u0131 y\u00fcksek olan Yalova\u2019da bug\u00fcn kuvvetli ya\u011f\u0131\u015f bekleniyor. Pazar g\u00fcn\u00fc ise par\u00e7al\u0131 bulutlu olmas\u0131 beklentisiyle s\u0131cakl\u0131klar 20-25 derece aras\u0131nda seyredecek. \u00d6n\u00fcm\u00fczdeki hafta i\u00e7i ise g\u00fcne\u015f yine y\u00fcz\u00fcn\u00fc g\u00f6sterecek. Pazartesi en y\u00fcksek s\u0131cakl\u0131k 28, Sal\u0131 30, \u00c7ar\u015famba g\u00fcn\u00fc de 31 dereceye kadar \u00e7\u0131kacak.<\/span> <\/p>\n","protected":false},"excerpt":{"rendered":"<p>Meteoroloji\u2019den yap\u0131lan a\u00e7\u0131klamada, Yalova i\u00e7in bug\u00fcn kuvvetli ya\u011f\u0131\u015f beklendi\u011fi bildirildi. Ya\u011f\u0131\u015f\u0131n ard\u0131ndan bir sonraki hafta ise g\u00fcne\u015f yine y\u00fcz\u00fcn\u00fc g\u00f6sterecek<\/p>\n","protected":false},"author":1,"featured_media":5383,"comment_status":"open","ping_status":"open","sticky":false,"template":"","format":"standard","meta":[],"categories":[1],"tags":[],"_links":{"self":[{"href":"http:\/\/www.mertcanpolat.com.tr\/dev\/wp-json\/wp\/v2\/posts\/5382"}],"collection":[{"href":"http:\/\/www.mertcanpolat.com.tr\/dev\/wp-json\/wp\/v2\/posts"}],"about":[{"href":"http:\/\/www.mertcanpolat.com.tr\/dev\/wp-json\/wp\/v2\/types\/post"}],"author":[{"embeddable":true,"href":"http:\/\/www.mertcanpolat.com.tr\/dev\/wp-json\/wp\/v2\/users\/1"}],"replies":[{"embeddable":true,"href":"http:\/\/www.mertcanpolat.com.tr\/dev\/wp-json\/wp\/v2\/comments?post=5382"}],"version-history":[{"count":0,"href":"http:\/\/www.mertcanpolat.com.tr\/dev\/wp-json\/wp\/v2\/posts\/5382\/revisions"}],"wp:featuredmedia":[{"embeddable":true,"href":"http:\/\/www.mertcanpolat.com.tr\/dev\/wp-json\/wp\/v2\/media\/5383"}],"wp:attachment":[{"href":"http:\/\/www.mertcanpolat.com.tr\/dev\/wp-json\/wp\/v2\/media?parent=5382"}],"wp:term":[{"taxonomy":"category","embeddable":true,"href":"http:\/\/www.mertcanpolat.com.tr\/dev\/wp-json\/wp\/v2\/categories?post=5382"},{"taxonomy":"post_tag","embeddable":true,"href":"http:\/\/www.mertcanpolat.com.tr\/dev\/wp-json\/wp\/v2\/tags?post=5382"}],"curies":[{"name":"wp","href":"https:\/\/api.w.org\/{rel}","templated":true}]}}