{"id":5376,"date":"2016-08-13T03:09:00","date_gmt":"2016-08-13T03:09:00","guid":{"rendered":"http:\/\/www.mertcanpolat.com.tr\/dev\/index.php\/2016\/08\/13\/demirel-yatirimlar-surecek\/"},"modified":"2016-08-13T03:09:00","modified_gmt":"2016-08-13T03:09:00","slug":"demirel-yatirimlar-surecek","status":"publish","type":"post","link":"http:\/\/www.mertcanpolat.com.tr\/dev\/demirel-yatirimlar-surecek\/","title":{"rendered":"DEM\u0130REL: YATIRIMLAR S\u00dcRECEK"},"content":{"rendered":"<p><b>AK Parti Yalova Milletvekili Fikri Demirel, kentte planlanan 400 yatakl\u0131 hastaneyle ilgili, \u201cYeni Bakan\u0131m\u0131z Recep Akda\u011f ile de g\u00f6r\u00fc\u015ft\u00fcm. \u0130n\u015fallah bir aksilik olmazsa 2017\u2019de yat\u0131r\u0131m program\u0131na al\u0131p temelini atmay\u0131 d\u00fc\u015f\u00fcn\u00fcyoruz\u201d dedi.<\/b>   <\/p>\n<p> <span style=\"font-size:14px;\">Demirel, gazetecilere yapt\u0131\u011f\u0131 a\u00e7\u0131klamada, Yalova\u2019da yat\u0131r\u0131mlar\u0131n kald\u0131\u011f\u0131 yerden devam edece\u011fini s\u00f6yledi. Demirel, T\u00fcrkiye\u2019nin ekonomik yap\u0131s\u0131n\u0131n g\u00fc\u00e7l\u00fc oldu\u011funu belirterek, \u201cBak\u0131n hayat devam ediyor. Darbe ger\u00e7ekle\u015fseydi, i\u015fgal ger\u00e7ekle\u015fseydi belki \u00fclkemiz bug\u00fcn bir i\u00e7 sava\u015f\u0131n i\u00e7erisinde olacakt\u0131. Bug\u00fcn zaten bunlar\u0131 konu\u015fma \u015fans\u0131m\u0131z bile olmayacakt\u0131. Nerede olurduk onu Allah\u2019tan ba\u015fka hi\u00e7 kimse bilemez. Hayat devam ediyor. Ayn\u0131 \u015fekilde h\u00fck\u00fcmetimiz ciddi anlamda hem esnaf\u0131m\u0131z\u0131, \u00e7ift\u00e7imizi, k\u00f6yl\u00fcm\u00fcz\u00fc b\u00fct\u00fcn katmanlara tedbirlerimizi al\u0131yoruz. Ge\u00e7en hafta \u00e7ift\u00e7iler, esnaf kefalet \u00fcyeleriyle ilgili, bor\u00e7 yap\u0131land\u0131rmalar\u0131yla ilgili daha evvel SGK, vergi bor\u00e7lar\u0131yla ilgili kanunlar\u0131 \u00e7\u0131kard\u0131k. Piyasalar rahat. Sizler de takip ediyorsunuz. Borsa y\u00fckseli\u015fte, d\u00f6viz d\u00fc\u015f\u00fcyor. Bu demektir ki T\u00fcrkiye\u2019de sa\u011flam bir ekonomik yap\u0131 var. Hi\u00e7bir hareket bu ekonomiyi bozam\u0131yor. Bu \u00e7ok \u00f6nemli. \u00c7\u00fcnk\u00fc ekonomi bozuldu\u011fu zaman b\u00fct\u00fcn di\u015fliler bozulmaya ba\u015fl\u0131yor. Sa\u011flam bir ekonomik yap\u0131m\u0131z var. Bu ekonomik yap\u0131da h\u00fck\u00fcmetimiz, bakanlar\u0131m\u0131z g\u00f6revlerine devam ediyor\u201d diye konu\u015ftu.<\/span> <\/p>\n<p> <span style=\"font-size:14px;\">Kentteki projelerin devam edece\u011fini belirten Demirel, \u201cBelki \u00e7ok k\u0131sa vadeli \u00f6telemeler olmu\u015f olabilir ama hi\u00e7birisi durmayacak. Hepsi planland\u0131\u011f\u0131 \u015fekilde yap\u0131lacak. \u0130nsanlar rahat olsun. Belki \u00fczerine katarak T\u00fcrkiye\u2019nin, Yalova\u2019n\u0131n geli\u015fmesi devam edecektir. Kimsenin bunu durdurmaya g\u00fcc\u00fc yetmeyecek\u201d ifadesini kulland\u0131.<\/span> <\/p>\n<p> <span style=\"font-size:14px;\">Sa\u011fl\u0131k Bakanl\u0131\u011f\u0131 taraf\u0131ndan Yalova\u2019da planlanan hastaneyle ilgili de son gelinen durum hakk\u0131nda bilgi veren Demirel, \u015funlar\u0131 kaydetti:<\/span> <\/p>\n<p> <span style=\"font-size:14px;\">\u201cDevlet hastanesiyle ilgili bir \u00f6nceki bakan\u0131m\u0131zla g\u00f6r\u00fc\u015fmemizde 2016 y\u0131l\u0131 program\u0131na alamama durumu s\u00f6z konusuydu. Yeni Bakan\u0131m\u0131z Recep Akda\u011f ile de g\u00f6r\u00fc\u015ft\u00fcm. \u0130n\u015fallah bir aksilik olmazsa 2017\u2019de yat\u0131r\u0131m program\u0131na al\u0131p temelini atmay\u0131 d\u00fc\u015f\u00fcn\u00fcyoruz.\u201d<\/span> <\/p>\n<p>&nbsp;<\/p>\n","protected":false},"excerpt":{"rendered":"<p>AK Parti Yalova Milletvekili Fikri Demirel, kentte planlanan 400 yatakl\u0131 hastaneyle ilgili, \u201cYeni Bakan\u0131m\u0131z Recep Akda\u011f ile de g\u00f6r\u00fc\u015ft\u00fcm. \u0130n\u015fallah<\/p>\n","protected":false},"author":1,"featured_media":5377,"comment_status":"open","ping_status":"open","sticky":false,"template":"","format":"standard","meta":[],"categories":[1],"tags":[],"_links":{"self":[{"href":"http:\/\/www.mertcanpolat.com.tr\/dev\/wp-json\/wp\/v2\/posts\/5376"}],"collection":[{"href":"http:\/\/www.mertcanpolat.com.tr\/dev\/wp-json\/wp\/v2\/posts"}],"about":[{"href":"http:\/\/www.mertcanpolat.com.tr\/dev\/wp-json\/wp\/v2\/types\/post"}],"author":[{"embeddable":true,"href":"http:\/\/www.mertcanpolat.com.tr\/dev\/wp-json\/wp\/v2\/users\/1"}],"replies":[{"embeddable":true,"href":"http:\/\/www.mertcanpolat.com.tr\/dev\/wp-json\/wp\/v2\/comments?post=5376"}],"version-history":[{"count":0,"href":"http:\/\/www.mertcanpolat.com.tr\/dev\/wp-json\/wp\/v2\/posts\/5376\/revisions"}],"wp:featuredmedia":[{"embeddable":true,"href":"http:\/\/www.mertcanpolat.com.tr\/dev\/wp-json\/wp\/v2\/media\/5377"}],"wp:attachment":[{"href":"http:\/\/www.mertcanpolat.com.tr\/dev\/wp-json\/wp\/v2\/media?parent=5376"}],"wp:term":[{"taxonomy":"category","embeddable":true,"href":"http:\/\/www.mertcanpolat.com.tr\/dev\/wp-json\/wp\/v2\/categories?post=5376"},{"taxonomy":"post_tag","embeddable":true,"href":"http:\/\/www.mertcanpolat.com.tr\/dev\/wp-json\/wp\/v2\/tags?post=5376"}],"curies":[{"name":"wp","href":"https:\/\/api.w.org\/{rel}","templated":true}]}}