{"id":5368,"date":"2016-08-15T15:23:00","date_gmt":"2016-08-15T15:23:00","guid":{"rendered":"http:\/\/www.mertcanpolat.com.tr\/dev\/index.php\/2016\/08\/15\/yalovaspor-calismalarini-surduruyor\/"},"modified":"2016-08-15T15:23:00","modified_gmt":"2016-08-15T15:23:00","slug":"yalovaspor-calismalarini-surduruyor","status":"publish","type":"post","link":"http:\/\/www.mertcanpolat.com.tr\/dev\/yalovaspor-calismalarini-surduruyor\/","title":{"rendered":"YALOVASPOR, \u00c7ALI\u015eMALARINI S\u00dcRD\u00dcR\u00dcYOR"},"content":{"rendered":"<p><b>B\u00f6lgesel Amat\u00f6r Lig haz\u0131rl\u0131klar\u0131n\u0131 s\u00fcrd\u00fcren Yalovaspor, bu sezon ma\u00e7lar\u0131n\u0131 oynayaca\u011f\u0131 Atat\u00fcrk Stadyumu\u2019nda \u00e7al\u0131\u015fmalar\u0131n\u0131 s\u00fcrd\u00fcrd\u00fc<\/b>   <\/p>\n<p> <span style=\"font-size:14px;\">Teknik Direkt\u00f6r Ahmet Yurtsever nezaretinde yap\u0131lan \u00e7al\u0131\u015fmalar olduk\u00e7a ne\u015feli ge\u00e7erken, sporcular\u0131n g\u00f6sterdi\u011fi performans ise dikkat \u00e7ekti. 18 A\u011fustos Per\u015fembe g\u00fcn\u00fc sezon a\u00e7\u0131l\u0131\u015f\u0131nda Be\u015fikta\u015f U-21 tak\u0131m\u0131yla \u00f6zel ma\u00e7ta kar\u015f\u0131 kar\u015f\u0131ya gelecek olan Ye\u015fil K\u0131rm\u0131z\u0131l\u0131lar, aral\u0131ks\u0131z olarak \u00e7al\u0131\u015fmalar\u0131n\u0131 s\u00fcrd\u00fcr\u00fcyor.<\/span> <\/p>\n<p> <span style=\"font-size:14px;\">23 A\u011fustos\u2019ta D\u00fczce\u2019ye giderek kampa girecek olan Yalovaspor, gen\u00e7 ve dinamik kadrosuyla yeni sezona s\u0131k\u0131 haz\u0131rlan\u0131yor.<\/span> <\/p>\n<p> <span style=\"font-size:14px;\">Yalovaspor Teknik Direkt\u00f6r\u00fc Ahmet Yurtsever, \u201c3. Lig parolas\u0131yla o sene bu sene slogan\u0131yla \u00e7\u0131kt\u0131\u011f\u0131m\u0131z yolda B\u00f6lgesel Amat\u00f6r Lige en iyi \u015fekilde haz\u0131rlan\u0131yoruz. Gen\u00e7 bir ekibiz. Bu durum koydu\u011fumuz hedefle birlikte oyuncular\u0131m\u0131z\u0131n i\u015ftah\u0131n\u0131 kabart\u0131yor. Sergiledikleri performanslar bizleri memnun ediyor\u201d dedi.<\/span> <\/p>\n<p>&nbsp;<\/p>\n","protected":false},"excerpt":{"rendered":"<p>B\u00f6lgesel Amat\u00f6r Lig haz\u0131rl\u0131klar\u0131n\u0131 s\u00fcrd\u00fcren Yalovaspor, bu sezon ma\u00e7lar\u0131n\u0131 oynayaca\u011f\u0131 Atat\u00fcrk Stadyumu\u2019nda \u00e7al\u0131\u015fmalar\u0131n\u0131 s\u00fcrd\u00fcrd\u00fc Teknik Direkt\u00f6r Ahmet Yurtsever nezaretinde yap\u0131lan<\/p>\n","protected":false},"author":1,"featured_media":5369,"comment_status":"open","ping_status":"open","sticky":false,"template":"","format":"standard","meta":[],"categories":[1],"tags":[],"_links":{"self":[{"href":"http:\/\/www.mertcanpolat.com.tr\/dev\/wp-json\/wp\/v2\/posts\/5368"}],"collection":[{"href":"http:\/\/www.mertcanpolat.com.tr\/dev\/wp-json\/wp\/v2\/posts"}],"about":[{"href":"http:\/\/www.mertcanpolat.com.tr\/dev\/wp-json\/wp\/v2\/types\/post"}],"author":[{"embeddable":true,"href":"http:\/\/www.mertcanpolat.com.tr\/dev\/wp-json\/wp\/v2\/users\/1"}],"replies":[{"embeddable":true,"href":"http:\/\/www.mertcanpolat.com.tr\/dev\/wp-json\/wp\/v2\/comments?post=5368"}],"version-history":[{"count":0,"href":"http:\/\/www.mertcanpolat.com.tr\/dev\/wp-json\/wp\/v2\/posts\/5368\/revisions"}],"wp:featuredmedia":[{"embeddable":true,"href":"http:\/\/www.mertcanpolat.com.tr\/dev\/wp-json\/wp\/v2\/media\/5369"}],"wp:attachment":[{"href":"http:\/\/www.mertcanpolat.com.tr\/dev\/wp-json\/wp\/v2\/media?parent=5368"}],"wp:term":[{"taxonomy":"category","embeddable":true,"href":"http:\/\/www.mertcanpolat.com.tr\/dev\/wp-json\/wp\/v2\/categories?post=5368"},{"taxonomy":"post_tag","embeddable":true,"href":"http:\/\/www.mertcanpolat.com.tr\/dev\/wp-json\/wp\/v2\/tags?post=5368"}],"curies":[{"name":"wp","href":"https:\/\/api.w.org\/{rel}","templated":true}]}}