{"id":5358,"date":"2016-08-18T01:21:00","date_gmt":"2016-08-18T01:21:00","guid":{"rendered":"http:\/\/www.mertcanpolat.com.tr\/dev\/index.php\/2016\/08\/18\/depremde-hayat-kurtarmislardi\/"},"modified":"2016-08-18T01:21:00","modified_gmt":"2016-08-18T01:21:00","slug":"depremde-hayat-kurtarmislardi","status":"publish","type":"post","link":"http:\/\/www.mertcanpolat.com.tr\/dev\/depremde-hayat-kurtarmislardi\/","title":{"rendered":"DEPREMDE HAYAT KURTARMI\u015eLARDI"},"content":{"rendered":"<p><b>Yalova Belediyesi Ba\u011f\u0131ms\u0131z Meclis \u00dcyesi Faruk K\u0131rtay, Yalova\u2019da olas\u0131 bir depremde \u00e7ad\u0131rkent kurulacak ye\u015fil alan kalmad\u0131\u011f\u0131n\u0131, 17 A\u011fustos 1999 depreminde onbinlerce depremzedenin \u00e7ad\u0131rkent ve prefabriklerde bar\u0131nd\u0131\u011f\u0131 ye\u015fil alanlar\u0131n ise imar planlar\u0131 de\u011fi\u015ftirileip konut ve ticari alana d\u00f6n\u00fc\u015ft\u00fcr\u00fclerek g\u00fcn\u00fcm\u00fcze kadar elden \u00e7\u0131kart\u0131ld\u0131\u011f\u0131n\u0131 s\u00f6yledi.<\/b>   <\/p>\n<p> <span style=\"font-size:14px;\">Atat\u00fcrk\u2019\u00fcn kendi paras\u0131yla sat\u0131n al\u0131p millete ba\u011f\u0131\u015flad\u0131\u011f\u0131 2 bin 900 d\u00f6n\u00fcml\u00fck T\u0130GEM arazileri ve belediyeye ait ye\u015fil alanlarda 17 A\u011fustos depreminde binlerce depremzedenin bar\u0131nd\u0131\u011f\u0131n\u0131, g\u00fcn\u00fcm\u00fcze kadar bu alanlar\u0131n &nbsp;imar planlar\u0131nda yap\u0131lan de\u011fi\u015fikliklerle elden \u00e7\u0131kart\u0131ld\u0131\u011f\u0131n\u0131 belirten ba\u011f\u0131ms\u0131z belediye meclis \u00fcyesi Faruk K\u0131rtay, olas\u0131 bir depremde Yalova\u2019n\u0131n,&nbsp;ya\u015fayanlar i\u00e7in de\u011fil, depremde \u00f6lecek olanlara y\u00f6nelik&nbsp;ceset torbalar\u0131yla haz\u0131rl\u0131k yap\u0131ld\u0131\u011f\u0131n\u0131 s\u00f6yledi.<\/span> <\/p>\n<p> <span style=\"font-size:14px;\">Yalova Belediyesi\u2019nin de olas\u0131 bir afet ve depreme kar\u015f\u0131 herhangi bir haz\u0131rl\u0131\u011f\u0131 olmad\u0131\u011f\u0131n\u0131,&nbsp;2014 y\u0131l\u0131nda Yalova Belediyesi\u2019nde kurulan Deprem ve Afet Komisyonunun ise 2015 y\u0131l\u0131nda komisyon se\u00e7imlerinin yap\u0131lmamas\u0131 nedeniyle feshedildi\u011fini belirten K\u0131rtay, \u201cDeprem an\u0131nda Yalova\u2019da insanlar\u0131n nerelerde toplanaca\u011f\u0131 y\u00f6n\u00fcnde herhangi bir stratejik plan ve ye\u015fil alan ne yaz\u0131k ki kalmad\u0131. 17 A\u011fustos 1999&nbsp; depreminde belediyeye ait olan ye\u015fil&nbsp;alanlarda kurulan ve \u00e7ad\u0131rkent olarak hizmet veren arazilerin imar planlar\u0131 de\u011fi\u015ftirilerek ye\u015fil alandan \u00e7\u0131kart\u0131larak ticari ve konut alanlar\u0131na d\u00f6n\u00fc\u015ft\u00fcr\u00fcl\u00fcp tek tek sat\u0131ld\u0131\u201d dedi.<img loading=\"lazy\" alt=\"\" height=\"363\" src=\"http:\/\/ajansyalova.com\/Images\/Thumbs\/Editor\/5667-tigem-cadirken-1.jpeg\" style=\"border-width: 2px; border-style: solid; margin: 2px; float: right;\" width=\"524\" \/> <\/span> <\/p>\n<p> <span style=\"font-size:14px;\">Atat\u00fcrk\u2019\u00fcn 1929 y\u0131l\u0131nda Yalova\u2019ya&nbsp; geldi\u011finde, kendi paras\u0131yla sat\u0131n al\u0131p, 11.6.1937 y\u0131l\u0131nda imzalad\u0131\u011f\u0131 vasiyetle millete ba\u011f\u0131\u015flad\u0131\u011f\u0131 T\u0130GEM arazilerinde 17 A\u011fustos 1999 depreminde onbinlerce depremzedenin prefabrik ve \u00e7ad\u0131rkentlerde&nbsp;bar\u0131nd\u0131\u011f\u0131n\u0131, bu arazilerin de g\u00fcn\u00fcm\u00fczde tek tek elden \u00e7\u0131kart\u0131ld\u0131\u011f\u0131n\u0131 belirten K\u0131rtay, 3 bin hektarl\u0131k arazinin bir b\u00f6l\u00fcm\u00fcn\u00fcn, Yalova \u00dcniversitesi\u2019ne, di\u011fer b\u00f6l\u00fcm\u00fcn\u00fcn ise Garden A.\u015e.\u2019ye &nbsp;tahsis edildi\u011fini s\u00f6yledi.<\/span> <\/p>\n<p> <span style=\"font-size:14px;\">17 A\u011fustos 1999 Depremine kadar Tema Vakf\u0131 Onursal Ba\u015fkan\u0131 Hayrettin Karaca\u2019n\u0131n katk\u0131lar\u0131yla yap\u0131larak Arberetum olarak kullan\u0131lan 80 d\u00f6n\u00fcml\u00fck arazinin, T\u0130GEM arazisinin bir par\u00e7as\u0131 oldu\u011funu, depremzedelerin deprem sonras\u0131nda burada \u00e7ad\u0131rkent kurarak bar\u0131nd\u0131\u011f\u0131n\u0131 vurgulayan K\u0131rtay, \u201cDeprem sonras\u0131nda Arberetum arazisinin&nbsp;kullan\u0131lamaz hale geldi\u011fi gerek\u00e7esiyle&nbsp;2010 y\u0131l\u0131nda Yalova Belediyesi&nbsp;80 d\u00f6n\u00fcml\u00fck araziyi Belediye Meclis karar\u0131yla \u00f6nce konut alan\u0131, daha sonra da turizm alan\u0131 olarak imara a\u00e7t\u0131. D\u00f6nemin&nbsp; Belediye Ba\u015fkan\u0131&nbsp; 2012 tarihinde ger\u00e7ekle\u015ftirdi\u011fi&nbsp; ihaleyle arberetum arazisini 5 parsele ay\u0131rarak aralar\u0131nda Arap giri\u015fimcilerin de oldu\u011fu&nbsp;yat\u0131r\u0131mc\u0131lara satt\u0131\u201d diye konu\u015ftu.<\/span> <\/p>\n<p> <span style=\"font-size:14px;\"> <img alt=\"\" src=\"http:\/\/ajansyalova.com\/Images\/Thumbs\/Editor\/5668-tigem-prefabrik-1.jpeg\" style=\"border-width: 2px; border-style: solid; margin: 2px; float: left; width: 500px; height: 343px;\" \/>17 A\u011fustos 1999 depreminde, depremzedelerin \u00e7ad\u0131r kurarak bar\u0131nd\u0131\u011f\u0131 Yalova sahilindeki park olarak kullan\u0131lan ye\u015fil alan\u0131n da 2008 y\u0131l\u0131nda d\u00f6nemin Belediye Ba\u015fkan\u0131 taraf\u0131ndan belediye meclisinde al\u0131nan kararla konut alan\u0131na d\u00f6n\u00fc\u015ft\u00fcr\u00fcld\u00fc\u011f\u00fcn\u00fc belirten K\u0131rtay, \u201cO y\u0131llarda d\u00f6nemin Yalova Valisi Yusuf Erbay\u2019\u0131n Bursa B\u00f6lge \u0130dare Mahkemesi\u2019ne yapt\u0131\u011f\u0131 itiraz ba\u015fvurusuyla buras\u0131 tekrar ye\u015fil alan olarak planlara i\u015flenmi\u015fti. Vali Yusuf Erbay\u2019\u0131n g\u00f6revden al\u0131nmas\u0131n\u0131n ard\u0131ndan&nbsp; 2010 y\u0131l\u0131nda Yalova Valili\u011fine atanan Dursun Ali Y\u0131lmaz\u2019\u0131n g\u00f6reve gelmesiyle birlikte s\u00f6z konusu arazi&nbsp; Yalova Belediyesi taraf\u0131ndan yeniden ticari alana d\u00f6n\u00fc\u015ft\u00fcr\u00fclerek 2013 y\u0131l\u0131nda yap\u0131lan ihaleyle sat\u0131larak buraya i\u015f merkezi yap\u0131ld\u0131. G\u00f6r\u00fcld\u00fc\u011f\u00fc gibi deprem sonras\u0131nda onbinlerce depremzedenin bar\u0131nd\u0131\u011f\u0131 ye\u015fil alanlar g\u00fcn\u00fcm\u00fcze kadar tek tek elden \u00e7\u0131kart\u0131larak sat\u0131ld\u0131\u201d diye konu\u015ftu.<\/span> <\/p>\n<p> <span style=\"font-size:14px;\">Yalova Belediyesi\u2019nin Eyl\u00fcl ay\u0131nda ger\u00e7ekle\u015ftirece\u011fi Meclis oturumunda&nbsp;ele alaca\u011f\u0131 revizyon imar planlar\u0131nda Yalova\u2019n\u0131n stratejik afet eylem planlar\u0131n\u0131 da g\u00fcncellemesi gerekti\u011fini vurgulayan K\u0131rtay, 1. derece deprem ve afet b\u00f6lgesi olan Yalova\u2019da, belediye meclisinde fesih olan Deprem Afet Komisyonunun da bir an \u00f6nce kurulmas\u0131 gerekti\u011fini dile getirdi.<\/span> <\/p>\n<p>&nbsp;<\/p>\n","protected":false},"excerpt":{"rendered":"<p>Yalova Belediyesi Ba\u011f\u0131ms\u0131z Meclis \u00dcyesi Faruk K\u0131rtay, Yalova\u2019da olas\u0131 bir depremde \u00e7ad\u0131rkent kurulacak ye\u015fil alan kalmad\u0131\u011f\u0131n\u0131, 17 A\u011fustos 1999 depreminde<\/p>\n","protected":false},"author":1,"featured_media":5359,"comment_status":"open","ping_status":"open","sticky":false,"template":"","format":"standard","meta":[],"categories":[1],"tags":[],"_links":{"self":[{"href":"http:\/\/www.mertcanpolat.com.tr\/dev\/wp-json\/wp\/v2\/posts\/5358"}],"collection":[{"href":"http:\/\/www.mertcanpolat.com.tr\/dev\/wp-json\/wp\/v2\/posts"}],"about":[{"href":"http:\/\/www.mertcanpolat.com.tr\/dev\/wp-json\/wp\/v2\/types\/post"}],"author":[{"embeddable":true,"href":"http:\/\/www.mertcanpolat.com.tr\/dev\/wp-json\/wp\/v2\/users\/1"}],"replies":[{"embeddable":true,"href":"http:\/\/www.mertcanpolat.com.tr\/dev\/wp-json\/wp\/v2\/comments?post=5358"}],"version-history":[{"count":0,"href":"http:\/\/www.mertcanpolat.com.tr\/dev\/wp-json\/wp\/v2\/posts\/5358\/revisions"}],"wp:featuredmedia":[{"embeddable":true,"href":"http:\/\/www.mertcanpolat.com.tr\/dev\/wp-json\/wp\/v2\/media\/5359"}],"wp:attachment":[{"href":"http:\/\/www.mertcanpolat.com.tr\/dev\/wp-json\/wp\/v2\/media?parent=5358"}],"wp:term":[{"taxonomy":"category","embeddable":true,"href":"http:\/\/www.mertcanpolat.com.tr\/dev\/wp-json\/wp\/v2\/categories?post=5358"},{"taxonomy":"post_tag","embeddable":true,"href":"http:\/\/www.mertcanpolat.com.tr\/dev\/wp-json\/wp\/v2\/tags?post=5358"}],"curies":[{"name":"wp","href":"https:\/\/api.w.org\/{rel}","templated":true}]}}