{"id":5356,"date":"2016-08-18T01:31:00","date_gmt":"2016-08-18T01:31:00","guid":{"rendered":"http:\/\/www.mertcanpolat.com.tr\/dev\/index.php\/2016\/08\/18\/vefa-salmandan-kat-yorumu\/"},"modified":"2016-08-18T01:31:00","modified_gmt":"2016-08-18T01:31:00","slug":"vefa-salmandan-kat-yorumu","status":"publish","type":"post","link":"http:\/\/www.mertcanpolat.com.tr\/dev\/vefa-salmandan-kat-yorumu\/","title":{"rendered":"VEFA SALMAN&#39;DAN KAT YORUMU"},"content":{"rendered":"<p><b>Yalova Belediye Ba\u015fkan\u0131 Vefa Salman, 17 A\u011fustos 1999 Marmara Depremi\u2019nin ard\u0131ndan Yalova Belediye Meclisi\u2019nin depremsellik a\u00e7\u0131s\u0131ndan T\u00fcrkiye\u2019de ilk olan kararlar\u0131 ald\u0131\u011f\u0131n\u0131 s\u00f6yledi. Ba\u015fkan Salman, \u201c\u0130n\u015faat sekt\u00f6r\u00fc a\u00e7 ve doyumsuz, s\u00fcrekli istiyor ancak ben g\u00f6revde oldu\u011fum s\u00fcrece 4 kat s\u0131n\u0131rlamas\u0131n\u0131n arkas\u0131nda duraca\u011f\u0131m\u201d \u015feklinde konu\u015ftu<\/b>   <\/p>\n<p> <span style=\"font-size:14px;\">17 A\u011fustos 1999 Marmara Depremi ile ilgili konu\u015fan Ba\u015fkan Vefa Salman, deprem konusunda hassas hareket etti\u011fini s\u00f6yledi. Depremin ard\u0131ndan Yalova Belediye Meclisi\u2019nin \u00f6nemli kararlar ald\u0131\u011f\u0131n\u0131 s\u00f6yleyen Salman, \u201cO d\u00f6nem ben de bas\u0131n sekt\u00f6r\u00fcn\u00fcn i\u00e7erisindeydim. O zaman tarihe \u00f6nemli notlar d\u00fc\u015ft\u00fc\u011f\u00fcm\u00fc d\u00fc\u015f\u00fcn\u00fcyorum. Yalova yeniden imar edilirken belediye meclisinde g\u00f6rev yap\u0131yordum. O d\u00f6nem g\u00fczel bir konu\u015fmam vard\u0131r. Gelece\u011fi do\u011fru \u015fekillendirmek i\u00e7in ge\u00e7mi\u015fi sorgulamak laz\u0131m. Belediye meclisinde do\u011fru kararlar al\u0131nd\u0131. Bodrum kat\u0131 zorunlulu\u011fu getirildi. Perde beton \u015fart\u0131 getirildi. C veya di\u011fer ad\u0131yla BS24\u2019ten beton 30\u2019a geldi. Yatay ve d\u00fc\u015fey ta\u015f\u0131y\u0131c\u0131lar\u0131n say\u0131lar\u0131 art\u0131r\u0131ld\u0131. Bunlar T\u00fcrkiye\u2019de ilk defa al\u0131nan kararlar olmas\u0131 bak\u0131m\u0131ndan \u00f6nemliydi. Daha sonra yap\u0131 denetim firmalar\u0131 kuruldu. Ancak ben daha sonra bunlar\u0131n dejenere oldu\u011funu, yine eskiye baz\u0131 y\u00f6nlerden d\u00f6n\u00fc\u015fler oldu\u011funu g\u00f6zlemledim\u201d dedi.<\/span> <\/p>\n<p> <span style=\"font-size:14px;\"> <strong>\u201c\u0130n\u015faat Sekt\u00f6r\u00fc A\u00e7 ve Doyumsuz\u201d<\/strong> <\/span> <\/p>\n<p> <span style=\"font-size:14px;\">Deprem konusunda duyarl\u0131 oldu\u011funu belirten Salman, Yalova Belediye m\u00fccavir s\u0131n\u0131rlar\u0131 i\u00e7erisindeki 4 kat s\u0131n\u0131rlamas\u0131n\u0131n arkas\u0131nda durdu\u011funu belirten Salman, \u201cBa\u015fkan se\u00e7ildikten sonra, zaten deprem konusunda duyarl\u0131 bir insan\u0131m. \u00c7e\u015fitli taraflar\u0131na ula\u015ft\u0131k. 17 A\u011fustos\u2019un 17\u2019nci y\u0131ld\u00f6n\u00fcm\u00fc. Pek \u00e7ok \u015fey ne yaz\u0131k ki unutuldu. Unutkan bir milletiz. Ne yaz\u0131k ki b\u00f6yle. \u0130n\u015faat sekt\u00f6r\u00fc a\u00e7 ve doyumsuz bir sekt\u00f6r. Devaml\u0131 istiyor ama ne var ki Yalova 1. derecede deprem b\u00f6lgesi. 4 kat s\u0131n\u0131rlamas\u0131 getirilmi\u015fti. Yalova\u2019da hem depremsellik a\u00e7\u0131s\u0131ndan hem de kentin betonla\u015fmamas\u0131 a\u00e7\u0131s\u0131ndan bu do\u011fruydu. Ben g\u00f6revde oldu\u011fum s\u00fcrece bu karar\u0131n arkas\u0131nda durmaya devam edece\u011fim. Bu konuda da g\u00f6r\u00fc\u015ft\u00fc\u011f\u00fcm ki\u015filerden birisi de deprem profes\u00f6r\u00fc Ahmet Ercan\u2019d\u0131r. Say\u0131n Ercan bana bir keresinde, \u2018Yalova\u2019da \u00e7ok katl\u0131 bina yapmak cinayettir, katliamd\u0131r\u2019 demi\u015fti. Bunun d\u0131\u015f\u0131nda di\u011fer taraftan m\u00fchendislik bilimiyle u\u011fra\u015fanlar Yalova\u2019da \u00e7ok katl\u0131 bina yap\u0131labilece\u011fini s\u00f6yl\u00fcyor ama ben buna s\u0131cak bakm\u0131yorum\u201d \u015feklinde konu\u015ftu.<\/span> <\/p>\n<p> <span style=\"font-size:14px;\"> <strong>\u201cDeprem 10 Sene Sonra Olsayd\u0131\u2026\u201d<\/strong> <\/span> <\/p>\n<p> <span style=\"font-size:14px;\">B\u00fcy\u00fck kay\u0131plar\u0131n oldu\u011fu ve ismi \u2018\u00f6l\u00fcm ovas\u0131\u2019na \u00e7\u0131kan Hac\u0131mehmet Ovas\u0131\u2019nde 1999\u2019lu y\u0131llarda konutla\u015fman\u0131n olduk\u00e7a artt\u0131\u011f\u0131n\u0131 s\u00f6yleyen Salman, \u201cO d\u00f6nemde resmi rakamlara g\u00f6re 2.507 gibi \u00f6len vatanda\u015f\u0131m\u0131z kay\u0131tlara ge\u00e7mi\u015fti. Oysa ben \u00e7al\u0131\u015fmalar yapm\u0131\u015ft\u0131m ve benim tespitlerime g\u00f6re 5 bin civar\u0131yd\u0131. Yine de \u015funa dua ediyorum; \u0130yi ki deprem 99 y\u0131l\u0131nda olmu\u015f. 10 sene sonra olsayd\u0131 Yalova\u2019da kay\u0131p on bin rakam\u0131yla ifade edilirdi. Hac\u0131mehmet Ovas\u0131 alm\u0131\u015f ba\u015f\u0131n\u0131 gidiyordu. Giderek y\u00fcksek katlara do\u011fru gidiyordu ve devaml\u0131 talepler geliyordu. 17 A\u011fustos depreminin di\u011fer depremlerden fark\u0131 \u00fc\u00e7 farkl\u0131 hareketin de ayn\u0131 anda g\u00f6r\u00fclmesiydi. Ge\u00e7mi\u015ften ders \u00e7\u0131karmak laz\u0131m. Mahalle Afet G\u00f6n\u00fcll\u00fcleri \u00e7al\u0131\u015fma yap\u0131yor biz de Umut Evlerimiz vas\u0131tas\u0131yla destek oluyoruz. \u00c7al\u0131\u015fmalar\u0131m\u0131z da devam edecek\u201d dedi.<\/span> <\/p>\n<p> <span style=\"font-size:14px;\"> <strong>Afet Toplanma Yerleri Belirlenmeli<\/strong> <\/span> <\/p>\n<p> <span style=\"font-size:14px;\">Ba\u015fkan Salman, Yalova\u2019da afetler konusunda g\u00fcn\u00fcm\u00fczde en b\u00fcy\u00fck eksikli\u011fin afet toplanma alanlar\u0131yla ilgili oldu\u011funu s\u00f6yledi. Salman, \u201cYalova\u2019da afet toplanma yerlerini belirlememiz gerekiyor. Bunun sadece deprem olmas\u0131na gerek yok. Farkl\u0131 afetler i\u00e7in de Yalova hepsine m\u00fcsait bir co\u011frafyada. Deprem bir g\u00fcn yine gelecek. Bu do\u011fan\u0131n ger\u00e7e\u011fi ama \u015funu \u00f6\u011frendi\u011fimizi umut ediyorum; deprem de\u011fil binalar \u00f6ld\u00fcr\u00fcyor. Biz de binalar\u0131 ona g\u00f6re yapmak sorumlulu\u011funday\u0131z. Ben de imar m\u00fcd\u00fcrl\u00fc\u011f\u00fcme se\u00e7ildi\u011fim g\u00fcnden itibaren s\u00f6yledim. En ufak bir taviz vermeyin, mevzuat neyi emrediyorsa onu yap\u0131n, denetlemesini de yap\u0131n dedim. Bu benim \u00f6zel duyarl\u0131l\u0131\u011f\u0131m. Ben buradan bir kez daha o depremde kaybetti\u011fimiz b\u00fct\u00fcn insanlar\u0131 rahmetle an\u0131yorum. Ruhlar\u0131 \u015fad olsun\u201d diye konu\u015ftu.<\/span> <\/p>\n<p>&nbsp;<\/p>\n<p>&nbsp;<\/p>\n<p>&nbsp;<\/p>\n","protected":false},"excerpt":{"rendered":"<p>Yalova Belediye Ba\u015fkan\u0131 Vefa Salman, 17 A\u011fustos 1999 Marmara Depremi\u2019nin ard\u0131ndan Yalova Belediye Meclisi\u2019nin depremsellik a\u00e7\u0131s\u0131ndan T\u00fcrkiye\u2019de ilk olan kararlar\u0131<\/p>\n","protected":false},"author":1,"featured_media":5357,"comment_status":"open","ping_status":"open","sticky":false,"template":"","format":"standard","meta":[],"categories":[1],"tags":[],"_links":{"self":[{"href":"http:\/\/www.mertcanpolat.com.tr\/dev\/wp-json\/wp\/v2\/posts\/5356"}],"collection":[{"href":"http:\/\/www.mertcanpolat.com.tr\/dev\/wp-json\/wp\/v2\/posts"}],"about":[{"href":"http:\/\/www.mertcanpolat.com.tr\/dev\/wp-json\/wp\/v2\/types\/post"}],"author":[{"embeddable":true,"href":"http:\/\/www.mertcanpolat.com.tr\/dev\/wp-json\/wp\/v2\/users\/1"}],"replies":[{"embeddable":true,"href":"http:\/\/www.mertcanpolat.com.tr\/dev\/wp-json\/wp\/v2\/comments?post=5356"}],"version-history":[{"count":0,"href":"http:\/\/www.mertcanpolat.com.tr\/dev\/wp-json\/wp\/v2\/posts\/5356\/revisions"}],"wp:featuredmedia":[{"embeddable":true,"href":"http:\/\/www.mertcanpolat.com.tr\/dev\/wp-json\/wp\/v2\/media\/5357"}],"wp:attachment":[{"href":"http:\/\/www.mertcanpolat.com.tr\/dev\/wp-json\/wp\/v2\/media?parent=5356"}],"wp:term":[{"taxonomy":"category","embeddable":true,"href":"http:\/\/www.mertcanpolat.com.tr\/dev\/wp-json\/wp\/v2\/categories?post=5356"},{"taxonomy":"post_tag","embeddable":true,"href":"http:\/\/www.mertcanpolat.com.tr\/dev\/wp-json\/wp\/v2\/tags?post=5356"}],"curies":[{"name":"wp","href":"https:\/\/api.w.org\/{rel}","templated":true}]}}