{"id":5354,"date":"2016-08-18T01:41:00","date_gmt":"2016-08-18T01:41:00","guid":{"rendered":"http:\/\/www.mertcanpolat.com.tr\/dev\/index.php\/2016\/08\/18\/dagdan-belediyelere-uyari\/"},"modified":"2016-08-18T01:41:00","modified_gmt":"2016-08-18T01:41:00","slug":"dagdan-belediyelere-uyari","status":"publish","type":"post","link":"http:\/\/www.mertcanpolat.com.tr\/dev\/dagdan-belediyelere-uyari\/","title":{"rendered":"DA\u011e&#39;DAN BELED\u0130YELERE UYARI"},"content":{"rendered":"<p><b>\u00d6nceki d\u00f6nem \u00c7iftlikk\u00f6y Belediye Ba\u015fkan\u0131 Metin Da\u011f, yapt\u0131\u011f\u0131 a\u00e7\u0131klamada, 17 A\u011fustos Marmara Depremi\u2019nin asla unutulmamas\u0131 gerekti\u011fini ancak bug\u00fcnlerde baz\u0131 belediyelerin deprem ger\u00e7e\u011fini unutmu\u015f bir \u015fekilde hareket etti\u011fini s\u00f6yledi.<\/b>   <\/p>\n<p> <span style=\"font-size:14px;\">Yaz\u0131l\u0131 bir a\u00e7\u0131klama yapan Metin Da\u011f, 17 A\u011fustos Marmara Depremi\u2019nin 17. Y\u0131ld\u00f6n\u00fcm\u00fc nedeniyle hayat\u0131n\u0131 kaybedenleri rahmetle and\u0131\u011f\u0131n\u0131 s\u00f6yledi. Depremin kendisinin ilk ba\u015fkanl\u0131k d\u00f6nemlerinde meydana geldi\u011fini hat\u0131rlatan Da\u011f, \u201cBu vesileyle hayat\u0131n\u0131 kaybeden vatanda\u015flar\u0131m\u0131z\u0131 bir kez daha rahmetle an\u0131yorum. 17 A\u011fustos 1999 tarihi biz Yalova halk\u0131na \u00e7ok \u00f6nemli bir ger\u00e7e\u011fi ac\u0131 bir \u015fekilde g\u00f6sterdi. Kentimizin bir deprem kenti oldu\u011fu ger\u00e7e\u011fini, her zaman bunun gibi depremlere haz\u0131rl\u0131kl\u0131 olmam\u0131z gerekti\u011fini bizlere \u00f6\u011fretti. Belediye ba\u015fkanl\u0131\u011f\u0131m esnas\u0131nda s\u00fcrekli bu felsefeyle hareket ederek, kararlar\u0131mda deprem ger\u00e7e\u011fini g\u00f6z ard\u0131 etmemeye \u00e7al\u0131\u015ft\u0131m\u201d dedi.<\/span> <\/p>\n<p> <span style=\"font-size:14px;\">Binalar\u0131n y\u0131k\u0131lmas\u0131na, insanlar\u0131n canlar\u0131n\u0131 ve mallar\u0131n\u0131 kaybetmesine neden olan\u0131n deprem de\u011fil, bilin\u00e7siz ve kurald\u0131\u015f\u0131 yap\u0131la\u015fma oldu\u011funa dikkat \u00e7eken Da\u011f, \u201cBu konuda bilhassa yerel y\u00f6netimlere b\u00fcy\u00fck g\u00f6revler d\u00fc\u015f\u00fcyor. \u0130mar konular\u0131nda karar al\u0131rken, uygulama yaparken depremselli\u011fin bilincinde hareket edilmesi gerekiyor. Ancak son d\u00f6nemlerde g\u00f6r\u00fcyorum ki Yalova\u2019n\u0131n ve \u00fclkemizin deprem ger\u00e7e\u011fi unutulmu\u015f vaziyette. Ba\u015fta il belediyesi olmak \u00fczere baz\u0131 il\u00e7e belediyeleri Yalova\u2019da sanki hi\u00e7 deprem olmam\u0131\u015f, hi\u00e7 olmayacakm\u0131\u015f gibi hareket edip \u00f6nemli kararlar al\u0131yor. Hi\u00e7bir bilimsel zemin et\u00fcd\u00fc, jeolojik \u00e7al\u0131\u015fma olmadan yap\u0131lan kat art\u0131\u015flar\u0131 ilerleyen d\u00f6nemlerde yeni felaketlere yol a\u00e7abilir. \u00dcstelik bu \u00e7al\u0131\u015fmalar yap\u0131l\u0131rken \u2018Yalova\u2019n\u0131n anayasas\u0131\u2019 olarak tabir etti\u011fimiz, deprem ger\u00e7e\u011fi g\u00f6z \u00f6n\u00fcnde bulundurularak yap\u0131lan 1\/25 binlik \u00c7evre D\u00fczeni Plan\u0131\u2019na ayk\u0131r\u0131 hareket edilmesi de \u00e7ok b\u00fcy\u00fck bir yanl\u0131\u015ft\u0131r. Siyasi h\u0131rslarla, g\u00fcndelik \u00e7\u0131karlarla al\u0131nan kararlar 17 y\u0131l \u00f6nce oldu\u011fu gibi ilerleyen d\u00f6nemlerde onar\u0131lmaz sonu\u00e7lara sebebiyet verebilir. Bunun yan\u0131nda son d\u00f6nemde gitgide artan ka\u00e7ak yap\u0131la\u015fmalara kar\u015f\u0131 belediyelerin vatanda\u015fa \u015firin g\u00f6z\u00fckme ad\u0131na g\u00f6z yummas\u0131 da kabul edilemez. &nbsp;Bu nedenle depremde ya\u015fad\u0131\u011f\u0131m\u0131z ac\u0131lar\u0131n bir daha tekrarlanmamas\u0131 ad\u0131na 17 A\u011fustos\u2019u unutmamal\u0131, depremsellik bilincinden ayr\u0131lmadan hareket etmeliyiz\u201d diye konu\u015ftu.<\/span> <\/p>\n","protected":false},"excerpt":{"rendered":"<p>\u00d6nceki d\u00f6nem \u00c7iftlikk\u00f6y Belediye Ba\u015fkan\u0131 Metin Da\u011f, yapt\u0131\u011f\u0131 a\u00e7\u0131klamada, 17 A\u011fustos Marmara Depremi\u2019nin asla unutulmamas\u0131 gerekti\u011fini ancak bug\u00fcnlerde baz\u0131 belediyelerin<\/p>\n","protected":false},"author":1,"featured_media":5355,"comment_status":"open","ping_status":"open","sticky":false,"template":"","format":"standard","meta":[],"categories":[1],"tags":[],"_links":{"self":[{"href":"http:\/\/www.mertcanpolat.com.tr\/dev\/wp-json\/wp\/v2\/posts\/5354"}],"collection":[{"href":"http:\/\/www.mertcanpolat.com.tr\/dev\/wp-json\/wp\/v2\/posts"}],"about":[{"href":"http:\/\/www.mertcanpolat.com.tr\/dev\/wp-json\/wp\/v2\/types\/post"}],"author":[{"embeddable":true,"href":"http:\/\/www.mertcanpolat.com.tr\/dev\/wp-json\/wp\/v2\/users\/1"}],"replies":[{"embeddable":true,"href":"http:\/\/www.mertcanpolat.com.tr\/dev\/wp-json\/wp\/v2\/comments?post=5354"}],"version-history":[{"count":0,"href":"http:\/\/www.mertcanpolat.com.tr\/dev\/wp-json\/wp\/v2\/posts\/5354\/revisions"}],"wp:featuredmedia":[{"embeddable":true,"href":"http:\/\/www.mertcanpolat.com.tr\/dev\/wp-json\/wp\/v2\/media\/5355"}],"wp:attachment":[{"href":"http:\/\/www.mertcanpolat.com.tr\/dev\/wp-json\/wp\/v2\/media?parent=5354"}],"wp:term":[{"taxonomy":"category","embeddable":true,"href":"http:\/\/www.mertcanpolat.com.tr\/dev\/wp-json\/wp\/v2\/categories?post=5354"},{"taxonomy":"post_tag","embeddable":true,"href":"http:\/\/www.mertcanpolat.com.tr\/dev\/wp-json\/wp\/v2\/tags?post=5354"}],"curies":[{"name":"wp","href":"https:\/\/api.w.org\/{rel}","templated":true}]}}