{"id":5348,"date":"2016-08-24T01:01:00","date_gmt":"2016-08-24T01:01:00","guid":{"rendered":"http:\/\/www.mertcanpolat.com.tr\/dev\/index.php\/2016\/08\/24\/yalovaya-hava-harp-okulu-yakisir\/"},"modified":"2016-08-24T01:01:00","modified_gmt":"2016-08-24T01:01:00","slug":"yalovaya-hava-harp-okulu-yakisir","status":"publish","type":"post","link":"http:\/\/www.mertcanpolat.com.tr\/dev\/yalovaya-hava-harp-okulu-yakisir\/","title":{"rendered":"YALOVA&#39;YA HAVA HARP OKULU YAKI\u015eIR"},"content":{"rendered":"<p><b>Yalova Belediye Ba\u015fkan\u0131 Vefa Salman, \u0130stanbul d\u0131\u015f\u0131na \u00e7\u0131kar\u0131lmak istenen Hava Harp Okulu\u2019nun Yalova\u2019ya getirilmesini \u00f6nerdi. Salman, \u201cYalova, sahip oldu\u011fu askeri alanlar ve tesisler ile k\u0131sa zamanda Hava Harp Okulu\u2019nu b\u00fcnyesinde var edecek imk\u00e2n ve co\u011frafi \u00f6zelliklere sahip\u201d dedi<\/b>   <\/p>\n<p> <span style=\"font-size:14px;\">Yalova Belediye Ba\u015fkan\u0131 Vefa Salman, Hava Harp Okulu\u2019nun Yalova\u2019ya ta\u015f\u0131nmas\u0131 \u00f6nerisinde bulundu. Bu konuda kahvalt\u0131l\u0131 bir bas\u0131n toplant\u0131s\u0131 d\u00fczenleyen Salman, \u201cHava Harp Okulu ile ilgili bir yer aray\u0131\u015f\u0131 oldu\u011funu g\u00f6r\u00fcyoruz. Yalova bunun i\u00e7in uygun. Biz ne \u0130stanbul\u2019un i\u00e7indeyiz ne de d\u0131\u015f\u0131nda\u201d diye konu\u015ftu.<\/span> <\/p>\n<p> <span style=\"font-size:14px;\"> <strong>Hava Harp Okulu\u2019na Yer Aray\u0131\u015f\u0131 Var<\/strong> <\/span> <\/p>\n<p> <span style=\"font-size:14px;\">Ba\u015fkan Salman, \u015fu a\u00e7\u0131klamada bulundu:<\/span> <\/p>\n<p> <span style=\"font-size:14px;\">\u201c15 Temmuz gecesi ya\u015fanan darbe giri\u015fimi halk\u0131m\u0131z\u0131n, vatansever polis ve askerlerimizin gayretleriyle engellendi. \u0130stiklal Mar\u015f\u0131m\u0131z\u0131n o muhte\u015fem m\u0131sralarmdaki gibi, \u201cBen ezelden beridir h\u00fcr ya\u015fad\u0131m, h\u00fcr ya\u015far\u0131m. Hangi \u00e7\u0131lg\u0131n bana zincir vuracakm\u0131\u015f, \u015fa\u015far\u0131m\u201d diyen milletimiz, polisi ve askeriyle birlikte bir tarih yazd\u0131. Bir musibet bin nasihatten hay\u0131rl\u0131d\u0131r. Bu ya\u015fad\u0131klar\u0131m\u0131zdan gerekli dersleri \u00e7\u0131kard\u0131\u011f\u0131m\u0131z\u0131 d\u00fc\u015f\u00fcn\u00fcyorum. \u015eimdi bu derslerin \u0131\u015f\u0131\u011f\u0131nda ayn\u0131 \u015feyleri bir daha ya\u015famamak ad\u0131na kamusal yap\u0131lanma yeniden in\u015fa edilmek isteniyor. \u00d6zellikle T\u00fcrk Silahl\u0131 Kuvvetleri\u2019nin genel i\u015fleyi\u015fi, kamu hiyerar\u015fisi i\u00e7indeki pozisyonu ele al\u0131n\u0131yor. Ayr\u0131ca TSK\u2019ya ba\u011fl\u0131 k\u0131\u015fla ve okullar\u0131n pozisyonu da ciddi bi\u00e7imde de\u011ferlendiriliyor. Bu geli\u015fmeler i\u00e7inde bizi ilgilendirece\u011fini d\u00fc\u015f\u00fcnd\u00fc\u011f\u00fcm\u00fcz bir geli\u015fme de var. Hava Harp Okulu\u2019nun \u0130stanbul d\u0131\u015f\u0131na ta\u015f\u0131nmas\u0131 isteniyor. Bu \u00e7er\u00e7evede Hava Harp Okulu ile ilgili bir yer aray\u0131\u015f\u0131 oldu\u011funu g\u00f6r\u00fcyoruz.\u201d<\/span> <\/p>\n<p> <span style=\"font-size:14px;\"> <strong>Vizyon Katacak A\u00e7\u0131l\u0131mlara \u0130htiya\u00e7 Var<\/strong> <\/span> <\/p>\n<p> <span style=\"font-size:14px;\">Hava Harp Okulu\u2019nun Yalova\u2019ya ekonomik de\u011fer de kataca\u011f\u0131n\u0131 belirten Salman, \u201cYalova, \u00fc\u00e7 b\u00fcy\u00fck \u015fehrin ortas\u0131na s\u0131k\u0131\u015fm\u0131\u015f, onlardan gelen sosyo-ekonomik zorlamalar\u0131n alt\u0131nda kendi kimli\u011fini ve ekonomisini geli\u015ftirmeye \u00e7al\u0131\u015fan bir \u015fehir. G\u00fczel Yalova\u2019m\u0131z\u0131n vizyon katacak a\u00e7\u0131l\u0131mlara ihtiyac\u0131 var. Bu a\u00e7\u0131l\u0131mlar\u0131n ayn\u0131 zamanda ekonomik anlamda da \u015fehrimize katk\u0131 sa\u011flamas\u0131 gerekir.<\/span> <\/p>\n<p> <span style=\"font-size:14px;\">Bu ger\u00e7ekten hareketle \u0130stanbul d\u0131\u015f\u0131na \u00e7\u0131kar\u0131lmak istenen Hava Harp Okulu\u2019nun Yalova\u2019ya getirilmesini \u00f6neriyor ve istiyoruz. Yalova sahip oldu\u011fu askeri alanlar ve tesisler ile k\u0131sa zamanda Hava Harp Okulu\u2019nu b\u00fcnyesinde var edecek imkan ve co\u011frafi \u00f6zelliklere sahiptir. Hava Harp Okulu\u2019nun \u015fehrimize gelmesi ekonomik a\u00e7\u0131dan bir hareketlilik getirmenin \u00f6tesinde B\u00fcy\u00fck \u00d6nder Gazi Mustafa Kemal Atat\u00fcrk\u2019\u00fcn \u201cBenim kentimdir\u201d dedi\u011fi Yalova\u2019ya \u00e7ok yak\u0131\u015facakt\u0131r. Ben bu \u00f6neriyi \u015fehrimizin s\u00f6z ve yetki sahibi isimlerine bizzat yapaca\u011f\u0131m. Bu konuda Yalova\u2019n\u0131n t\u00fcm dinamikleriyle birlik ve beraberlik i\u00e7inde hareket edece\u011fine y\u00fcrekten inan\u0131yorum. Bu iste\u011fi Ankara d\u00fczeyinde de Yaloval\u0131lar olarak beraberce dillendirmeliyiz. Biz bu konuda t\u00fcm mecralar\u0131 kullanarak giri\u015fimlerde bulunaca\u011f\u0131z\u201d dedi.<\/span> <\/p>\n<p> <span style=\"font-size:14px;\"> <strong>Askeri Yat\u0131l\u0131 Okullar \u015eehit \u00c7ocuklar\u0131na Hizmet Versin<\/strong> <\/span> <\/p>\n<p> <span style=\"font-size:14px;\">Ba\u015fkan Salman, ayr\u0131ca \u201cAskeri liseler kapat\u0131ld\u0131. Oralar\u0131n terbiyesini iyi bilirim. Gerek Kuleli gerek I\u015f\u0131klar gerekse Deniz Lisesi\u2019nin tarihi bir\u00e7ok devletten daha eski. Buralar\u0131 bozmamak laz\u0131m. Oldu\u011fu gibi kalmal\u0131. Yat\u0131l\u0131 okul olan bunlar\u0131n devam etmesi laz\u0131m. \u015eehit ne kadar asker, polis, sivil varsa onlar\u0131n \u00e7ocuklar\u0131 gelsin orada okusunlar. Okullar\u0131n konumu, yap\u0131s\u0131 b\u00fct\u00fcnl\u00fc\u011f\u00fc korunsun. Onlar bizim tarihimiz\u201d diye konu\u015ftu.<\/span> <\/p>\n<p> <span style=\"font-size:14px;\">Ba\u015fkan Salman\u2019\u0131n bas\u0131n toplant\u0131s\u0131nda Hava Harp Okulu logolu \u015fapka takmas\u0131 ise dikkat \u00e7ekti.<\/span> <\/p>\n<p>&nbsp;<\/p>\n<p>&nbsp;<\/p>\n","protected":false},"excerpt":{"rendered":"<p>Yalova Belediye Ba\u015fkan\u0131 Vefa Salman, \u0130stanbul d\u0131\u015f\u0131na \u00e7\u0131kar\u0131lmak istenen Hava Harp Okulu\u2019nun Yalova\u2019ya getirilmesini \u00f6nerdi. Salman, \u201cYalova, sahip oldu\u011fu askeri<\/p>\n","protected":false},"author":1,"featured_media":5349,"comment_status":"open","ping_status":"open","sticky":false,"template":"","format":"standard","meta":[],"categories":[1],"tags":[],"_links":{"self":[{"href":"http:\/\/www.mertcanpolat.com.tr\/dev\/wp-json\/wp\/v2\/posts\/5348"}],"collection":[{"href":"http:\/\/www.mertcanpolat.com.tr\/dev\/wp-json\/wp\/v2\/posts"}],"about":[{"href":"http:\/\/www.mertcanpolat.com.tr\/dev\/wp-json\/wp\/v2\/types\/post"}],"author":[{"embeddable":true,"href":"http:\/\/www.mertcanpolat.com.tr\/dev\/wp-json\/wp\/v2\/users\/1"}],"replies":[{"embeddable":true,"href":"http:\/\/www.mertcanpolat.com.tr\/dev\/wp-json\/wp\/v2\/comments?post=5348"}],"version-history":[{"count":0,"href":"http:\/\/www.mertcanpolat.com.tr\/dev\/wp-json\/wp\/v2\/posts\/5348\/revisions"}],"wp:featuredmedia":[{"embeddable":true,"href":"http:\/\/www.mertcanpolat.com.tr\/dev\/wp-json\/wp\/v2\/media\/5349"}],"wp:attachment":[{"href":"http:\/\/www.mertcanpolat.com.tr\/dev\/wp-json\/wp\/v2\/media?parent=5348"}],"wp:term":[{"taxonomy":"category","embeddable":true,"href":"http:\/\/www.mertcanpolat.com.tr\/dev\/wp-json\/wp\/v2\/categories?post=5348"},{"taxonomy":"post_tag","embeddable":true,"href":"http:\/\/www.mertcanpolat.com.tr\/dev\/wp-json\/wp\/v2\/tags?post=5348"}],"curies":[{"name":"wp","href":"https:\/\/api.w.org\/{rel}","templated":true}]}}