{"id":5340,"date":"2016-08-24T01:55:00","date_gmt":"2016-08-24T01:55:00","guid":{"rendered":"http:\/\/www.mertcanpolat.com.tr\/dev\/index.php\/2016\/08\/24\/ciftlikkoy-yalova-birlesicek-mi\/"},"modified":"2016-08-24T01:55:00","modified_gmt":"2016-08-24T01:55:00","slug":"ciftlikkoy-yalova-birlesicek-mi","status":"publish","type":"post","link":"http:\/\/www.mertcanpolat.com.tr\/dev\/ciftlikkoy-yalova-birlesicek-mi\/","title":{"rendered":"\u00c7\u0130FTL\u0130KK\u00d6Y- YALOVA B\u0130RLE\u015e\u0130CEK M\u0130?"},"content":{"rendered":"<p><b>Yalova ile \u00c7iftlikk\u00f6y s\u0131n\u0131rlar\u0131 aras\u0131nda bulunan sahil yolunun, yaya ge\u00e7i\u015flerine a\u00e7\u0131lmas\u0131 i\u00e7in Yalova Belediye Ba\u015fkan\u0131 Vefa Salman giri\u015fimde bulundu<\/b>   <\/p>\n<p> <span style=\"font-size:14px;\">Bilindi\u011fi \u00fczere Yalova\u2019da Y\u00fcr\u00fcyen K\u00f6\u015fk mevkiinde bulunan sahil yolu Yalova \u00d6zel E\u011fitim Merkezi Komutanl\u0131\u011f\u0131 askeri tesisleri sebebiyle yayalar\u0131n ge\u00e7i\u015fine kapal\u0131 bulunuyor. Sahildeki yolun yaya trafi\u011fine a\u00e7\u0131labilmesi i\u00e7in Ba\u015fkan Vefa Salman giri\u015fimde bulundu.<\/span> <\/p>\n<p> <span style=\"font-size:14px;\">Salman, \u201cYalova ile \u00c7iftlikk\u00f6y\u2019\u00fcn birbirine ba\u011flanmas\u0131n\u0131 istiyoruz. Bunun i\u00e7in de gerekli giri\u015fimlerde bulunduk. Bir y\u0131l\u0131 ge\u00e7ti yapt\u0131\u011f\u0131m\u0131z ba\u015fvuru. Oras\u0131n\u0131n komutan\u0131 ile de g\u00f6r\u00fc\u015ft\u00fcm. Silahl\u0131 Kuvvetler, Deniz Kuvvetleri yap\u0131lanmas\u0131n\u0131 tamamlad\u0131\u011f\u0131 zaman konu i\u00e7in yeniden bir g\u00f6r\u00fc\u015fme yapaca\u011f\u0131m\u201d dedi.<\/span> <\/p>\n<p> <span style=\"font-size:14px;\">\u00d6te yandan sahilin yaya ge\u00e7i\u015flerine a\u00e7\u0131labilmesi i\u00e7in \u0130l Genel Meclisi \u00dcyesi H\u00fcseyin \u0130nce de meclise s\u00f6zl\u00fc \u00f6neride bulunmu\u015f, bunun i\u00e7in meclis olarak da bir giri\u015fimde bulunulmas\u0131n\u0131 talep etmi\u015fti. \u0130nce, sahillerin kullan\u0131m\u0131n\u0131n t\u00fcm halk\u0131n kullan\u0131m\u0131na a\u00e7\u0131k olmas\u0131 gerekti\u011fini belirtmi\u015fti.<\/span> <\/p>\n<p>&nbsp;<\/p>\n","protected":false},"excerpt":{"rendered":"<p>Yalova ile \u00c7iftlikk\u00f6y s\u0131n\u0131rlar\u0131 aras\u0131nda bulunan sahil yolunun, yaya ge\u00e7i\u015flerine a\u00e7\u0131lmas\u0131 i\u00e7in Yalova Belediye Ba\u015fkan\u0131 Vefa Salman giri\u015fimde bulundu Bilindi\u011fi<\/p>\n","protected":false},"author":1,"featured_media":5341,"comment_status":"open","ping_status":"open","sticky":false,"template":"","format":"standard","meta":[],"categories":[1],"tags":[],"_links":{"self":[{"href":"http:\/\/www.mertcanpolat.com.tr\/dev\/wp-json\/wp\/v2\/posts\/5340"}],"collection":[{"href":"http:\/\/www.mertcanpolat.com.tr\/dev\/wp-json\/wp\/v2\/posts"}],"about":[{"href":"http:\/\/www.mertcanpolat.com.tr\/dev\/wp-json\/wp\/v2\/types\/post"}],"author":[{"embeddable":true,"href":"http:\/\/www.mertcanpolat.com.tr\/dev\/wp-json\/wp\/v2\/users\/1"}],"replies":[{"embeddable":true,"href":"http:\/\/www.mertcanpolat.com.tr\/dev\/wp-json\/wp\/v2\/comments?post=5340"}],"version-history":[{"count":0,"href":"http:\/\/www.mertcanpolat.com.tr\/dev\/wp-json\/wp\/v2\/posts\/5340\/revisions"}],"wp:featuredmedia":[{"embeddable":true,"href":"http:\/\/www.mertcanpolat.com.tr\/dev\/wp-json\/wp\/v2\/media\/5341"}],"wp:attachment":[{"href":"http:\/\/www.mertcanpolat.com.tr\/dev\/wp-json\/wp\/v2\/media?parent=5340"}],"wp:term":[{"taxonomy":"category","embeddable":true,"href":"http:\/\/www.mertcanpolat.com.tr\/dev\/wp-json\/wp\/v2\/categories?post=5340"},{"taxonomy":"post_tag","embeddable":true,"href":"http:\/\/www.mertcanpolat.com.tr\/dev\/wp-json\/wp\/v2\/tags?post=5340"}],"curies":[{"name":"wp","href":"https:\/\/api.w.org\/{rel}","templated":true}]}}