{"id":5338,"date":"2016-08-24T02:00:00","date_gmt":"2016-08-24T02:00:00","guid":{"rendered":"http:\/\/www.mertcanpolat.com.tr\/dev\/index.php\/2016\/08\/24\/feto-okulunun-akibeti-belli-oldu\/"},"modified":"2016-08-24T02:00:00","modified_gmt":"2016-08-24T02:00:00","slug":"feto-okulunun-akibeti-belli-oldu","status":"publish","type":"post","link":"http:\/\/www.mertcanpolat.com.tr\/dev\/feto-okulunun-akibeti-belli-oldu\/","title":{"rendered":"FET\u00d6 OKULUNUN AKIBET\u0130 BELL\u0130 OLDU"},"content":{"rendered":"<p><b>Yalova&#39;da, Fetullah\u00e7\u0131 Ter\u00f6r \u00d6rg\u00fct\u00fc&#39;n\u00fcn (FET\u00d6) yap\u0131lan operasyon sonras\u0131 kayyum atanan ard\u0131ndan 15 Temmuz darbe giri\u015fimi sonras\u0131 hazineye devredilen \u00d6zel Y\u00fccebilgili Okulu, Anadolu K\u0131z \u0130mam-Hatip Lisesi olarak hizmet verecek<\/b>   <\/p>\n<p> <span style=\"font-size:14px;\">Okulda darbe giri\u015fimi s\u0131ras\u0131nda \u00d6zel Harekat Daire Ba\u015fkanl\u0131\u011f\u0131na ger\u00e7ekle\u015ftirilen sald\u0131r\u0131da \u015fehit d\u00fc\u015fen komiser&nbsp;<em>Zeynep Sa\u011f\u0131r\u2019\u0131n ad\u0131 ya\u015fat\u0131lacak.<\/em> <\/span> <\/p>\n<p> <span style=\"font-size:14px;\">Yalova\u2019da FET\u00d6 operasyonlar\u0131 s\u0131ras\u0131nda kayyum atanan \u00d6zel Y\u00fccebilgili Okulu, 15 Temmuz darbe giri\u015fiminden sonra \u00e7\u0131kart\u0131lan kararname ile Hazineye devredilmi\u015fti. Okul 2016-2017 e\u011fitim y\u0131l\u0131nda hizmet vermeye ba\u015flayacak. FET\u00d6&#8217;n\u00fcn darbe giri\u015fimi s\u0131ras\u0131nda \u00d6zel Harekat Daire Ba\u015fkanl\u0131\u011f\u0131na ger\u00e7ekle\u015ftirilen sald\u0131r\u0131da \u015fehit d\u00fc\u015fen Komiser&nbsp;<em>Zeynep Sa\u011f\u0131r<\/em>\u2019\u0131n ismi okulda ya\u015fat\u0131lacak. Yalova \u0130l Milli E\u011fitim M\u00fcd\u00fcrl\u00fc\u011f\u00fc\u2019nden yap\u0131lan a\u00e7\u0131klamada, 2016-2017 e\u011fitim \u00f6\u011fretim y\u0131l\u0131nda hizmete giren Zeynep Sa\u011f\u0131r Anadolu K\u0131z \u0130mam-Hatip Lisesi\u2019nin \u00f6\u011frencilerini bekledi\u011fi belirtildi.<\/span> <\/p>\n","protected":false},"excerpt":{"rendered":"<p>Yalova&#39;da, Fetullah\u00e7\u0131 Ter\u00f6r \u00d6rg\u00fct\u00fc&#39;n\u00fcn (FET\u00d6) yap\u0131lan operasyon sonras\u0131 kayyum atanan ard\u0131ndan 15 Temmuz darbe giri\u015fimi sonras\u0131 hazineye devredilen \u00d6zel Y\u00fccebilgili<\/p>\n","protected":false},"author":1,"featured_media":5339,"comment_status":"open","ping_status":"open","sticky":false,"template":"","format":"standard","meta":[],"categories":[1],"tags":[],"_links":{"self":[{"href":"http:\/\/www.mertcanpolat.com.tr\/dev\/wp-json\/wp\/v2\/posts\/5338"}],"collection":[{"href":"http:\/\/www.mertcanpolat.com.tr\/dev\/wp-json\/wp\/v2\/posts"}],"about":[{"href":"http:\/\/www.mertcanpolat.com.tr\/dev\/wp-json\/wp\/v2\/types\/post"}],"author":[{"embeddable":true,"href":"http:\/\/www.mertcanpolat.com.tr\/dev\/wp-json\/wp\/v2\/users\/1"}],"replies":[{"embeddable":true,"href":"http:\/\/www.mertcanpolat.com.tr\/dev\/wp-json\/wp\/v2\/comments?post=5338"}],"version-history":[{"count":0,"href":"http:\/\/www.mertcanpolat.com.tr\/dev\/wp-json\/wp\/v2\/posts\/5338\/revisions"}],"wp:featuredmedia":[{"embeddable":true,"href":"http:\/\/www.mertcanpolat.com.tr\/dev\/wp-json\/wp\/v2\/media\/5339"}],"wp:attachment":[{"href":"http:\/\/www.mertcanpolat.com.tr\/dev\/wp-json\/wp\/v2\/media?parent=5338"}],"wp:term":[{"taxonomy":"category","embeddable":true,"href":"http:\/\/www.mertcanpolat.com.tr\/dev\/wp-json\/wp\/v2\/categories?post=5338"},{"taxonomy":"post_tag","embeddable":true,"href":"http:\/\/www.mertcanpolat.com.tr\/dev\/wp-json\/wp\/v2\/tags?post=5338"}],"curies":[{"name":"wp","href":"https:\/\/api.w.org\/{rel}","templated":true}]}}