{"id":5332,"date":"2016-08-29T00:27:00","date_gmt":"2016-08-29T00:27:00","guid":{"rendered":"http:\/\/www.mertcanpolat.com.tr\/dev\/index.php\/2016\/08\/29\/yalova-sehidine-agladi\/"},"modified":"2016-08-29T00:27:00","modified_gmt":"2016-08-29T00:27:00","slug":"yalova-sehidine-agladi","status":"publish","type":"post","link":"http:\/\/www.mertcanpolat.com.tr\/dev\/yalova-sehidine-agladi\/","title":{"rendered":"YALOVA, \u015eEH\u0130D\u0130NE A\u011eLADI"},"content":{"rendered":"<p><b>\u015e\u0131rnak&#39;\u0131n Cizre il\u00e7esinde polis kontrol noktas\u0131na PKK&#39;l\u0131 ter\u00f6ristlerce bomba y\u00fckl\u00fc ara\u00e7la d\u00fczenlenen sald\u0131r\u0131da \u015fehit d\u00fc\u015fen Abdulhamit Kaya (43, Yalova\u2019da topra\u011fa verildi <\/b>   <\/p>\n<p> <span style=\"font-size:14px;\">\u015e\u0131rnak&#8217;\u0131n Cizre il\u00e7esinde polis kontrol noktas\u0131na PKK&#8217;l\u0131 ter\u00f6ristlerce bomba y\u00fckl\u00fc ara\u00e7la d\u00fczenlenen sald\u0131r\u0131da \u015fehit d\u00fc\u015fen Abdulhamit Kaya\u2019n\u0131n (43) ac\u0131 haberi ailesine ula\u015ft\u0131. Bekar olan Kaya\u2019n\u0131n Yalova\u2019n\u0131n \u00c7iftlikk\u00f6y il\u00e7esi Sahil Mahallesi\u2019nde bulunan babas\u0131 Necip ve annesi S\u00fcnd\u00fcz Kaya\u2019ya ac\u0131 haberi Yalova Valisi Tu\u011fba Y\u0131lmaz ve beraberindekiler verdi. \u015eehit haberini vermeye \u00c7iftlikk\u00f6y Kaymakam\u0131 Cengiz Karabulut, AK Parti Yalova Milletvekili Fikri Demirel, Yalova \u0130l Emniyet M\u00fcd\u00fcr\u00fc Mehmet Ali S\u00fcvari ve Yalova \u0130l Jandarma Alay Komutan\u0131 Albay Osman Ye\u015fil\u00f6z de kat\u0131ld\u0131.<\/span> <\/p>\n<p> <span style=\"font-size:14px;\"> <strong> <img alt=\"\" src=\"http:\/\/ajansyalova.com\/Images\/Thumbs\/Editor\/5682-abdulhamitkaya.jpeg\" style=\"border-width: 2px; border-style: solid; margin: 2px; float: left; width: 910px; height: 558px;\" \/>Her T\u00fcrl\u00fc Cezay\u0131, Belay\u0131 Bulacaklar<\/strong> <\/span> <\/p>\n<p> <span style=\"font-size:14px;\">Ba\u015fsa\u011fl\u0131\u011f\u0131 ziyareti \u00e7\u0131k\u0131\u015f\u0131nda gazetecilere a\u00e7\u0131klama yapan Milletvekili Demirel, \u201c\u0130limiz belki b\u00f6yle \u015feylere al\u0131\u015f\u0131k de\u011fil. Ben \u00f6ncelikle aileye ba\u015fsa\u011fl\u0131\u011f\u0131 diliyorum. T\u00fcm milletimizin ba\u015f\u0131 sa\u011f olsun. Allah bunlar\u0131 kahretsin. Ne diyelim yani. \u0130n\u015fallah \u00fclkemizin bu gibi menfur sald\u0131r\u0131lardan bir an \u00f6nce kurtulmas\u0131 i\u00e7in dua ediyoruz. M\u00fccadelemiz s\u00fcrecek. \u015eehitlerimiz olacakt\u0131r muhakkak ama T\u00fcrkiye Cumhuriyeti devletini asla ve katta b\u00f6yle 3-5 tane \u00e7apulcunun yapaca\u011f\u0131 eylemlerle hi\u00e7bir zaman teslim alamayacakt\u0131r. Tekrar \u00fclkemizin ve ailemizin ba\u015f\u0131 sa\u011f olsun\u201d diye konu\u015ftu.<\/span> <\/p>\n<p> <span style=\"font-size:14px;\">Vali Tu\u011fba Y\u0131lmaz ise b\u00fcy\u00fck bir \u00fcz\u00fcnt\u00fc duyduklar\u0131n\u0131 belirterek, \u201c\u015eehidimizin ailesine Allah\u2019tan sab\u0131r diliyoruz. Bu hain ter\u00f6r sald\u0131r\u0131s\u0131n\u0131 hep birlikte lanetliyoruz. Di\u011fer \u015fehitlerimizin ailelerine de ba\u015fsa\u011fl\u0131\u011f\u0131 ve sab\u0131r diliyoruz. \u0130n\u015fallah bu ter\u00f6r belas\u0131 bir an \u00f6nce bitecek ve bu hainler gerekli her t\u00fcrl\u00fc cezay\u0131, belay\u0131 bulacaklar. Ba\u015f\u0131m\u0131z sa\u011f olsun\u201d dedi.<\/span> <\/p>\n<p> <span style=\"font-size:14px;\"> <strong> <img alt=\"\" src=\"http:\/\/ajansyalova.com\/Images\/Thumbs\/Editor\/5683-abdulhamitkaya2.jpeg\" style=\"border-width: 2px; border-style: solid; margin: 2px; float: right; width: 910px; height: 560px;\" \/>Vatan Sa\u011folsun<\/strong> <\/span> <\/p>\n<p> <span style=\"font-size:14px;\">\u015eehidin amcas\u0131 Turhan Kaya ise, \u201cAllah belas\u0131n\u0131 versin k\u00f6t\u00fc insanlar\u0131n. Ne diyebiliriz ki. Memleketimizin, milletimizin ba\u015f\u0131 sa\u011f olsun, vatan sa\u011f olsun\u201d diyerek tepki g\u00f6sterdi.<\/span> <\/p>\n<p> <span style=\"font-size:14px;\"> <strong>Cenaze T\u00f6reni<\/strong> <\/span> <\/p>\n<p> <span style=\"font-size:14px;\">\u015eehit Kaya\u2019n\u0131n&nbsp;naa\u015f\u0131,&nbsp;\u015e\u0131rnak\u2019tan havayolu ile Kocaeli\u2019ne; oradan da karayolu ile&nbsp;helallik al\u0131nmak \u00fczere \u00c7iftlikk\u00f6y il\u00e7esindeki baba evine getirildi. \u015eehit Kaya\u2019n\u0131n naa\u015f\u0131, helallik al\u0131nd\u0131ktan sonra cenaze arabas\u0131yla Yalova Merkez Camisi\u2019ne getirildi.<\/span> <\/p>\n<p> <span style=\"font-size:14px;\">Cenaze t\u00f6reni i\u00e7in Yalova\u2019ya gelen G\u0131da, Tar\u0131m ve Hayvanc\u0131l\u0131k Bakan\u0131&nbsp;Faruk \u00c7elik, \u015fehidin babas\u0131 Necip ve annesi S\u00fcnd\u00fcz Kaya\u2019ya ba\u015fsa\u011fl\u0131\u011f\u0131 dileklerinde bulundu ve bir s\u00fcre onlarla sohbet etti.<\/span> <\/p>\n<p> <span style=\"font-size:14px;\">\u015eehit Kaya\u2019n\u0131n naa\u015f\u0131 \u00f6\u011fle namaz\u0131na m\u00fcteakip k\u0131l\u0131nan cenaze namaz\u0131n\u0131n ard\u0131ndan Gazipa\u015fa Caddesi \u00fczerinden ge\u00e7i\u015f yapt\u0131\u011f\u0131 s\u0131rada vatanda\u015flar, &#8220;\u015eehitler \u00f6lmez vatan b\u00f6l\u00fcnmez&#8221; sloganlar\u0131 att\u0131 ve tekbirler getirdi.<\/span> <\/p>\n<p> <span style=\"font-size:14px;\"> <img alt=\"\" src=\"http:\/\/ajansyalova.com\/Images\/Thumbs\/Editor\/5684-abdulhamitkaya3.jpeg\" style=\"border-width: 2px; border-style: solid; margin: 2px; float: left; width: 910px; height: 340px;\" \/>Kaya\u2019n\u0131n naa\u015f\u0131 sonras\u0131nda Yalova Polis \u015eehitli\u011fi\u2019nde topra\u011fa verildi. Cenaze t\u00f6renine Yalova Valisi Tu\u011fba Y\u0131lmaz, &nbsp;CHP&nbsp;<em>D\u0131\u015f \u0130li\u015fkilerden Sorumlu Genel Ba\u015fkan Yard\u0131mc\u0131s\u0131 \u00d6zt\u00fcrk Y\u0131lmaz<\/em>, AK Parti Yalova Milletvekili Fikri Demirel, CHP Yalova Milletvekili Muharrem \u0130nce, Yalova Belediye Ba\u015fkan\u0131 Vefa Salman, il\u00e7e kaymakamlar\u0131, belediye ba\u015fkanlar\u0131 ile binlerce vatanda\u015f kat\u0131ld\u0131.<\/span> <\/p>\n<p>&nbsp;<\/p>\n<p>&nbsp;<\/p>\n<p>&nbsp;<\/p>\n<p>&nbsp;<\/p>\n","protected":false},"excerpt":{"rendered":"<p>\u015e\u0131rnak&#39;\u0131n Cizre il\u00e7esinde polis kontrol noktas\u0131na PKK&#39;l\u0131 ter\u00f6ristlerce bomba y\u00fckl\u00fc ara\u00e7la d\u00fczenlenen sald\u0131r\u0131da \u015fehit d\u00fc\u015fen Abdulhamit Kaya (43, Yalova\u2019da topra\u011fa<\/p>\n","protected":false},"author":1,"featured_media":5333,"comment_status":"open","ping_status":"open","sticky":false,"template":"","format":"standard","meta":[],"categories":[1],"tags":[],"_links":{"self":[{"href":"http:\/\/www.mertcanpolat.com.tr\/dev\/wp-json\/wp\/v2\/posts\/5332"}],"collection":[{"href":"http:\/\/www.mertcanpolat.com.tr\/dev\/wp-json\/wp\/v2\/posts"}],"about":[{"href":"http:\/\/www.mertcanpolat.com.tr\/dev\/wp-json\/wp\/v2\/types\/post"}],"author":[{"embeddable":true,"href":"http:\/\/www.mertcanpolat.com.tr\/dev\/wp-json\/wp\/v2\/users\/1"}],"replies":[{"embeddable":true,"href":"http:\/\/www.mertcanpolat.com.tr\/dev\/wp-json\/wp\/v2\/comments?post=5332"}],"version-history":[{"count":0,"href":"http:\/\/www.mertcanpolat.com.tr\/dev\/wp-json\/wp\/v2\/posts\/5332\/revisions"}],"wp:featuredmedia":[{"embeddable":true,"href":"http:\/\/www.mertcanpolat.com.tr\/dev\/wp-json\/wp\/v2\/media\/5333"}],"wp:attachment":[{"href":"http:\/\/www.mertcanpolat.com.tr\/dev\/wp-json\/wp\/v2\/media?parent=5332"}],"wp:term":[{"taxonomy":"category","embeddable":true,"href":"http:\/\/www.mertcanpolat.com.tr\/dev\/wp-json\/wp\/v2\/categories?post=5332"},{"taxonomy":"post_tag","embeddable":true,"href":"http:\/\/www.mertcanpolat.com.tr\/dev\/wp-json\/wp\/v2\/tags?post=5332"}],"curies":[{"name":"wp","href":"https:\/\/api.w.org\/{rel}","templated":true}]}}