{"id":5328,"date":"2016-08-29T00:48:00","date_gmt":"2016-08-29T00:48:00","guid":{"rendered":"http:\/\/www.mertcanpolat.com.tr\/dev\/index.php\/2016\/08\/29\/macide-anneyi-ugurladik\/"},"modified":"2016-08-29T00:48:00","modified_gmt":"2016-08-29T00:48:00","slug":"macide-anneyi-ugurladik","status":"publish","type":"post","link":"http:\/\/www.mertcanpolat.com.tr\/dev\/macide-anneyi-ugurladik\/","title":{"rendered":"MAC\u0130DE ANNE&#39;Y\u0130 U\u011eURLADIK"},"content":{"rendered":"<p><b>Tedavi g\u00f6rd\u00fc\u011f\u00fc Kocaeli \u00dcniversitesi Ara\u015ft\u0131rma ve Uygulama Hastanesi\u2019nde vefat eden &#8220;TBMM \u00dcst\u00fcn Hizmet \u00d6d\u00fcl\u00fc&#8221; sahibi emekli fizik \u00f6\u011fretmeni Macide Alp (90), \u00c7\u0131narc\u0131k\u2019ta son yolculu\u011funa u\u011furland\u0131.<\/b>   <\/p>\n<p> <span style=\"font-size:14px;\">Alp\u2019in cenaze namaz\u0131 \u00c7\u0131narc\u0131k Merkez Camisi\u2019nde ikindi namaz\u0131n\u0131n ard\u0131ndan k\u0131l\u0131nd\u0131. Cenaze t\u00f6renine Yalova Belediye Ba\u015fkan Yard\u0131mc\u0131s\u0131 Halit G\u00fcle\u00e7, \u00c7\u0131narc\u0131k Belediye Ba\u015fkan\u0131 Avni Kurt ve \u00e7ok say\u0131da vatanda\u015f kat\u0131ld\u0131.<\/span> <\/p>\n<p> <span style=\"font-size:14px;\">Cenaze namaz\u0131n\u0131n ard\u0131ndan Alp i\u00e7in kendi yapt\u0131rd\u0131\u011f\u0131 Atat\u00fcrk Bilim Sanat Merkezi\u2019nde bir t\u00f6ren d\u00fczenlendi. Burada d\u00fczenlenen t\u00f6renin ard\u0131ndan Alp\u2019in naa\u015f\u0131 \u00c7\u0131narc\u0131k Belediyesi Yeni Mezarl\u0131k\u2019ta defnedildi.<\/span> <\/p>\n<p> <span style=\"font-size:14px;\"> <img alt=\"\" src=\"http:\/\/ajansyalova.com\/Images\/Thumbs\/Editor\/5687-macidealpcenaze.jpeg\" style=\"border-width: 2px; border-style: solid; margin: 2px; float: left; width: 910px; height: 447px;\" \/>Alp\u2019e e\u011fitime katk\u0131lar\u0131ndan dolay\u0131 2009 y\u0131l\u0131nda &#8220;<a href=\"http:\/\/www.hurriyet.com.tr\/index\/tbmm\" target=\"_blank\">TBMM<\/a>&nbsp;\u00dcst\u00fcn \u00d6d\u00fcl\u00fc&#8221;&nbsp;verilmi\u015fti. Alp, kentte Atat\u00fcrk Bilim Sanat Merkezi\u2019ni yapt\u0131rmas\u0131n\u0131n yan\u0131 s\u0131ra bir\u00e7ok okul, hastane ve caminin ihtiya\u00e7lar\u0131n\u0131 kar\u015f\u0131lam\u0131\u015ft\u0131.<\/span> <\/p>\n<p> <span style=\"font-size:14px;\">Alp, \u00c7\u0131narc\u0131k il\u00e7esi ve Yalova Merkez\u2019deki Atat\u00fcrk heykellerinin de yap\u0131m\u0131n\u0131 \u00fcstlenmi\u015fti.<\/span> <\/p>\n<p>&nbsp;<\/p>\n","protected":false},"excerpt":{"rendered":"<p>Tedavi g\u00f6rd\u00fc\u011f\u00fc Kocaeli \u00dcniversitesi Ara\u015ft\u0131rma ve Uygulama Hastanesi\u2019nde vefat eden &#8220;TBMM \u00dcst\u00fcn Hizmet \u00d6d\u00fcl\u00fc&#8221; sahibi emekli fizik \u00f6\u011fretmeni Macide Alp<\/p>\n","protected":false},"author":1,"featured_media":5329,"comment_status":"open","ping_status":"open","sticky":false,"template":"","format":"standard","meta":[],"categories":[1],"tags":[],"_links":{"self":[{"href":"http:\/\/www.mertcanpolat.com.tr\/dev\/wp-json\/wp\/v2\/posts\/5328"}],"collection":[{"href":"http:\/\/www.mertcanpolat.com.tr\/dev\/wp-json\/wp\/v2\/posts"}],"about":[{"href":"http:\/\/www.mertcanpolat.com.tr\/dev\/wp-json\/wp\/v2\/types\/post"}],"author":[{"embeddable":true,"href":"http:\/\/www.mertcanpolat.com.tr\/dev\/wp-json\/wp\/v2\/users\/1"}],"replies":[{"embeddable":true,"href":"http:\/\/www.mertcanpolat.com.tr\/dev\/wp-json\/wp\/v2\/comments?post=5328"}],"version-history":[{"count":0,"href":"http:\/\/www.mertcanpolat.com.tr\/dev\/wp-json\/wp\/v2\/posts\/5328\/revisions"}],"wp:featuredmedia":[{"embeddable":true,"href":"http:\/\/www.mertcanpolat.com.tr\/dev\/wp-json\/wp\/v2\/media\/5329"}],"wp:attachment":[{"href":"http:\/\/www.mertcanpolat.com.tr\/dev\/wp-json\/wp\/v2\/media?parent=5328"}],"wp:term":[{"taxonomy":"category","embeddable":true,"href":"http:\/\/www.mertcanpolat.com.tr\/dev\/wp-json\/wp\/v2\/categories?post=5328"},{"taxonomy":"post_tag","embeddable":true,"href":"http:\/\/www.mertcanpolat.com.tr\/dev\/wp-json\/wp\/v2\/tags?post=5328"}],"curies":[{"name":"wp","href":"https:\/\/api.w.org\/{rel}","templated":true}]}}