{"id":5326,"date":"2016-08-30T00:32:00","date_gmt":"2016-08-30T00:32:00","guid":{"rendered":"http:\/\/www.mertcanpolat.com.tr\/dev\/index.php\/2016\/08\/30\/balikcilar-sezondan-umutlu\/"},"modified":"2016-08-30T00:32:00","modified_gmt":"2016-08-30T00:32:00","slug":"balikcilar-sezondan-umutlu","status":"publish","type":"post","link":"http:\/\/www.mertcanpolat.com.tr\/dev\/balikcilar-sezondan-umutlu\/","title":{"rendered":"BALIK\u00c7ILAR SEZONDAN UMUTLU"},"content":{"rendered":"<p><b>Bal\u0131k av\u0131nda sezon a\u00e7\u0131l\u0131rken Yalova Merkez \u0130l\u00e7e Su \u00dcr\u00fcnleri Kooperatifi Ba\u015fkan\u0131 Erdal Tokalak, &#8220;En b\u00fcy\u00fck umudumuz palamut ile l\u00fcfer. Bizim ald\u0131\u011f\u0131m\u0131z havadislere g\u00f6re palamut ve l\u00fcfer bol olacak. Daha do\u011frusu son umudumuz, son \u00e7abam\u0131z. Bu sene palamut olmazsa, ger\u00e7ekten bal\u0131k\u00e7\u0131y\u0131 k\u00f6t\u00fc g\u00fcnler bekleyecek.&#8221; dedi.<\/b>   <\/p>\n<p> <span style=\"font-size:14px;\">&#8220;Vira Bismillah&#8221; diyerek denize a\u00e7\u0131lmak i\u00e7in haz\u0131rl\u0131klar\u0131n\u0131 tamamlay\u0131p, av yasa\u011f\u0131n\u0131n kalkaca\u011f\u0131 1 Eyl\u00fcl&#8217;\u00fc iple \u00e7eken bal\u0131k\u00e7\u0131lar, palamut bollu\u011fu bekliyor. Yalova Merkez \u0130l\u00e7e Su \u00dcr\u00fcnleri Kooperatifi Ba\u015fkan\u0131 Erdal Tokalak, yapt\u0131\u011f\u0131 a\u00e7\u0131klamada, ge\u00e7en y\u0131l k\u00f6t\u00fc bir sezon ge\u00e7irdiklerini ve denizdeki baz\u0131 olumsuzluklar\u0131n bal\u0131k\u00e7\u0131lara ciddi darbe vurdu\u011funu belirtti.&nbsp;<\/span> <\/p>\n<p> <span style=\"font-size:14px;\">Tokalak, bu y\u0131l&nbsp;ise sezondan \u00e7ok umutlu olduklar\u0131n\u0131 vurgulayarak, &#8220;Bizim ald\u0131\u011f\u0131m\u0131z havadislere g\u00f6re palamut ve l\u00fcfer bol olacak, bu bize umut veriyor.&nbsp;Daha do\u011frusu son umudumuz, son \u00e7abam\u0131z. Bu sene palamut olmazsa, ger\u00e7ekten bal\u0131k\u00e7\u0131y\u0131 k\u00f6t\u00fc g\u00fcnler bekleyecek.&#8221; diye konu\u015ftu.<\/span> <\/p>\n<p> <span style=\"font-size:14px;\">Bal\u0131k\u00e7\u0131lar\u0131n t\u00fcm beklentilerinin Karadeniz&#8217;den oldu\u011funu anlatan Tokalak, &#8220;\u0130l\u00e7elerle beraber d\u00fc\u015f\u00fcnd\u00fc\u011f\u00fcm\u00fczde 200&#8217;\u00fcn \u00fczerinde tekne var. Teknelerimizin hemen hemen y\u00fczde 70&#8217;i Karadeniz&#8217;e a\u00e7\u0131lacak. Allah&#8217;\u0131n izniyle 1 Eyl\u00fcl&#8217;\u00fc, palamutla ba\u015flayacak sezonu bekliyoruz. En b\u00fcy\u00fck umudumuz palamut ile l\u00fcfer.&#8221; ifadesini kulland\u0131.<\/span> <\/p>\n<p> <span style=\"font-size:14px;\">Bal\u0131k\u00e7\u0131l\u0131kta son 3-4 y\u0131lda ciddi s\u0131k\u0131nt\u0131lar ya\u015fad\u0131klar\u0131n\u0131, bor\u00e7lar\u0131n\u0131 kapatmak i\u00e7in bu sezona umut ba\u011flad\u0131klar\u0131n\u0131 kaydeden Tokalak, \u015f\u00f6yle devam etti:&nbsp;<\/span> <\/p>\n<p> <span style=\"font-size:14px;\">&#8220;Bir tek Yalova bal\u0131k\u00e7\u0131lar\u0131 de\u011fil Marmara&#8217;daki b\u00fct\u00fcn bal\u0131k\u00e7\u0131lar umudu palamuda ba\u011flad\u0131, hepsi ayn\u0131. \u00c7anakkale, Bursa, Kocaeli&#8217;ndeki bal\u0131k\u00e7\u0131larla hep irtibat halindeyiz. Bo\u011fazdaki bal\u0131k\u00e7\u0131lar iyi bal\u0131k tutuyor. Onlar bo\u011faz\u0131n velinimetinden yararlan\u0131yorlar. Bizim \u00f6yle bir \u015fans\u0131m\u0131z yok.&#8221;<\/span> <\/p>\n<p> <span style=\"font-size:14px;\"> <strong>Ucuza Palamut Olabilir<\/strong> <\/span> <\/p>\n<p> <span style=\"font-size:14px;\">Tokalak, palamudun bol olmas\u0131 halinde vatanda\u015f\u0131n da bal\u0131\u011f\u0131 ucuza yiyebilece\u011fini belirterek, \u015funlar\u0131 s\u00f6yledi:<\/span> <\/p>\n<p> <span style=\"font-size:14px;\">&#8220;15 A\u011fustos itibar\u0131yla \u00e7apari yani olta ile palamut tutmak serbest. Ay ba\u015f\u0131nda da a\u011flara serbestlik gelecek. Bu haliyle de piyasaya yans\u0131yacak. \u015eimdi palamudun \u00e7ifti 15-20 lira aras\u0131nda mezatlarda sat\u0131l\u0131yor. 200-400 gram aras\u0131nda de\u011fi\u015fen bal\u0131klar. 1 Eyl\u00fcl&#8217;de g\u0131rg\u0131rlar, bizler devreye girince bu d\u00fc\u015f\u00fcnd\u00fc\u011f\u00fcm\u00fcz bal\u0131klar da devam ederse \u00e7ok ucuz fiyata vatanda\u015flar palamut yiyebilir.&#8221; &nbsp;<\/span> <\/p>\n<p> <span style=\"font-size:14px;\">Genelde Yaloval\u0131 bal\u0131k\u00e7\u0131lar olarak \u015eile, A\u011fva, Kefken ve Barganl\u0131&#8217;da avland\u0131klar\u0131na i\u015faret eden Tokalak, bal\u0131k\u00e7\u0131lar\u0131n bal\u0131\u011f\u0131n ak\u0131\u015f\u0131na g\u00f6re hareket edeceklerini aktard\u0131.<\/span> <\/p>\n<p> <span style=\"font-size:14px;\">Bal\u0131k\u00e7\u0131lar\u0131n teknelerin tamir ve bak\u0131mlar\u0131yla u\u011fra\u015ft\u0131\u011f\u0131n\u0131 ve haz\u0131rl\u0131klar\u0131n\u0131 tamamlad\u0131klar\u0131n\u0131 belirten Tokalak, &nbsp;&#8220;Makinelere bak\u0131m yapt\u0131k, hepsi zaten \u00e7al\u0131\u015f\u0131r halde. Herhangi bir aksakl\u0131\u011fa mahal vermeyecek \u015fekilde g\u00f6zden ge\u00e7irdik. Kay\u0131klar\u0131n boya bak\u0131mlar\u0131n\u0131 yapt\u0131k. Bunlar\u0131n hepsi hemen olacak i\u015fler de\u011fil. Yakla\u015f\u0131k bir ayd\u0131r burada gerek a\u011flar, tak\u0131mlar gerekse kay\u0131klar\u0131 Karadeniz&#8217;e haz\u0131rlad\u0131k. \u00c7\u00fcnk\u00fc bal\u0131k\u00e7\u0131lar\u0131m\u0131z orada konaklayacak. Kas\u0131m ay\u0131na kadar orada kalacaklar. Gerekirse teknelerde yat\u0131p kalkacaklar veya orada pansiyonlarda yat\u0131p kalkacaklar. Umudumuz Karadeniz&#8217;de palamut olacak bu sene. Arkadan da biraz l\u00fcfer olursa \u00e7ok iyi olur. Buradan gidemeyen arkada\u015flar\u0131m\u0131z da Marmara&#8217;da palamudu kovalayacak.&#8221; de\u011ferlendirmesinde bulundu.<\/span> <\/p>\n<p> <span style=\"font-size:14px;\"> <strong>Sezondan Umutlular<\/strong> <\/span> <\/p>\n<p> <span style=\"font-size:14px;\">Yaloval\u0131 bal\u0131k\u00e7\u0131lardan Niyazi Karata\u015f ise 40 y\u0131ld\u0131r bal\u0131k\u00e7\u0131l\u0131kla u\u011fra\u015ft\u0131\u011f\u0131n\u0131 belirterek, sezona y\u00f6nelik t\u00fcm haz\u0131rl\u0131klar\u0131 tamamlad\u0131klar\u0131n\u0131 bildirdi.<\/span> <\/p>\n<p> <span style=\"font-size:14px;\">Palamutta bolluk beklediklerini ifade eden Karata\u015f, &#8220;Karadeniz&#8217;e gitmek \u00fczere t\u00fcm haz\u0131rl\u0131klar\u0131m\u0131z tamamlad\u0131k. Teknelerimiz haz\u0131r. A\u011flar\u0131m\u0131z\u0131 onard\u0131k. Son r\u00f6tu\u015flar\u0131 yap\u0131p gidece\u011fiz. Ald\u0131\u011f\u0131m\u0131z duyumlara g\u00f6re bu sene palamut bol olacak. Dereyi g\u00f6rmeden pa\u00e7ay\u0131 s\u0131vamayaca\u011f\u0131z. Hava \u015fartlar\u0131 d\u00fczg\u00fcn giderse umudumuz var. Arkada\u015flar bu sene palamudun \u00e7ok oldu\u011funu s\u00f6yl\u00fcyorlar.&#8221; dedi.<\/span> <\/p>\n<p> <span style=\"font-size:14px;\">Bal\u0131k\u00e7\u0131lardan Haluk Y\u00fczer de 45 y\u0131ld\u0131r ekme\u011fini bal\u0131k\u00e7\u0131l\u0131ktan \u00e7\u0131kard\u0131\u011f\u0131n\u0131, bu sene palamut a\u00e7\u0131s\u0131ndan iyi bir sezon beklediklerini vurgulayarak,&nbsp;&#8220;Karadeniz&#8217;den ald\u0131\u011f\u0131m\u0131z haberler \u00e7ok olumlu. Palamut a\u011flar\u0131 haz\u0131rlad\u0131k. Uzatma a\u011flar\u0131 temin ettik. Elimizden gelen b\u00fct\u00fcn haz\u0131rl\u0131klar\u0131 tamamlad\u0131k. Bal\u0131k\u00e7\u0131lar umudu palamuda ba\u011flad\u0131, rotam\u0131z 1 Eyl\u00fcl. Allah nasip ederse bu sene t\u00fcm umudumuz palamut.&#8221; diye konu\u015ftu.<\/span> <\/p>\n<p>&nbsp;<\/p>\n","protected":false},"excerpt":{"rendered":"<p>Bal\u0131k av\u0131nda sezon a\u00e7\u0131l\u0131rken Yalova Merkez \u0130l\u00e7e Su \u00dcr\u00fcnleri Kooperatifi Ba\u015fkan\u0131 Erdal Tokalak, &#8220;En b\u00fcy\u00fck umudumuz palamut ile l\u00fcfer. Bizim<\/p>\n","protected":false},"author":1,"featured_media":5327,"comment_status":"open","ping_status":"open","sticky":false,"template":"","format":"standard","meta":[],"categories":[1],"tags":[],"_links":{"self":[{"href":"http:\/\/www.mertcanpolat.com.tr\/dev\/wp-json\/wp\/v2\/posts\/5326"}],"collection":[{"href":"http:\/\/www.mertcanpolat.com.tr\/dev\/wp-json\/wp\/v2\/posts"}],"about":[{"href":"http:\/\/www.mertcanpolat.com.tr\/dev\/wp-json\/wp\/v2\/types\/post"}],"author":[{"embeddable":true,"href":"http:\/\/www.mertcanpolat.com.tr\/dev\/wp-json\/wp\/v2\/users\/1"}],"replies":[{"embeddable":true,"href":"http:\/\/www.mertcanpolat.com.tr\/dev\/wp-json\/wp\/v2\/comments?post=5326"}],"version-history":[{"count":0,"href":"http:\/\/www.mertcanpolat.com.tr\/dev\/wp-json\/wp\/v2\/posts\/5326\/revisions"}],"wp:featuredmedia":[{"embeddable":true,"href":"http:\/\/www.mertcanpolat.com.tr\/dev\/wp-json\/wp\/v2\/media\/5327"}],"wp:attachment":[{"href":"http:\/\/www.mertcanpolat.com.tr\/dev\/wp-json\/wp\/v2\/media?parent=5326"}],"wp:term":[{"taxonomy":"category","embeddable":true,"href":"http:\/\/www.mertcanpolat.com.tr\/dev\/wp-json\/wp\/v2\/categories?post=5326"},{"taxonomy":"post_tag","embeddable":true,"href":"http:\/\/www.mertcanpolat.com.tr\/dev\/wp-json\/wp\/v2\/tags?post=5326"}],"curies":[{"name":"wp","href":"https:\/\/api.w.org\/{rel}","templated":true}]}}