{"id":5324,"date":"2016-08-30T00:37:00","date_gmt":"2016-08-30T00:37:00","guid":{"rendered":"http:\/\/www.mertcanpolat.com.tr\/dev\/index.php\/2016\/08\/30\/basbakan-yardimcisi-simsek-yalovada\/"},"modified":"2016-08-30T00:37:00","modified_gmt":"2016-08-30T00:37:00","slug":"basbakan-yardimcisi-simsek-yalovada","status":"publish","type":"post","link":"http:\/\/www.mertcanpolat.com.tr\/dev\/basbakan-yardimcisi-simsek-yalovada\/","title":{"rendered":"BA\u015eBAKAN YARDIMCISI \u015e\u0130M\u015eEK YALOVA&#39;DA"},"content":{"rendered":"<p><b>Ba\u015fbakan Yard\u0131mc\u0131s\u0131 Mehmet \u015eim\u015fek, Yalova\u2019da ye\u011feninin d\u00fc\u011f\u00fcn\u00fcne kat\u0131larak sevince ortak olurken Cizre\u2019de \u015fehit d\u00fc\u015fen polis memurunun ailesinin ac\u0131s\u0131n\u0131 da payla\u015ft\u0131 <\/b>   <\/p>\n<p> <span style=\"font-size:14px;\">Ba\u015fbakan Yard\u0131mc\u0131s\u0131 Mehmet \u015eim\u015fek ye\u011feni Esra (\u015eim\u015fek) Yal\u00e7\u0131n ile Vedat Yal\u00e7\u0131n\u2019\u0131n nikah t\u00f6renine kat\u0131lmak \u00fczere Yalova\u2019ya geldi. D\u00fc\u011f\u00fcn\u00fcn ger\u00e7ekle\u015fti\u011fi Donanma Tesisleri giri\u015finde Ba\u015fbakan Yard\u0131mc\u0131s\u0131 \u015eim\u015fek ve e\u015fi Esra \u015eim\u015fek\u2019i Yalova Valisi Tu\u011fba Y\u0131lmaz, AK Parti Yalova Milletvekili Fikri Demirel ve AK Parti Yalova \u0130l Ba\u015fkan\u0131 Yusuf Ziya \u00d6ztabak kar\u015f\u0131lad\u0131. Davetlilerle selamla\u015fan \u015eim\u015fek, ye\u011feni Esra (\u015eim\u015fek) Yal\u00e7\u0131n\u2019\u0131n nik\u00e2h \u015fahitli\u011fini yapt\u0131. Gen\u00e7 \u00e7iftin nik\u00e2h\u0131n\u0131 CHP\u2019li Yalova Belediye Ba\u015fkan\u0131 Vefa Salman k\u0131yarken, evlilik c\u00fczdan\u0131n\u0131 ise ye\u011feni Esra (\u015eim\u015fek) Yal\u00e7\u0131n\u2019a amcas\u0131 Mehmet \u015eim\u015fek verdi. Evlilik c\u00fczdan\u0131n\u0131 ye\u011fenine takdim eden \u015eim\u015fek, \u201cZaman zaman evliliklerde tart\u0131\u015fmalar olabilir. Bu normaldir. \u00d6nemli olan da orada kar\u015f\u0131l\u0131kl\u0131 sayg\u0131 ve sevgidir. Payla\u015ft\u0131k\u00e7a artan nadir \u015feylerden birisi sevgidir. O y\u00fczden evlili\u011finizde sayg\u0131 ve sevgiyi eksik etmeyin\u201d diye tavsiyelerde bulundu.<\/span> <\/p>\n<p> <span style=\"font-size:14px;\"> <img alt=\"\" src=\"http:\/\/ajansyalova.com\/Images\/Thumbs\/Editor\/5690-mehmetsimsekyalovada.jpeg\" style=\"border-width: 2px; border-style: solid; margin: 2px; float: left; width: 910px; height: 450px;\" \/> <\/span> <\/p>\n<p> <span style=\"font-size:14px;\">Ye\u011feninin mutlulu\u011funa ortak olan \u015eim\u015fek, ard\u0131ndan Cizre\u2019de bombal\u0131 sald\u0131r\u0131da \u015fehit olan 11 polisten biri olan Yaloval\u0131 \u015fehit polis Abd\u00fclhamit Kaya\u2019n\u0131n \u00c7iftlikk\u00f6y\u2019deki baba evine taziye ziyaretinde bulundu. \u015eehidin yak\u0131nlar\u0131na ba\u015fsa\u011fl\u0131\u011f\u0131 dileyen \u015eim\u015fek, ac\u0131l\u0131 baba Necip Kaya ile bir s\u00fcre sohbet etti. Yalova M\u00fcft\u00fcl\u00fc\u011f\u00fc\u2019n\u00fcn okudu\u011fu duaya da e\u015flik eden \u015eim\u015fek, ard\u0131ndan karayolu ile \u0130stanbul\u2019a hareket etti.<\/span> <\/p>\n<p>&nbsp;<\/p>\n","protected":false},"excerpt":{"rendered":"<p>Ba\u015fbakan Yard\u0131mc\u0131s\u0131 Mehmet \u015eim\u015fek, Yalova\u2019da ye\u011feninin d\u00fc\u011f\u00fcn\u00fcne kat\u0131larak sevince ortak olurken Cizre\u2019de \u015fehit d\u00fc\u015fen polis memurunun ailesinin ac\u0131s\u0131n\u0131 da payla\u015ft\u0131<\/p>\n","protected":false},"author":1,"featured_media":5325,"comment_status":"open","ping_status":"open","sticky":false,"template":"","format":"standard","meta":[],"categories":[1],"tags":[],"_links":{"self":[{"href":"http:\/\/www.mertcanpolat.com.tr\/dev\/wp-json\/wp\/v2\/posts\/5324"}],"collection":[{"href":"http:\/\/www.mertcanpolat.com.tr\/dev\/wp-json\/wp\/v2\/posts"}],"about":[{"href":"http:\/\/www.mertcanpolat.com.tr\/dev\/wp-json\/wp\/v2\/types\/post"}],"author":[{"embeddable":true,"href":"http:\/\/www.mertcanpolat.com.tr\/dev\/wp-json\/wp\/v2\/users\/1"}],"replies":[{"embeddable":true,"href":"http:\/\/www.mertcanpolat.com.tr\/dev\/wp-json\/wp\/v2\/comments?post=5324"}],"version-history":[{"count":0,"href":"http:\/\/www.mertcanpolat.com.tr\/dev\/wp-json\/wp\/v2\/posts\/5324\/revisions"}],"wp:featuredmedia":[{"embeddable":true,"href":"http:\/\/www.mertcanpolat.com.tr\/dev\/wp-json\/wp\/v2\/media\/5325"}],"wp:attachment":[{"href":"http:\/\/www.mertcanpolat.com.tr\/dev\/wp-json\/wp\/v2\/media?parent=5324"}],"wp:term":[{"taxonomy":"category","embeddable":true,"href":"http:\/\/www.mertcanpolat.com.tr\/dev\/wp-json\/wp\/v2\/categories?post=5324"},{"taxonomy":"post_tag","embeddable":true,"href":"http:\/\/www.mertcanpolat.com.tr\/dev\/wp-json\/wp\/v2\/tags?post=5324"}],"curies":[{"name":"wp","href":"https:\/\/api.w.org\/{rel}","templated":true}]}}