{"id":5288,"date":"2016-10-04T16:46:00","date_gmt":"2016-10-04T16:46:00","guid":{"rendered":"http:\/\/www.mertcanpolat.com.tr\/dev\/index.php\/2016\/10\/04\/meclisten-polise-kiyak\/"},"modified":"2016-10-04T16:46:00","modified_gmt":"2016-10-04T16:46:00","slug":"meclisten-polise-kiyak","status":"publish","type":"post","link":"http:\/\/www.mertcanpolat.com.tr\/dev\/meclisten-polise-kiyak\/","title":{"rendered":"MECL\u0130STEN POL\u0130SE KIYAK"},"content":{"rendered":"<p><b>Yalova \u0130l Genel Meclisi, Yalova Emniyeti\u2019nde g\u00f6rev yapan motorize unsurlar olan \u2018\u015fahinlere\u2019 k\u0131yafet al\u0131m\u0131n\u0131 karara ba\u011flad\u0131. Motorize ekiplere yeni k\u0131yafetler al\u0131nacak <\/b>   <\/p>\n<p> <span style=\"font-size:14px;\">Ya\u015far Demirel ba\u015fkanl\u0131\u011f\u0131nda Ekim ay\u0131 oturumlar\u0131na ba\u015flayan Yalova \u0130l Genel Meclisi, ilk oturumda Yalova Emniyet M\u00fcd\u00fcrl\u00fc\u011f\u00fc Trafik Denetleme \u015eube M\u00fcd\u00fcrl\u00fc\u011f\u00fcnde g\u00f6rev yapan motorize ekiplere k\u0131yafet al\u0131m\u0131n\u0131 g\u00f6r\u00fc\u015ft\u00fc.<\/span> <\/p>\n<p> <span style=\"font-size:14px;\">Yap\u0131lan oturumda \u2018\u015fahin\u2019 olarak bilinen motorize ekiplere Emniyet Genel M\u00fcd\u00fcrl\u00fc\u011f\u00fc taraf\u0131ndan y\u0131lda bir kez tahsis edilen motorcu k\u0131yafetlerinin yetersiz oldu\u011fu, s\u00f6z konusu motorize unsurda g\u00f6revli personeller i\u00e7in 12 tak\u0131m motorcu k\u0131yafetine ihtiya\u00e7 duyuldu\u011fu bildirildi. Bunun \u00fczerine bunun i\u00e7in gerekli \u00f6dene\u011fin tahsis edilmesi kararla\u015ft\u0131r\u0131ld\u0131. Meclis, karar\u0131 oy birli\u011fiyle ge\u00e7irdi.<\/span> <\/p>\n<p> <span style=\"font-size:14px;\">\u00d6te yandan toplant\u0131da ayr\u0131ca \u0130l \u00d6zel \u0130daresine verilen yetki ve sorumluluk kapsam\u0131nda bulunan k\u00f6ylere g\u00f6t\u00fcr\u00fclmesi gereken alt ve \u00fcstyap\u0131 hizmetlerinin yerine getirilebilmesi i\u00e7in gerekli mali kayna\u011f\u0131n temini amac\u0131yla \u0130dare taraf\u0131ndan yap\u0131lan \u00e7al\u0131\u015fmalar\u0131n de\u011ferlendirilmesi g\u00f6r\u00fc\u015f\u00fcld\u00fc. Plan ve B\u00fct\u00e7e Komisyonu, \u00c7evre ve Sa\u011fl\u0131k Komisyonu ile Ara\u015ft\u0131rma ve Geli\u015ftirme Komisyonu konuyla ilgili ek s\u00fcre talebinde bulundu. Ek s\u00fcre iste\u011fi de meclis taraf\u0131ndan oy birli\u011fiyle al\u0131nd\u0131.<\/span> <\/p>\n","protected":false},"excerpt":{"rendered":"<p>Yalova \u0130l Genel Meclisi, Yalova Emniyeti\u2019nde g\u00f6rev yapan motorize unsurlar olan \u2018\u015fahinlere\u2019 k\u0131yafet al\u0131m\u0131n\u0131 karara ba\u011flad\u0131. Motorize ekiplere yeni k\u0131yafetler<\/p>\n","protected":false},"author":1,"featured_media":5289,"comment_status":"open","ping_status":"open","sticky":false,"template":"","format":"standard","meta":[],"categories":[1],"tags":[],"_links":{"self":[{"href":"http:\/\/www.mertcanpolat.com.tr\/dev\/wp-json\/wp\/v2\/posts\/5288"}],"collection":[{"href":"http:\/\/www.mertcanpolat.com.tr\/dev\/wp-json\/wp\/v2\/posts"}],"about":[{"href":"http:\/\/www.mertcanpolat.com.tr\/dev\/wp-json\/wp\/v2\/types\/post"}],"author":[{"embeddable":true,"href":"http:\/\/www.mertcanpolat.com.tr\/dev\/wp-json\/wp\/v2\/users\/1"}],"replies":[{"embeddable":true,"href":"http:\/\/www.mertcanpolat.com.tr\/dev\/wp-json\/wp\/v2\/comments?post=5288"}],"version-history":[{"count":0,"href":"http:\/\/www.mertcanpolat.com.tr\/dev\/wp-json\/wp\/v2\/posts\/5288\/revisions"}],"wp:featuredmedia":[{"embeddable":true,"href":"http:\/\/www.mertcanpolat.com.tr\/dev\/wp-json\/wp\/v2\/media\/5289"}],"wp:attachment":[{"href":"http:\/\/www.mertcanpolat.com.tr\/dev\/wp-json\/wp\/v2\/media?parent=5288"}],"wp:term":[{"taxonomy":"category","embeddable":true,"href":"http:\/\/www.mertcanpolat.com.tr\/dev\/wp-json\/wp\/v2\/categories?post=5288"},{"taxonomy":"post_tag","embeddable":true,"href":"http:\/\/www.mertcanpolat.com.tr\/dev\/wp-json\/wp\/v2\/tags?post=5288"}],"curies":[{"name":"wp","href":"https:\/\/api.w.org\/{rel}","templated":true}]}}