{"id":5286,"date":"2016-10-04T17:16:00","date_gmt":"2016-10-04T17:16:00","guid":{"rendered":"http:\/\/www.mertcanpolat.com.tr\/dev\/index.php\/2016\/10\/04\/ytsoda-ilk-harc\/"},"modified":"2016-10-04T17:16:00","modified_gmt":"2016-10-04T17:16:00","slug":"ytsoda-ilk-harc","status":"publish","type":"post","link":"http:\/\/www.mertcanpolat.com.tr\/dev\/ytsoda-ilk-harc\/","title":{"rendered":"YTSO&#39;DA \u0130LK HAR\u00c7"},"content":{"rendered":"<p><b>Yalova Ticaret ve Sanayi Odas\u0131 (YTSO) yeni hizmet binas\u0131n\u0131n temeline ilk har\u00e7, kesilen kurban\u0131n ard\u0131ndan dualar e\u015fli\u011finde kondu<\/b>   <\/p>\n<p> <span style=\"font-size:14px;\">YTSO Y\u00f6netim Kurulu Ba\u015fkan\u0131 Tahsin Becan ve y\u00f6netim kurulu \u00fcyeleri de temel at\u0131lmas\u0131nda haz\u0131r bulundu. Konuyla ilgili a\u00e7\u0131klama yapan Becan, \u201cYalova Ticaret ve Sanayi Odas\u0131 y\u0131llar \u00f6nce yap\u0131lan hizmet binas\u0131nda hizmet veriyordu. Bu binan\u0131n art\u0131k g\u00fcn\u00fcm\u00fcz \u015fartlar\u0131nda, fiziksel ko\u015fullar\u0131 yetersiz kald\u0131, engelli vatanda\u015flar\u0131m\u0131z\u0131n eri\u015fimi, otopark sorunu ayr\u0131ca ilimizin deprem b\u00f6lgesinde olmas\u0131 da g\u00f6z \u00f6n\u00fcne al\u0131nd\u0131\u011f\u0131nda binlerce dosyan\u0131n ve \u015firket bilgilerinin de g\u00fcvence alt\u0131na al\u0131nmas\u0131n\u0131n sa\u011flanmas\u0131 da kamu kurumu niteli\u011finde meslek kurulu\u015fu olmam\u0131z sebebiyle \u00f6nem arz ediyordu. Yalova Belediyesi ile yap\u0131lan anla\u015fman\u0131n ard\u0131ndan bu yeni hizmet binam\u0131z\u0131n yeri al\u0131nd\u0131\u201d ifadesini kulland\u0131.<\/span> <\/p>\n<p> <span style=\"font-size:14px;\"> <strong>Modern bina<\/strong> <\/span> <\/p>\n<p> <span style=\"font-size:14px;\">Yeni bina hakk\u0131nda bilgi veren Becan, \u201cBurada odam\u0131za y\u0131llar boyunca yetecek Yalova\u2019ya yak\u0131\u015facak modern bir oda binas\u0131 yap\u0131yoruz. Toplam 5 bin 350 metrekarelik alanda, 350 ki\u015filik konferans salonu, e\u011fitim salonlar\u0131, \u00fcye toplant\u0131 odalar\u0131, \u00fcyelerimizin kullan\u0131m\u0131na a\u00e7\u0131k sosyal tesisleri, hizmet birimleri, y\u00f6netim birimleri ve teknik alt yap\u0131s\u0131 ile son derece donan\u0131ml\u0131 ve gelece\u011fin binas\u0131 olarak in\u015fa edece\u011fimiz yeni hizmet binam\u0131z\u0131n temeline ilk harc\u0131 bug\u00fcn Meclis ve Y\u00f6netim Kurulu \u00dcyesi arkada\u015flar\u0131m\u0131zla birlikte atm\u0131\u015f bulunmaktay\u0131z\u201d diye konu\u015ftu.<\/span> <\/p>\n<p> <span style=\"font-size:14px;\">Becan, a\u00e7\u0131klamas\u0131n\u0131 \u015f\u00f6yle s\u00fcrd\u00fcrd\u00fc:<\/span> <\/p>\n<p> <span style=\"font-size:14px;\">\u201cYalova ekonomisine verilecek olan katk\u0131lar\u0131n artmas\u0131, \u00fcyelerimize daha fazla ve daha iyi imk\u00e2nlarda hizmet verilebilmesi, Do\u011fu Marmara Kalk\u0131nma Ajans\u0131, Do\u011fu Marmara Abigem, TSE gibi temsilciliklere de yer sa\u011flanabilmesi, \u00c7i\u00e7ek\u00e7ilik, Kal\u0131p\u00e7\u0131l\u0131k, Gemi Yan Sanayi, Otomotiv ve Makine ihtisas OSB\u2019lerinin \u00e7al\u0131\u015fmalar\u0131n\u0131n tek elden y\u00fcr\u00fct\u00fclebilece\u011fi ofisler olu\u015fturulabilmesi, \u00fcyelerin kurumsal geli\u015fimlerini tamamlamas\u0131 i\u00e7in gerekli olan e\u011fitimlerin verilebilece\u011fi toplant\u0131 ve seminer salonlar\u0131n\u0131n olu\u015fturulabilmesi, nitelikli konferanslar\u0131n yap\u0131labilmesi amac\u0131yla yeni hizmet binas\u0131 \u00e7al\u0131\u015fmalar\u0131m\u0131z h\u0131zl\u0131 bir \u015fekilde devam ediyor, bug\u00fcn yap\u0131lan hafriyat i\u015flemlerinden sonra temel betonu atma a\u015famas\u0131na gelmi\u015f bulunmaktay\u0131z. Y\u0131llardan beri odam\u0131z\u0131n en b\u00fcy\u00fck hayali olan bu binan\u0131n yap\u0131m\u0131n\u0131 g\u00f6rmekten b\u00fcy\u00fck bir mutluluk duyuyorum. Eme\u011fi ge\u00e7en herkese te\u015fekk\u00fcr ederim.\u201d<\/span> <\/p>\n","protected":false},"excerpt":{"rendered":"<p>Yalova Ticaret ve Sanayi Odas\u0131 (YTSO) yeni hizmet binas\u0131n\u0131n temeline ilk har\u00e7, kesilen kurban\u0131n ard\u0131ndan dualar e\u015fli\u011finde kondu YTSO Y\u00f6netim<\/p>\n","protected":false},"author":1,"featured_media":5287,"comment_status":"open","ping_status":"open","sticky":false,"template":"","format":"standard","meta":[],"categories":[1],"tags":[],"_links":{"self":[{"href":"http:\/\/www.mertcanpolat.com.tr\/dev\/wp-json\/wp\/v2\/posts\/5286"}],"collection":[{"href":"http:\/\/www.mertcanpolat.com.tr\/dev\/wp-json\/wp\/v2\/posts"}],"about":[{"href":"http:\/\/www.mertcanpolat.com.tr\/dev\/wp-json\/wp\/v2\/types\/post"}],"author":[{"embeddable":true,"href":"http:\/\/www.mertcanpolat.com.tr\/dev\/wp-json\/wp\/v2\/users\/1"}],"replies":[{"embeddable":true,"href":"http:\/\/www.mertcanpolat.com.tr\/dev\/wp-json\/wp\/v2\/comments?post=5286"}],"version-history":[{"count":0,"href":"http:\/\/www.mertcanpolat.com.tr\/dev\/wp-json\/wp\/v2\/posts\/5286\/revisions"}],"wp:featuredmedia":[{"embeddable":true,"href":"http:\/\/www.mertcanpolat.com.tr\/dev\/wp-json\/wp\/v2\/media\/5287"}],"wp:attachment":[{"href":"http:\/\/www.mertcanpolat.com.tr\/dev\/wp-json\/wp\/v2\/media?parent=5286"}],"wp:term":[{"taxonomy":"category","embeddable":true,"href":"http:\/\/www.mertcanpolat.com.tr\/dev\/wp-json\/wp\/v2\/categories?post=5286"},{"taxonomy":"post_tag","embeddable":true,"href":"http:\/\/www.mertcanpolat.com.tr\/dev\/wp-json\/wp\/v2\/tags?post=5286"}],"curies":[{"name":"wp","href":"https:\/\/api.w.org\/{rel}","templated":true}]}}