{"id":5284,"date":"2016-10-04T17:19:00","date_gmt":"2016-10-04T17:19:00","guid":{"rendered":"http:\/\/www.mertcanpolat.com.tr\/dev\/index.php\/2016\/10\/04\/gelisim-kampina-katildilar\/"},"modified":"2016-10-04T17:19:00","modified_gmt":"2016-10-04T17:19:00","slug":"gelisim-kampina-katildilar","status":"publish","type":"post","link":"http:\/\/www.mertcanpolat.com.tr\/dev\/gelisim-kampina-katildilar\/","title":{"rendered":"GEL\u0130\u015e\u0130M KAMPINA KATILDILAR"},"content":{"rendered":"<p><b>AK Parti Yalova \u0130l Gen\u00e7lik Kollar\u0131, Genel Merkez Gen\u00e7lik Kollar\u0131 taraf\u0131ndan d\u00fczenlenen &#39;Geli\u015fim Kamp\u0131&#39;na kat\u0131ld\u0131<\/b>   <\/p>\n<p> <span style=\"font-size:14px;\">Gen\u00e7lik Kollar\u0131 il y\u00f6netimi ve il\u00e7e ba\u015fkanlar\u0131 Genel Merkez Gen\u00e7lik Kollar\u0131 taraf\u0131ndan d\u00fczenlenen&nbsp; &#8216;Geli\u015fim Kamp\u0131&#8217;nda haz\u0131r bulundu. AK Parti Yalova \u0130l Gen\u00e7lik Kollar\u0131 Ba\u015fkan\u0131 Furkan Karamercimek, konuyla ilgili yapt\u0131\u011f\u0131 a\u00e7\u0131klamada \u015funlar\u0131 kaydetti:<\/span> <\/p>\n<p> <span style=\"font-size:14px;\">\u201cAbartm\u0131yorum, d\u00fcnyada siyasetin en iyi \u015fekilde \u00f6\u011frenilece\u011fi \u00fcniversite AK Parti Gen\u00e7lik Kollar\u0131d\u0131r. AK Parti gen\u00e7li\u011fi hi\u00e7bir zaman dolgu malzemesi olmam\u0131\u015ft\u0131r\u201d dedi. Karamercimek, kamp\u0131n 81 ili kapsad\u0131\u011f\u0131n\u0131 A\u011fustos, Eyl\u00fcl, Ekim aylar\u0131nda illerin davet edildi\u011fini s\u00f6yledi. Kamplarda AK Parti vizyonu, siyasi bilin\u00e7, tarih bilinci, d\u0131\u015f politika derslerinin g\u00f6r\u00fcld\u00fc\u011f\u00fcn\u00fc belirten Karamercimek, e\u011fitimlerin yararl\u0131 ge\u00e7ti\u011fini dile getirerek, \u201cGen\u00e7lerimiz a\u00e7\u0131s\u0131ndan gayet g\u00fczel ge\u00e7ti\u011fini d\u00fc\u015f\u00fcn\u00fcyorum. Genel Ba\u015fkan\u0131m\u0131z, Ba\u015fbakan\u0131m\u0131z Say\u0131n Binali Y\u0131ld\u0131r\u0131m\u2019\u0131n 81 il i\u00e7erisinde Yalova\u2019n\u0131n oldu\u011fu kamp program\u0131na kat\u0131lmas\u0131 bizleri onurland\u0131rd\u0131. Ayn\u0131 zamanda kamp\u0131n ev sahibi olan Genel Merkez Gen\u00e7lik Kollar\u0131 Ba\u015fkan\u0131m\u0131z Melih Ecerta\u015f\u2019a bizlere bu imkan\u0131 sa\u011flad\u0131\u011f\u0131 i\u00e7in te\u015fekk\u00fcr ederiz. Misafirlere verilen e\u011fitimler gen\u00e7lerimizin ufkunu geni\u015fletti. \u0130l ve il\u00e7e ba\u015fkanlar\u0131m\u0131zla kat\u0131ld\u0131\u011f\u0131m\u0131z kampta eme\u011fi ge\u00e7en herkese \u015f\u00fckranlar\u0131m\u0131 sunuyorum. Ayr\u0131ca kamp\u0131m\u0131z\u0131n son dersini Ba\u015fbakan\u0131m\u0131z Binali Y\u0131ld\u0131r\u0131m verirken, son ders kanallardan naklen yay\u0131nland\u0131\u201d diye konu\u015ftu.<\/span> <\/p>\n","protected":false},"excerpt":{"rendered":"<p>AK Parti Yalova \u0130l Gen\u00e7lik Kollar\u0131, Genel Merkez Gen\u00e7lik Kollar\u0131 taraf\u0131ndan d\u00fczenlenen &#39;Geli\u015fim Kamp\u0131&#39;na kat\u0131ld\u0131 Gen\u00e7lik Kollar\u0131 il y\u00f6netimi ve<\/p>\n","protected":false},"author":1,"featured_media":5285,"comment_status":"open","ping_status":"open","sticky":false,"template":"","format":"standard","meta":[],"categories":[1],"tags":[],"_links":{"self":[{"href":"http:\/\/www.mertcanpolat.com.tr\/dev\/wp-json\/wp\/v2\/posts\/5284"}],"collection":[{"href":"http:\/\/www.mertcanpolat.com.tr\/dev\/wp-json\/wp\/v2\/posts"}],"about":[{"href":"http:\/\/www.mertcanpolat.com.tr\/dev\/wp-json\/wp\/v2\/types\/post"}],"author":[{"embeddable":true,"href":"http:\/\/www.mertcanpolat.com.tr\/dev\/wp-json\/wp\/v2\/users\/1"}],"replies":[{"embeddable":true,"href":"http:\/\/www.mertcanpolat.com.tr\/dev\/wp-json\/wp\/v2\/comments?post=5284"}],"version-history":[{"count":0,"href":"http:\/\/www.mertcanpolat.com.tr\/dev\/wp-json\/wp\/v2\/posts\/5284\/revisions"}],"wp:featuredmedia":[{"embeddable":true,"href":"http:\/\/www.mertcanpolat.com.tr\/dev\/wp-json\/wp\/v2\/media\/5285"}],"wp:attachment":[{"href":"http:\/\/www.mertcanpolat.com.tr\/dev\/wp-json\/wp\/v2\/media?parent=5284"}],"wp:term":[{"taxonomy":"category","embeddable":true,"href":"http:\/\/www.mertcanpolat.com.tr\/dev\/wp-json\/wp\/v2\/categories?post=5284"},{"taxonomy":"post_tag","embeddable":true,"href":"http:\/\/www.mertcanpolat.com.tr\/dev\/wp-json\/wp\/v2\/tags?post=5284"}],"curies":[{"name":"wp","href":"https:\/\/api.w.org\/{rel}","templated":true}]}}