{"id":5272,"date":"2016-10-24T00:08:00","date_gmt":"2016-10-24T00:08:00","guid":{"rendered":"http:\/\/www.mertcanpolat.com.tr\/dev\/index.php\/2016\/10\/24\/balkan-turklerinin-sergisi\/"},"modified":"2016-10-24T00:08:00","modified_gmt":"2016-10-24T00:08:00","slug":"balkan-turklerinin-sergisi","status":"publish","type":"post","link":"http:\/\/www.mertcanpolat.com.tr\/dev\/balkan-turklerinin-sergisi\/","title":{"rendered":"BALKAN T\u00dcRKLER\u0130N\u0130N SERG\u0130S\u0130"},"content":{"rendered":"<p><b>Yalova Balkan G\u00f6\u00e7menleri E\u011fitim, K\u00fclt\u00fcr ve Dayan\u0131\u015fma Derne\u011fi (Bal-G\u00f6\u00e7) taraf\u0131ndan \u2018Ge\u00e7mi\u015fle Gelece\u011fini Ayd\u0131nlat\u2019 isimli k\u00fclt\u00fcr sergisi a\u00e7\u0131ld\u0131<\/b>   <\/p>\n<p> <span style=\"font-size:14px;\">\u0130\u00e7i\u015fleri Bakanl\u0131\u011f\u0131 Dernekler \u0130daresi Ba\u015fkanl\u0131\u011f\u0131\u2019nca desteklenen, Yalova Bal-G\u00f6\u00e7 ile Yalova Belediyesi taraf\u0131ndan Gaziosmanpa\u015fa Mahallesi\u2019ndeki Balkan Evi\u2019nde \u201cGe\u00e7mi\u015fle Gelece\u011fini Ayd\u0131nlat\u201d isimli bir k\u00fclt\u00fcr sergisi a\u00e7\u0131ld\u0131.<\/span> <\/p>\n<p> <span style=\"font-size:14px;\">Serginin a\u00e7\u0131l\u0131\u015f\u0131na Yalova Belediye Ba\u015fkan\u0131 Vefa Salman, Ta\u015fk\u00f6pr\u00fc Belediye Ba\u015fkan\u0131 Nedret G\u00fclen, Kaytazdere Belediye Ba\u015fkan\u0131 Ali Kangal, AK Parti \u0130l Ba\u015fkan\u0131 Yusuf Ziya \u00d6ztabak, Bal-G\u00f6\u00e7 Genel Ba\u015fkan\u0131 Prof. Dr. Y\u00fcksel \u00d6zkan, Yalova Bal-G\u00f6\u00e7 Ba\u015fkan\u0131 L\u00fctfi \u00d6zg\u00fcr, Yalova Esnaf Odas\u0131 Ba\u015fkan\u0131 \u0130smail Mutlu, Yalova Belediye Meclisi \u00dcyeleri Fethiye Avc\u0131 ve Necmi Soylu, vatanda\u015flar ve \u00e7ok say\u0131da davetli kat\u0131ld\u0131.<\/span> <\/p>\n<p> <span style=\"font-size:14px;\"> <strong>K\u00fclt\u00fcrel e\u015fyalar bu sergide<\/strong> <\/span> <\/p>\n<p> <span style=\"font-size:14px;\">A\u00e7\u0131l\u0131\u015f kurdelesi kesilen sergide \u00f6nce 1989 y\u0131l\u0131nda Bulgaristan\u2019dan T\u00fcrkiye\u2019ye ger\u00e7ekle\u015fen zorunlu g\u00f6\u00e7 ile yap\u0131lan yolculuk esnas\u0131nda \u00e7ekilen foto\u011fraflar gezildi. Ard\u0131ndan ise soyda\u015flar\u0131n g\u00f6\u00e7 ile birlikte beraberinde getirdi\u011fi k\u00fclt\u00fcrel e\u015fyalar\u0131n bulundu\u011fu sergi gezildi. Burada konuklar\u0131n\u0131 bilgilendiren Yalova Bal-G\u00f6\u00e7 Ba\u015fkan\u0131 L\u00fctfi \u00d6zg\u00fcr, \u201cSergimizde bulunan bir\u00e7ok eser ziyaret\u00e7ilerine m\u00fcbadele y\u0131llar\u0131n\u0131 ya\u015fatacak. M\u00fcbadele ad\u0131na her \u015fey var sergimizde. M\u00fcbadele y\u0131llar\u0131nda \u00e7ekilen tarifi zor ac\u0131lar ve varsa ya\u015fanan mutluluklardan iz ta\u015f\u0131yan g\u00fcnl\u00fck kulan\u0131m e\u015fyalar\u0131, belgeler ve foto\u011fraflar Balkan Evi\u2019nde yeniden hayat buldu\u201d dedi.<img alt=\"\" src=\"http:\/\/ajansyalova.com\/Images\/Thumbs\/Editor\/5741-dha-1-copy.jpeg\" style=\"border-width: 2px; border-style: solid; margin: 2px; float: right; width: 750px; height: 508px;\" \/> <\/span> <\/p>\n<p> <span style=\"font-size:14px;\">Sergide ise zorunlu g\u00f6\u00e7e tabi tutulan m\u00fcbadillerin yanlar\u0131nda getirdikleri g\u00fcnl\u00fck kullan\u0131m e\u015fyalar\u0131, belgeler ve foto\u011fraflar ziyaret\u00e7ilere sunuluyor. M\u00fcbadil kad\u0131nlar\u0131n \u00f6zel g\u00fcnlerde kulland\u0131\u011f\u0131 elbiselerden olan bindall\u0131, gelinlik, \u00fc\u00e7 etek, cepken, \u015falvar, gelin ba\u015f\u00f6rt\u00fcs\u00fc ve erkek giysileri de burada sergileniyor.<\/span> <\/p>\n<p> <span style=\"font-size:14px;\">Serginin ard\u0131ndan ise a\u00e7\u0131l\u0131\u015fa kat\u0131lan konuklara y\u00f6resel yemekler ve tatl\u0131lar ikram edildi.<\/span> <\/p>\n<p> <span style=\"font-size:14px;\">Serginin olu\u015fmas\u0131nda kendisi de soyda\u015f olan AK Partili Belediye Meclis \u00dcyesi Fethiye Avc\u0131\u2019n\u0131n b\u00fcy\u00fck katk\u0131lar\u0131 oldu. Bir d\u00f6nemler kulland\u0131\u011f\u0131 bir\u00e7ok e\u015fyay\u0131 sergileyen Fethiye Avc\u0131, unutulmaya y\u00fcz tutmu\u015f bir\u00e7ok ara\u00e7 gereci de konuklara anlatt\u0131.<\/span> <\/p>\n<p>&nbsp;<\/p>\n","protected":false},"excerpt":{"rendered":"<p>Yalova Balkan G\u00f6\u00e7menleri E\u011fitim, K\u00fclt\u00fcr ve Dayan\u0131\u015fma Derne\u011fi (Bal-G\u00f6\u00e7) taraf\u0131ndan \u2018Ge\u00e7mi\u015fle Gelece\u011fini Ayd\u0131nlat\u2019 isimli k\u00fclt\u00fcr sergisi a\u00e7\u0131ld\u0131 \u0130\u00e7i\u015fleri Bakanl\u0131\u011f\u0131 Dernekler<\/p>\n","protected":false},"author":1,"featured_media":5273,"comment_status":"open","ping_status":"open","sticky":false,"template":"","format":"standard","meta":[],"categories":[1],"tags":[],"_links":{"self":[{"href":"http:\/\/www.mertcanpolat.com.tr\/dev\/wp-json\/wp\/v2\/posts\/5272"}],"collection":[{"href":"http:\/\/www.mertcanpolat.com.tr\/dev\/wp-json\/wp\/v2\/posts"}],"about":[{"href":"http:\/\/www.mertcanpolat.com.tr\/dev\/wp-json\/wp\/v2\/types\/post"}],"author":[{"embeddable":true,"href":"http:\/\/www.mertcanpolat.com.tr\/dev\/wp-json\/wp\/v2\/users\/1"}],"replies":[{"embeddable":true,"href":"http:\/\/www.mertcanpolat.com.tr\/dev\/wp-json\/wp\/v2\/comments?post=5272"}],"version-history":[{"count":0,"href":"http:\/\/www.mertcanpolat.com.tr\/dev\/wp-json\/wp\/v2\/posts\/5272\/revisions"}],"wp:featuredmedia":[{"embeddable":true,"href":"http:\/\/www.mertcanpolat.com.tr\/dev\/wp-json\/wp\/v2\/media\/5273"}],"wp:attachment":[{"href":"http:\/\/www.mertcanpolat.com.tr\/dev\/wp-json\/wp\/v2\/media?parent=5272"}],"wp:term":[{"taxonomy":"category","embeddable":true,"href":"http:\/\/www.mertcanpolat.com.tr\/dev\/wp-json\/wp\/v2\/categories?post=5272"},{"taxonomy":"post_tag","embeddable":true,"href":"http:\/\/www.mertcanpolat.com.tr\/dev\/wp-json\/wp\/v2\/tags?post=5272"}],"curies":[{"name":"wp","href":"https:\/\/api.w.org\/{rel}","templated":true}]}}