{"id":5266,"date":"2016-10-24T00:21:00","date_gmt":"2016-10-24T00:21:00","guid":{"rendered":"http:\/\/www.mertcanpolat.com.tr\/dev\/index.php\/2016\/10\/24\/yeni-baskan-istifa-ettirdi\/"},"modified":"2016-10-24T00:21:00","modified_gmt":"2016-10-24T00:21:00","slug":"yeni-baskan-istifa-ettirdi","status":"publish","type":"post","link":"http:\/\/www.mertcanpolat.com.tr\/dev\/yeni-baskan-istifa-ettirdi\/","title":{"rendered":"YEN\u0130 BA\u015eKAN \u0130ST\u0130FA ETT\u0130RD\u0130"},"content":{"rendered":"<p><b>Adalet ve Kalk\u0131nma Partisi \u00c7iftlikk\u00f6y Gen\u00e7lik Kollar\u0131 Ba\u015fkan\u0131 \u00d6mer Kukul, il\u00e7e ba\u015fkan\u0131na tepki olarak g\u00f6revinden istifa etti\u011fini a\u00e7\u0131klad\u0131<\/b>   <\/p>\n<p> <span style=\"font-size:14px;\">Ak Parti \u00c7iftlikk\u00f6y Gen\u00e7lik Kollar\u0131 Ba\u015fkan\u0131 \u00d6mer Kukul, sosyal medya hesab\u0131ndan yapt\u0131\u011f\u0131 a\u00e7\u0131klama ile g\u00f6revinden istifa etti\u011fini a\u00e7\u0131klad\u0131.<\/span> <\/p>\n<p> <span style=\"font-size:14px;\">Kukul, \u201cBen Ak Partili de\u011filim diyen birini Ak Parti \u0130l\u00e7e Ba\u015fkan\u0131 yap\u0131yorlar gel de bunu hazmet\u201d payla\u015f\u0131m\u0131ndan sonra bu kez de \u201cAk Parti \u00c7iftlikk\u00f6y gen\u00e7lik kollar\u0131 ba\u015fkanl\u0131\u011f\u0131 g\u00f6revimden istifa ediyorum&#8230;. Sayg\u0131lar\u0131mla\u201d ifadelerinde bulunarak istifa etti\u011fini payla\u015ft\u0131.<img alt=\"\" src=\"http:\/\/ajansyalova.com\/Images\/Thumbs\/Editor\/5746-fotolar-1.jpeg\" style=\"border-width: 2px; border-style: solid; margin: 2px; float: right; width: 529px; height: 181px;\" \/> <\/span> <\/p>\n<p> <span style=\"font-size:14px;\">\u00d6mer Kukul\u2019un ge\u00e7ti\u011fimiz g\u00fcnlerde Feridun \u00dcnl\u00fc\u2019n\u00fcn Ak Parti \u00c7iftlikk\u00f6y il\u00e7e ba\u015fkanl\u0131\u011f\u0131na atanmas\u0131na tepki g\u00f6sterdi\u011fi belirtildi.<\/span> <\/p>\n","protected":false},"excerpt":{"rendered":"<p>Adalet ve Kalk\u0131nma Partisi \u00c7iftlikk\u00f6y Gen\u00e7lik Kollar\u0131 Ba\u015fkan\u0131 \u00d6mer Kukul, il\u00e7e ba\u015fkan\u0131na tepki olarak g\u00f6revinden istifa etti\u011fini a\u00e7\u0131klad\u0131 Ak Parti<\/p>\n","protected":false},"author":1,"featured_media":5267,"comment_status":"open","ping_status":"open","sticky":false,"template":"","format":"standard","meta":[],"categories":[1],"tags":[],"_links":{"self":[{"href":"http:\/\/www.mertcanpolat.com.tr\/dev\/wp-json\/wp\/v2\/posts\/5266"}],"collection":[{"href":"http:\/\/www.mertcanpolat.com.tr\/dev\/wp-json\/wp\/v2\/posts"}],"about":[{"href":"http:\/\/www.mertcanpolat.com.tr\/dev\/wp-json\/wp\/v2\/types\/post"}],"author":[{"embeddable":true,"href":"http:\/\/www.mertcanpolat.com.tr\/dev\/wp-json\/wp\/v2\/users\/1"}],"replies":[{"embeddable":true,"href":"http:\/\/www.mertcanpolat.com.tr\/dev\/wp-json\/wp\/v2\/comments?post=5266"}],"version-history":[{"count":0,"href":"http:\/\/www.mertcanpolat.com.tr\/dev\/wp-json\/wp\/v2\/posts\/5266\/revisions"}],"wp:featuredmedia":[{"embeddable":true,"href":"http:\/\/www.mertcanpolat.com.tr\/dev\/wp-json\/wp\/v2\/media\/5267"}],"wp:attachment":[{"href":"http:\/\/www.mertcanpolat.com.tr\/dev\/wp-json\/wp\/v2\/media?parent=5266"}],"wp:term":[{"taxonomy":"category","embeddable":true,"href":"http:\/\/www.mertcanpolat.com.tr\/dev\/wp-json\/wp\/v2\/categories?post=5266"},{"taxonomy":"post_tag","embeddable":true,"href":"http:\/\/www.mertcanpolat.com.tr\/dev\/wp-json\/wp\/v2\/tags?post=5266"}],"curies":[{"name":"wp","href":"https:\/\/api.w.org\/{rel}","templated":true}]}}