{"id":5262,"date":"2016-11-01T00:57:00","date_gmt":"2016-11-01T00:57:00","guid":{"rendered":"http:\/\/www.mertcanpolat.com.tr\/dev\/index.php\/2016\/11\/01\/yalovada-tesettur-defilesi\/"},"modified":"2016-11-01T00:57:00","modified_gmt":"2016-11-01T00:57:00","slug":"yalovada-tesettur-defilesi","status":"publish","type":"post","link":"http:\/\/www.mertcanpolat.com.tr\/dev\/yalovada-tesettur-defilesi\/","title":{"rendered":"YALOVA&#39;DA TESETT\u00dcR DEF\u0130LES\u0130"},"content":{"rendered":"<p><b>Tekbir Giyim\u2019in 44\u2019\u00fcnc\u00fc ma\u011fazas\u0131 Star AVM\u2019de d\u00fczenlenen defile ile a\u00e7\u0131ld\u0131.<\/b>   <\/p>\n<p> <span style=\"font-size:14px;\">Star AVM\u2019de d\u00fczenlenen defilede Tekbir Giyim\u2019in \u00fcr\u00fcnleri mankenler e\u015fli\u011finde tan\u0131t\u0131ld\u0131. Tekbir Giyim Y\u00f6netim Kurulu Ba\u015fkan\u0131 Recai Karaduman a\u00e7\u0131l\u0131\u015fta haz\u0131r bulundu. Karaduman, Tekbir Giyim\u2019in yeni logosu yeni kreasyonu ve yeni modas\u0131yla art\u0131k gen\u00e7lerde hitap etti\u011fini belirtti. Karaduman, Tekbir Giyim\u2019in eskiden orta ya\u015f \u00fczerine hitap ederken \u015fimdi ise gen\u00e7lere odaklanan \u00fcr\u00fcn yelpazesiyle kendini farkl\u0131 bir kulvarda tan\u0131tmaya devam etti\u011fini s\u00f6yledi. <img alt=\"\" src=\"http:\/\/ajansyalova.com\/Images\/Thumbs\/Editor\/5748-tes.jpeg\" style=\"border-width: 2px; border-style: solid; margin: 2px; float: right; width: 474px; height: 750px;\" \/> <\/span> <\/p>\n<p> <span style=\"font-size:14px;\">Karaduman, \u201cDefile yapt\u0131k ve bu t\u00fcr organizasyonlara devam edece\u011fiz. \u0130nsanlar b\u00f6ylece moday\u0131 kreasyonu ve t\u00fcm ayr\u0131nt\u0131lar\u0131 daha yak\u0131ndan takip edebilir\u201d dedi.<\/span> <\/p>\n<p> <span style=\"font-size:14px;\">Defilede 10 manken yer ald\u0131. Star AVM y\u00f6netimi de Tekbir Giyim ma\u011fazas\u0131na defile gibi bir organizasyona \u00f6nc\u00fcl\u00fck etti\u011fi i\u00e7in te\u015fekk\u00fcr etti.<\/span> <\/p>\n","protected":false},"excerpt":{"rendered":"<p>Tekbir Giyim\u2019in 44\u2019\u00fcnc\u00fc ma\u011fazas\u0131 Star AVM\u2019de d\u00fczenlenen defile ile a\u00e7\u0131ld\u0131. Star AVM\u2019de d\u00fczenlenen defilede Tekbir Giyim\u2019in \u00fcr\u00fcnleri mankenler e\u015fli\u011finde tan\u0131t\u0131ld\u0131.<\/p>\n","protected":false},"author":1,"featured_media":5263,"comment_status":"open","ping_status":"open","sticky":false,"template":"","format":"standard","meta":[],"categories":[1],"tags":[],"_links":{"self":[{"href":"http:\/\/www.mertcanpolat.com.tr\/dev\/wp-json\/wp\/v2\/posts\/5262"}],"collection":[{"href":"http:\/\/www.mertcanpolat.com.tr\/dev\/wp-json\/wp\/v2\/posts"}],"about":[{"href":"http:\/\/www.mertcanpolat.com.tr\/dev\/wp-json\/wp\/v2\/types\/post"}],"author":[{"embeddable":true,"href":"http:\/\/www.mertcanpolat.com.tr\/dev\/wp-json\/wp\/v2\/users\/1"}],"replies":[{"embeddable":true,"href":"http:\/\/www.mertcanpolat.com.tr\/dev\/wp-json\/wp\/v2\/comments?post=5262"}],"version-history":[{"count":0,"href":"http:\/\/www.mertcanpolat.com.tr\/dev\/wp-json\/wp\/v2\/posts\/5262\/revisions"}],"wp:featuredmedia":[{"embeddable":true,"href":"http:\/\/www.mertcanpolat.com.tr\/dev\/wp-json\/wp\/v2\/media\/5263"}],"wp:attachment":[{"href":"http:\/\/www.mertcanpolat.com.tr\/dev\/wp-json\/wp\/v2\/media?parent=5262"}],"wp:term":[{"taxonomy":"category","embeddable":true,"href":"http:\/\/www.mertcanpolat.com.tr\/dev\/wp-json\/wp\/v2\/categories?post=5262"},{"taxonomy":"post_tag","embeddable":true,"href":"http:\/\/www.mertcanpolat.com.tr\/dev\/wp-json\/wp\/v2\/tags?post=5262"}],"curies":[{"name":"wp","href":"https:\/\/api.w.org\/{rel}","templated":true}]}}