{"id":5244,"date":"2016-11-23T23:24:00","date_gmt":"2016-11-23T23:24:00","guid":{"rendered":"http:\/\/www.mertcanpolat.com.tr\/dev\/index.php\/2016\/11\/23\/yeni-binayi-inceledi\/"},"modified":"2016-11-23T23:24:00","modified_gmt":"2016-11-23T23:24:00","slug":"yeni-binayi-inceledi","status":"publish","type":"post","link":"http:\/\/www.mertcanpolat.com.tr\/dev\/yeni-binayi-inceledi\/","title":{"rendered":"YEN\u0130 B\u0130NAYI \u0130NCELED\u0130"},"content":{"rendered":"<p><b>Alt\u0131nova Belediye Ba\u015fkan\u0131 Metin Oral, bitme a\u015famas\u0131na gelen yeni belediye binas\u0131n\u0131 gezerek, son durum hakk\u0131nda bilgi ald\u0131.<\/b>   <\/p>\n<p> <span style=\"font-size:14px;\">Beraberinde Belediye Meclis \u00fcyesi Mustafa Sar\u0131g\u00fcl, Fen \u0130\u015fleri M\u00fcd\u00fcr\u00fc Mimar Burak&nbsp;\u00d6zg\u00f6l, Fen \u0130\u015fleri Amiri \u0130n\u015faat M\u00fchendisi Kubilay Karaca ve Belediye Bilgi \u0130\u015flem Sorumlusu Hasan Kocao\u011flu ile birlikte yeni binay\u0131 gezen Ba\u015fkan Oral, yeni bina hakk\u0131nda bilgi ald\u0131.<\/span> <\/p>\n<p> <span style=\"font-size:14px;\">Yeni binan\u0131n 4 katl\u0131 olaca\u011f\u0131n\u0131 belirten Oral, \u201cBetonarme ve \u00e7elik kompoze bir yap\u0131 olacak olan binada ba\u015fkan, ba\u015fkan yard\u0131mc\u0131s\u0131 odalar\u0131, toplant\u0131 salonu, enc\u00fcmen salonu, sergi salonu ve t\u00fcm birimler i\u00e7in ayr\u0131 adalar olacak. 4 cephesi de yola bakacak olan binan\u0131n biri VIP olmak \u00fczere 2 kap\u0131s\u0131 bulunacak\u201d dedi.<\/span> <\/p>\n<p> <span style=\"font-size:14px;\"> <strong>Ak\u0131ll\u0131 ve \u00e7evreci<\/strong> <\/span> <\/p>\n<p> <span style=\"font-size:14px;\">4 kat ve toplamda da 3 bin&nbsp;600 metrekare&nbsp;alandan olu\u015fan binada t\u00fcm m\u00fcd\u00fcrl\u00fckler ile toplant\u0131 ve konferans salonlar\u0131n\u0131n olaca\u011f\u0131n\u0131 belirten Oral, \u015funlar\u0131 kaydetti:<\/span> <\/p>\n<p> <span style=\"font-size:14px;\">\u201cBelediye binas\u0131n\u0131 ye\u015fil bina sertifikas\u0131na uygun yap\u0131yoruz ve binam\u0131z \u00f6rnek bina olacak. Binan\u0131n \u0131s\u0131tma, so\u011futma ve ayd\u0131nlatma sistemlerinde enerji tasarrufu ile ilgili \u00e7al\u0131\u015fmalar yap\u0131yoruz. Buran\u0131n \u0131s\u0131tma ve so\u011futmas\u0131nda yeralt\u0131 sular\u0131n\u0131n s\u0131cakl\u0131\u011f\u0131ndan yararlanarak enerji tasarrufunda bulunaca\u011f\u0131z ve bu sayede y\u00fczde 40 enerji tasarrufu sa\u011flayaca\u011f\u0131z. Ayr\u0131ca ayd\u0131nlatmas\u0131nda da g\u00fcne\u015f enerjisinden yararlanarak yine y\u00fczde 70 enerji tasarruf sa\u011flamay\u0131 d\u00fc\u015f\u00fcn\u00fcyoruz\u201d<\/span> <\/p>\n<p>&nbsp;<\/p>\n<p>&nbsp;<\/p>\n<p>&nbsp; <\/p>\n<p>&nbsp;<\/p>\n<\/p>\n<p>&nbsp;<\/p>\n<p>&nbsp;<\/p>\n","protected":false},"excerpt":{"rendered":"<p>Alt\u0131nova Belediye Ba\u015fkan\u0131 Metin Oral, bitme a\u015famas\u0131na gelen yeni belediye binas\u0131n\u0131 gezerek, son durum hakk\u0131nda bilgi ald\u0131. Beraberinde Belediye Meclis<\/p>\n","protected":false},"author":1,"featured_media":5245,"comment_status":"open","ping_status":"open","sticky":false,"template":"","format":"standard","meta":[],"categories":[1],"tags":[],"_links":{"self":[{"href":"http:\/\/www.mertcanpolat.com.tr\/dev\/wp-json\/wp\/v2\/posts\/5244"}],"collection":[{"href":"http:\/\/www.mertcanpolat.com.tr\/dev\/wp-json\/wp\/v2\/posts"}],"about":[{"href":"http:\/\/www.mertcanpolat.com.tr\/dev\/wp-json\/wp\/v2\/types\/post"}],"author":[{"embeddable":true,"href":"http:\/\/www.mertcanpolat.com.tr\/dev\/wp-json\/wp\/v2\/users\/1"}],"replies":[{"embeddable":true,"href":"http:\/\/www.mertcanpolat.com.tr\/dev\/wp-json\/wp\/v2\/comments?post=5244"}],"version-history":[{"count":0,"href":"http:\/\/www.mertcanpolat.com.tr\/dev\/wp-json\/wp\/v2\/posts\/5244\/revisions"}],"wp:featuredmedia":[{"embeddable":true,"href":"http:\/\/www.mertcanpolat.com.tr\/dev\/wp-json\/wp\/v2\/media\/5245"}],"wp:attachment":[{"href":"http:\/\/www.mertcanpolat.com.tr\/dev\/wp-json\/wp\/v2\/media?parent=5244"}],"wp:term":[{"taxonomy":"category","embeddable":true,"href":"http:\/\/www.mertcanpolat.com.tr\/dev\/wp-json\/wp\/v2\/categories?post=5244"},{"taxonomy":"post_tag","embeddable":true,"href":"http:\/\/www.mertcanpolat.com.tr\/dev\/wp-json\/wp\/v2\/tags?post=5244"}],"curies":[{"name":"wp","href":"https:\/\/api.w.org\/{rel}","templated":true}]}}