{"id":5238,"date":"2016-11-26T23:11:00","date_gmt":"2016-11-26T23:11:00","guid":{"rendered":"http:\/\/www.mertcanpolat.com.tr\/dev\/index.php\/2016\/11\/26\/hersey-bizim-elimizde\/"},"modified":"2016-11-26T23:11:00","modified_gmt":"2016-11-26T23:11:00","slug":"hersey-bizim-elimizde","status":"publish","type":"post","link":"http:\/\/www.mertcanpolat.com.tr\/dev\/hersey-bizim-elimizde\/","title":{"rendered":"HER\u015eEY B\u0130Z\u0130M EL\u0130M\u0130ZDE"},"content":{"rendered":"<p><b>AK Parti Yalova \u0130l Kad\u0131n Kollar\u0131 Ba\u015fkan\u0131 Melahat Yal\u00e7\u0131n, \u201cKad\u0131na y\u00f6nelik \u015fiddetin \u00f6nlenebilmesi i\u00e7in toplumun her kesimine \u00e7e\u015fitli sorumluluklar d\u00fc\u015fmektedir. Kad\u0131n ve erkek aras\u0131nda ya\u015fanan \u015fiddetin hi\u00e7bir bi\u00e7imde ho\u015f g\u00f6r\u00fclmedi\u011fi bir toplum olu\u015fturmak bizim elimizde\u201d dedi<\/b>   <\/p>\n<p> <span style=\"font-size:14px;\">AK Parti \u0130l Kad\u0131n Kollar\u0131 taraf\u0131ndan 25 Kas\u0131m Kad\u0131na Y\u00f6nelik \u015eiddete Kar\u015f\u0131 Uluslararas\u0131 M\u00fccadele ve Dayan\u0131\u015fma G\u00fcn\u00fc nedeniyle bas\u0131n toplant\u0131s\u0131 ger\u00e7ekle\u015ftirildi. \u0130l Kad\u0131n Kollar\u0131 Ba\u015fkan\u0131 Melahat Yal\u00e7\u0131n, burada yapt\u0131\u011f\u0131 konu\u015fmada, insanl\u0131\u011f\u0131n b\u00fcy\u00fck bir kesiminin \u00e7ok y\u00f6nl\u00fc \u015fiddete maruz kald\u0131\u011f\u0131 bir \u00e7a\u011f\u0131n kad\u0131nlar\u0131 olduklar\u0131n\u0131 belirtti. Ya\u015fam\u0131n her alan\u0131n\u0131n hak ve adalet m\u00fccadelesi ile ge\u00e7ti\u011fini dile getiren Yal\u00e7\u0131n, \u201c\u0130\u00e7inde bulundu\u011fumuz \u00e7a\u011f\u0131n olumsuz \u00f6zelliklerine inat kad\u0131nlar olarak d\u00fcnyay\u0131 g\u00fczelle\u015ftirmeye y\u00f6nelik \u00e7abalar\u0131n kayna\u011f\u0131 da yine biz olaca\u011f\u0131z. Hayallerimizle yapabildiklerimiz aras\u0131nda derin u\u00e7urumlar olmas\u0131na ra\u011fmen bizler y\u0131lg\u0131nl\u0131k nedir bilmiyoruz. \u00c7\u00fcnk\u00fc kad\u0131n\u0131 Allah&#8217;\u0131n emaneti olarak g\u00f6ren bir dinin mensuplar\u0131y\u0131z. Bizi biz yapan de\u011ferlerin korunmas\u0131 ve g\u00fcvence alt\u0131na al\u0131nmas\u0131 ile insan haklar\u0131 konusunda bir \u015feyler yapm\u0131\u015f oluruz\u201d diye konu\u015ftu.<\/span> <\/p>\n<p> <span style=\"font-size:14px;\">Hak ve adalet gibi de\u011ferlerlerin toplum taraf\u0131ndan g\u00fcvence alt\u0131na al\u0131nd\u0131\u011f\u0131nda \u015fiddete kar\u015f\u0131 ama\u00e7lar\u0131na ula\u015facaklar\u0131n\u0131 dile getiren Yal\u00e7\u0131n, \u015f\u00f6yle devam etti:<\/span> <\/p>\n<p> <span style=\"font-size:14px;\">\u201cKad\u0131na y\u00f6nelik \u015fiddet, cinsiyet ayr\u0131mc\u0131l\u0131\u011f\u0131na dayal\u0131 bir insan haklar\u0131 ihlalidir. Kad\u0131na y\u00f6nelik \u015fiddet d\u00fcnyada ve \u00fclkemizde; e\u011fitim, ekonomik durum, ya\u015f ve ya\u015fad\u0131\u011f\u0131 \u00e7evreye bakmaks\u0131z\u0131n t\u00fcm kad\u0131nlar\u0131n ve dolayl\u0131 olarak toplumun etkilendi\u011fi bir durumdur. \u015eiddet bir insan hakk\u0131 ihlali olmas\u0131 ile birlikte; bireyi, aileyi ve toplumu derinden etkileyen bir hastal\u0131kl\u0131 ruh halidir. Kad\u0131n\u0131n maddi ve manevi her y\u00f6nden zarar g\u00f6rmesine ve hayat\u0131n\u0131 insani ko\u015fullarda devam ettirememesine neden olur. Toplumun gelece\u011fini olu\u015fturan kad\u0131nlar ne yaz\u0131kt\u0131r ki, t\u00fcrl\u00fc olumsuzluklarla kar\u015f\u0131 kar\u015f\u0131ya gelmektedir. \u015eiddet toplumun her kesiminde farkl\u0131 durumlarda meydana gelebilmektedir. Kad\u0131na y\u00f6nelik \u015fiddet, cinsiyete dayanan, kad\u0131n\u0131 inciten, ona zarar veren, fiziksel, cinsel, ruhsal hasarla sonu\u00e7lanma olas\u0131l\u0131\u011f\u0131 bulunan, toplum i\u00e7erisinde ya da \u00f6zel ya\u015fam\u0131nda ona bask\u0131 uygulanmas\u0131 ve \u00f6zg\u00fcrl\u00fcklerinin keyfi olarak k\u0131s\u0131tlanmas\u0131na neden olan her t\u00fcrl\u00fc davran\u0131\u015ft\u0131r.\u201d<\/span> <\/p>\n<p> <span style=\"font-size:14px;\">B\u00fct\u00fcn kurallara ra\u011fmen haks\u0131zl\u0131k, adam \u00f6ld\u00fcrme, \u015fiddetin ve ter\u00f6r\u00fcn ge\u00e7mi\u015ften g\u00fcn\u00fcm\u00fcze farkl\u0131 d\u00fczeylerde devam etti\u011fini dile getiren Yal\u00e7\u0131n, \u015f\u00f6yle konu\u015ftu:<\/span> <\/p>\n<p> <span style=\"font-size:14px;\">\u201cEn \u00f6nemlisi, uygarl\u0131k geli\u015ftik\u00e7e &#8216;\u015fiddetin azalaca\u011f\u0131&#8217; yolundaki g\u00f6r\u00fc\u015flerin aksine, \u015fiddet farkl\u0131 boyutlarda ve yo\u011funlukta b\u00fct\u00fcn d\u00fcnyada ya\u015fanmaktad\u0131r. Kad\u0131na y\u00f6nelik \u015fiddet ile ilgili medyaya yans\u0131yan haberlerin; konunun hassasiyeti sebebiyle kad\u0131nlar\u0131n ya\u015fad\u0131klar\u0131 \u015fiddeti ifade edemedi\u011fini biliyoruz. Medeni toplumlarda &#8216;\u015fiddetin herhangi bir nedeni olmaz, olamaz!&#8217; bizlerin vazifesi adaletli bireyin in\u015fas\u0131ndaki rol\u00fcm\u00fcz\u00fcn de fark\u0131nda olmakt\u0131r. Adalet bireyden ba\u015flayarak toplumun geneline yay\u0131lmazsa; sonu\u00e7lar\u0131 itibariyle sadece \u015fiddeti de\u011fil, her t\u00fcrl\u00fc hastal\u0131kl\u0131 tutumun yayg\u0131nla\u015fmas\u0131na neden olur. Kad\u0131n ve \u015fiddetin birlikte an\u0131lmas\u0131 art\u0131k fark\u0131ndal\u0131k olu\u015fturmaktan ziyade; toplumun gelece\u011fi a\u00e7\u0131s\u0131ndan olumsuz bir duruma neden olmaktad\u0131r. \u00d6ncelikli olarak her \u00e7ocu\u011fun annesini g\u00fc\u00e7l\u00fc g\u00f6rmeye hakk\u0131 vard\u0131r. Ancak ekranlara yans\u0131yan y\u00fcz\u00fcyle; \u015fiddet ma\u011fduru kad\u0131n imaj\u0131 ile \u00f6zlenen ve beklenen kad\u0131n imaj\u0131n\u0131 olu\u015fturman\u0131n m\u00fcmk\u00fcn olmad\u0131\u011f\u0131 d\u00fc\u015f\u00fcncesiyle hareket etmenin vaktinin gelmi\u015ftir. Kad\u0131na y\u00f6nelik \u015fiddetin \u00f6nlenebilmesi i\u00e7in toplumun her kesimine \u00e7e\u015fitli sorumluluklar d\u00fc\u015fmektedir. Ba\u015fta aile olmak \u00fczere; devlet kademeleri ve medyan\u0131n \u00f6nemli g\u00f6revleri bulunmaktad\u0131r. Bize d\u00fc\u015fen g\u00f6rev; pek tabidir ki bu ma\u011fduriyetleri ortadan kald\u0131rmak olmal\u0131d\u0131r. Ancak bununla beraber iyi \u00f6rnekleri toplumda yayg\u0131nla\u015ft\u0131rarak; kad\u0131n\u0131n varl\u0131\u011f\u0131na yara\u015f\u0131r temsil imk\u00e2n\u0131n\u0131 g\u00f6zler \u00f6n\u00fcne sermek as\u0131l amac\u0131m olmal\u0131d\u0131r. \u0130yi \u00f6rneklerin toplumda yayg\u0131nla\u015fmas\u0131yla beraber k\u00f6t\u00fcn\u00fcn kendine yer bulamayaca\u011f\u0131 bir d\u00fcnya d\u00fc\u015f\u00fcncesiyle yolumuza devam etmeliyiz. Kad\u0131n ve erkek aras\u0131nda ya\u015fanan \u015fiddetin hi\u00e7bir bi\u00e7imde ho\u015f g\u00f6r\u00fclmedi\u011fi bir toplum olu\u015fturmak bizim elimizde.\u201d<\/span> <\/p>\n<p> <span style=\"font-size:14px;\">Toplant\u0131ya \u0130l Ba\u015fkan\u0131 Yusuf Ziya \u00d6ztabak da kat\u0131ld\u0131.<\/span> <\/p>\n<p>&nbsp;<\/p>\n<p>&nbsp;<\/p>\n","protected":false},"excerpt":{"rendered":"<p>AK Parti Yalova \u0130l Kad\u0131n Kollar\u0131 Ba\u015fkan\u0131 Melahat Yal\u00e7\u0131n, \u201cKad\u0131na y\u00f6nelik \u015fiddetin \u00f6nlenebilmesi i\u00e7in toplumun her kesimine \u00e7e\u015fitli sorumluluklar d\u00fc\u015fmektedir.<\/p>\n","protected":false},"author":1,"featured_media":5239,"comment_status":"open","ping_status":"open","sticky":false,"template":"","format":"standard","meta":[],"categories":[1],"tags":[],"_links":{"self":[{"href":"http:\/\/www.mertcanpolat.com.tr\/dev\/wp-json\/wp\/v2\/posts\/5238"}],"collection":[{"href":"http:\/\/www.mertcanpolat.com.tr\/dev\/wp-json\/wp\/v2\/posts"}],"about":[{"href":"http:\/\/www.mertcanpolat.com.tr\/dev\/wp-json\/wp\/v2\/types\/post"}],"author":[{"embeddable":true,"href":"http:\/\/www.mertcanpolat.com.tr\/dev\/wp-json\/wp\/v2\/users\/1"}],"replies":[{"embeddable":true,"href":"http:\/\/www.mertcanpolat.com.tr\/dev\/wp-json\/wp\/v2\/comments?post=5238"}],"version-history":[{"count":0,"href":"http:\/\/www.mertcanpolat.com.tr\/dev\/wp-json\/wp\/v2\/posts\/5238\/revisions"}],"wp:featuredmedia":[{"embeddable":true,"href":"http:\/\/www.mertcanpolat.com.tr\/dev\/wp-json\/wp\/v2\/media\/5239"}],"wp:attachment":[{"href":"http:\/\/www.mertcanpolat.com.tr\/dev\/wp-json\/wp\/v2\/media?parent=5238"}],"wp:term":[{"taxonomy":"category","embeddable":true,"href":"http:\/\/www.mertcanpolat.com.tr\/dev\/wp-json\/wp\/v2\/categories?post=5238"},{"taxonomy":"post_tag","embeddable":true,"href":"http:\/\/www.mertcanpolat.com.tr\/dev\/wp-json\/wp\/v2\/tags?post=5238"}],"curies":[{"name":"wp","href":"https:\/\/api.w.org\/{rel}","templated":true}]}}