{"id":5234,"date":"2016-11-27T00:10:00","date_gmt":"2016-11-27T00:10:00","guid":{"rendered":"http:\/\/www.mertcanpolat.com.tr\/dev\/index.php\/2016\/11\/27\/ozelden-oztabaka-cevap-geldi\/"},"modified":"2016-11-27T00:10:00","modified_gmt":"2016-11-27T00:10:00","slug":"ozelden-oztabaka-cevap-geldi","status":"publish","type":"post","link":"http:\/\/www.mertcanpolat.com.tr\/dev\/ozelden-oztabaka-cevap-geldi\/","title":{"rendered":"\u00d6ZEL&#39;DEN \u00d6ZTABAK&#39;A CEVAP GELD\u0130"},"content":{"rendered":"<p><b>CHP Yalova \u0130l Ba\u015fkan\u0131 \u00d6zcan \u00d6zel, AK Parti \u0130l Ba\u015fkan\u0131 Yusuf Ziya \u00d6ztabak\u2019\u0131n Belediye Ba\u015fkan\u0131 Vefa Salman\u2019a ele\u015ftirilerine cevap verdi. \u00d6zel, AK Parti\u2019nin yapt\u0131rd\u0131\u011f\u0131 ankette belediye \u00e7al\u0131\u015fmalar\u0131ndan memnuniyetin \u00fcst seviyede \u00e7\u0131kt\u0131\u011f\u0131n\u0131 belirterek, \u201cKar\u015f\u0131lar\u0131nda ba\u015far\u0131l\u0131 bir belediye ba\u015fkan\u0131 ve ba\u015far\u0131l\u0131 olan bir belediye var. Bir an \u00f6nce t\u00f6kezletmek, yava\u015flatmak istiyorlar\u201d dedi.<\/b>   <\/p>\n<p> <span style=\"font-size:14px;\">\u00d6zel, \u00d6ztabak\u2019\u0131n, Yalova Belediyesi ve Belediye Ba\u015fkan\u0131 Vefa Salman\u2019a d\u00f6n\u00fck ele\u015ftirilerini tebess\u00fcm ederek okudu\u011funu s\u00f6yledi. \u00d6zel, bir s\u00fcre \u00f6nce AK Parti\u2019nin yapt\u0131rd\u0131\u011f\u0131 ankette Vefa Salman ve belediye \u00e7al\u0131\u015fmalar\u0131ndan memnuniyetin \u00fcst seviyede \u00e7\u0131kmas\u0131ndan dolay\u0131 asl\u0131 astar\u0131 olmayan, ger\u00e7ek d\u0131\u015f\u0131 ithamlarla karalama kampanyas\u0131 ba\u015flat\u0131ld\u0131\u011f\u0131n\u0131 ileri s\u00fcrd\u00fc. \u00d6zel, \u201cBu nedenle \u00d6ztabak\u2019\u0131n dile getirdi\u011fi konulardaki ger\u00e7ekleri bir kez daha kamuoyuyla payla\u015fma gere\u011fi do\u011fmu\u015ftur. Mevkida\u015f\u0131 olarak da bu a\u00e7\u0131klamalar\u0131 kamuoyuna bildirmeyi ben g\u00f6rev say\u0131yorum\u201d dedi.<\/span> <\/p>\n<p> <span style=\"font-size:14px;\"> <strong>Dubalar d\u00fczene soktu<\/strong> <\/span> <\/p>\n<p> <span style=\"font-size:14px;\">\u00d6ztabak\u2019\u0131n dubalarla ilgili ele\u015ftirilerine yan\u0131t veren \u00d6zel, \u201c\u00d6ztabak, Yalova\u2019daki trafi\u011fi d\u00fczene sokmak ad\u0131na yap\u0131lan dubalar\u0131 anlamad\u0131\u011f\u0131n\u0131 s\u00f6yl\u00fcyor. Hemen s\u00f6yleyeyim dubalar sayesinde Yalova\u2019n\u0131n en b\u00fcy\u00fck sorunu ula\u015f\u0131mda \u00f6nemli \u00f6l\u00e7\u00fcde iyile\u015ftirme sa\u011fland\u0131. Bu dubalar kendi d\u00f6nemlerinde koyduklar\u0131 ve trafi\u011fi engellemekten ba\u015fka i\u015fe yaramayan bisiklet yolu dubalar\u0131 de\u011fildir; trafik ak\u0131\u015f\u0131 h\u0131zland\u0131r\u0131lm\u0131\u015f ve kav\u015faklarda d\u00f6n\u00fc\u015fler, d\u00fczene sokulmu\u015ftur. Dubalar\u0131 anlamayan \u00d6ztabak, gitsin AKP\u2019li belediye ba\u015fkanlar\u0131n\u0131n y\u00f6netti\u011fi \u0130stanbul, Kocaeli ve Bursa\u2019daki duba uygulamalar\u0131n\u0131 incelesin. Belki biraz fikir sahibi olurlar\u201d ifadesini kulland\u0131.<\/span> <\/p>\n<p> <iframe src=\"\/\/renderer.qmerce.com\/interaction\/583a084b1928e18350ca274e\" width=\"100%\" height=\"352\" frameborder=\"0\" scrolling=\"no\"> <\/iframe> <\/p>\n<p> <span style=\"font-size:14px;\"> <strong>Trajikomiktir<\/strong> <\/span> <\/p>\n<p> <span style=\"font-size:14px;\">Arazi sat\u0131\u015flar\u0131na y\u00f6nelik ele\u015ftirileri de\u011ferlendiren \u00d6zel, \u015f\u00f6yle devam etti:<\/span> <\/p>\n<p> <span style=\"font-size:14px;\">\u201cArboretum gibi Yalova\u2019n\u0131n marka de\u011feri ve ekonomik de\u011feri y\u00fcksek arazisini satan bir anlay\u0131\u015f\u0131n bunlar\u0131 s\u00f6ylemesi trajikomiktir. \u00dcstelik g\u00f6reve gelir gelmez \u00f6n\u00fcnde buldu\u011fu icra dosyalar\u0131 nedeniyle ba\u015fkan\u0131m\u0131z\u0131n, belediye arsalar\u0131n\u0131n de\u011ferinin y\u00fczde 50\u2019sini elden \u00e7\u0131kmas\u0131n\u0131 engellemek ve ger\u00e7ek de\u011ferini bulacak \u015fekilde sat\u0131\u015f\u0131n\u0131n yap\u0131lmas\u0131n\u0131 ele\u015ftirilmesini anlamak m\u00fcmk\u00fcn de\u011fildir. Arazilerin de\u011ferinin yar\u0131s\u0131na belediyenin elinden \u00e7\u0131kmas\u0131 belediye meclisinin oy birli\u011fiyle ald\u0131\u011f\u0131 sat\u0131\u015f karar\u0131yla engellenmi\u015ftir. \u00dcstelik sat\u0131lan arsalardan elde edilen gelirin y\u00fczde 50\u2019si ile icradaki bor\u00e7lar \u00f6denmi\u015f geri kalan y\u00fczde 50 de hizmet i\u00e7in kaynak olu\u015fmu\u015ftur. Ba\u015fkan Salman\u2019\u0131n bu uygulamas\u0131n\u0131 alk\u0131\u015flamak yerine ele\u015ftirmeleri sadece ve sadece polemik yaratma gayretleridir.\u201d<\/span> <\/p>\n<p> <span style=\"font-size:14px;\"> <strong>Yalova\u2019ya ihanet<\/strong> <\/span> <\/p>\n<p> <span style=\"font-size:14px;\">\u00d6zel, mali m\u00fc\u015favir ve muhasebeci olarak tan\u0131d\u0131klar\u0131 \u00d6ztabak\u2019\u0131n belediyenin borcunun artt\u0131\u011f\u0131ndan s\u00f6z ederken 20 y\u0131ld\u0131r faizleri y\u00fcz\u00fcnden katlanarak b\u00fcy\u00fcyen SGK bor\u00e7lar\u0131n\u0131 \u00f6demek isteyen belediyenin giri\u015fimini engellemekle \u00f6v\u00fcnd\u00fc\u011f\u00fcn\u00fc kaydetti. \u201cBu ne yaman \u00e7eli\u015fkidir? Anlamak m\u00fcmk\u00fcn de\u011fil?\u201d diyen \u00d6zel, \u015f\u00f6yle konu\u015ftu:<\/span> <\/p>\n<p> <span style=\"font-size:14px;\">\u201cSGK bor\u00e7lar\u0131n\u0131n \u00f6denmesini engellemek Yalova\u2019ya yap\u0131lm\u0131\u015f b\u00fcy\u00fck bir ihanettir. Yaloval\u0131ya hizmet i\u00e7in belediyenin kaynak yaratmas\u0131n\u0131 engellemek demektir. Belediyenin SGK\u2019ya vermek istedi\u011fi m\u00fclklerin belediyeye \u015fu an hi\u00e7bir getirisi yoktur. Ba\u015fka bir devlet kurumu o m\u00fclkleri kullanmaktad\u0131r. Size soruyorum; devlet kurumlar\u0131n\u0131n kulland\u0131\u011f\u0131 ve belediyeye getirisi olmayan bu m\u00fclkler \u00fczerinden belediyenin yine devlete olan bor\u00e7lar\u0131n\u0131 \u00f6demesi, kaynak ve b\u00fct\u00e7e hareket alan\u0131 yaratmak istemesinin nesi yanl\u0131\u015ft\u0131r? \u00dcstelik iktidarda olan kendileridir. Ve yap\u0131lacak olan \u00f6demeyi engellemek kendi h\u00fck\u00fcmetlerine yap\u0131lacak bir gelir kayb\u0131na sebep olmak demektir. Hala i\u015fin bu taraf\u0131n\u0131 anlamaktan yoksun olduklar\u0131n\u0131n g\u00f6stergesi budur. Bu engellemeyle Say\u0131n \u00d6ztabak partisini ters k\u00f6\u015feye yat\u0131rm\u0131\u015ft\u0131r.<\/span> <\/p>\n<p> <span style=\"font-size:14px;\">Ve AKP Meclis grubu da bu m\u00fclklerin devrini engelleyerek halka hizmet olarak d\u00f6necek kayna\u011f\u0131nda \u00f6n\u00fcn\u00fc kapatm\u0131\u015ft\u0131r.\u201d<\/span> <\/p>\n<p> <span style=\"font-size:14px;\"> <strong>Tonami\u2019de aslan pay\u0131 Salman\u2019\u0131n<\/strong> <\/span> <\/p>\n<p> <span style=\"font-size:14px;\">\u00d6ztabak\u2019\u0131n Tonami Meydan\u0131\u2019nda yap\u0131lan kav\u015fakla ilgili a\u00e7\u0131klamalar\u0131na da de\u011finen \u00d6zel, \u201cD\u00f6rtyol k\u00f6pr\u00fcl\u00fc kav\u015fa\u011f\u0131na gelince\u2026 Kav\u015fa\u011f\u0131n ihalesinden \u00f6nce bir bardak suda f\u0131rt\u0131na koparanlar bilmelidir ki Say\u0131n Vefa Salman, insan hayat\u0131na verdi\u011fi de\u011fer nedeniyle, s\u00fcrecin h\u0131zland\u0131r\u0131lmas\u0131 ad\u0131na vizyonunu ortaya koymu\u015f, \u00fclke \u00e7ap\u0131nda yap\u0131lan b\u00fcy\u00fck ele\u015ftirilere ra\u011fmen Yalova i\u00e7in do\u011fru olan\u0131 yapm\u0131\u015ft\u0131r. Bug\u00fcn o kav\u015fa\u011f\u0131n yap\u0131lmas\u0131ndaki aslan pay\u0131n\u0131 Yaloval\u0131lar\u0131n, Belediye Ba\u015fkan\u0131 Vefa Salman\u2019a vermesinin de do\u011fal sonucu budur. Say\u0131n \u00d6ztabak\u2019\u0131n feveran\u0131 da Yaloval\u0131lar\u0131n bu tavr\u0131 nedeniyledir. Belediyemiz kav\u015fakta peyzaj d\u00fczenleme \u00e7al\u0131\u015fmas\u0131n\u0131 tamamlayarak bu \u00e7al\u0131\u015fman\u0131n Yalova\u2019ya \u00e7ok yak\u0131\u015f\u0131r bir hale gelmesine hepimiz \u00e7ok yak\u0131n bir zamanda tan\u0131k olaca\u011f\u0131z\u201d ifadesini kulland\u0131.<\/span> <\/p>\n<p> <span style=\"font-size:14px;\"> <strong>\u0130htiya\u00e7 d\u0131\u015f\u0131 bir tek personel al\u0131nmam\u0131\u015ft\u0131r <\/strong> <\/span> <\/p>\n<p> <span style=\"font-size:14px;\">\u00d6zel, belediyedeki personel say\u0131s\u0131yla ilgili ele\u015ftirilere ise, \u201cHerkes bilsin ki; Yalova Belediyesi\u2019ne ihtiya\u00e7 d\u0131\u015f\u0131 bir tek personel al\u0131nmam\u0131\u015ft\u0131r. Yalova\u2019n\u0131n n\u00fcfusu 3 y\u0131lda y\u00fczde 20 artm\u0131\u015ft\u0131r. Park ve Bah\u00e7eler, Temizlik \u0130\u015fleri, Fen \u0130\u015fleri ve Su Kanal M\u00fcd\u00fcrl\u00fc\u011f\u00fc gibi halk\u0131n talep ve \u015fik\u00e2yetlerini en k\u0131sa zaman dilimi i\u00e7erisinde \u00e7\u00f6z\u00fcme ula\u015ft\u0131ran m\u00fcd\u00fcrl\u00fcklerdeki personel art\u0131\u015f\u0131, hizmetin iyisini hak eden Yaloval\u0131lar\u0131n kentsel sorunlar\u0131n\u0131 \u00e7\u00f6zme amac\u0131na y\u00f6nelik olarak ger\u00e7ekle\u015ftirilmektedir. Neden gocunuyorlar? Belediyemizce insanlara i\u015f verildi\u011fi ve yap\u0131lan hizmetler sonucundan m\u0131 rahats\u0131zl\u0131k duyuyorlar anla\u015f\u0131lamamaktad\u0131r\u201d dedi.<\/span> <\/p>\n<p> <span style=\"font-size:14px;\"> <strong>Kentsel d\u00f6n\u00fc\u015f\u00fcm bekletilmemeli<\/strong> <\/span> <\/p>\n<p> <span style=\"font-size:14px;\">Salman\u2019\u0131n da kentsel d\u00f6n\u00fc\u015f\u00fcm\u00fcn yap\u0131lmas\u0131 gerekti\u011fini d\u00fc\u015f\u00fcnd\u00fc\u011f\u00fcn\u00fc belirten \u00d6zel, a\u00e7\u0131klamalar\u0131n\u0131 \u015f\u00f6yle tamamlad\u0131:<\/span> <\/p>\n<p> <span style=\"font-size:14px;\">\u201cAncak bu tek ba\u015f\u0131na Yalova Belediyesi\u2019nin yapabilece\u011fi bir \u00e7al\u0131\u015fma de\u011fildir. Belediyemiz bu konuda \u00fczerine d\u00fc\u015fen teknik \u00e7al\u0131\u015fmalar\u0131 ilgili bakanl\u0131k ve genel m\u00fcd\u00fcrl\u00fckler d\u00fczeyinde yapm\u0131\u015ft\u0131r. \u015eimdi son olarak TOK\u0130\u2019den g\u00f6r\u00fc\u015f bekleniyor. E\u011fer Merkezi h\u00fck\u00fcmet bu \u00e7al\u0131\u015fmada bir an \u00f6nce elini ta\u015f\u0131n alt\u0131na koyarsa Yalova Belediyesi de seve seve bu \u00e7al\u0131\u015fmalar ba\u015flanmas\u0131 i\u00e7in hemen katk\u0131s\u0131n\u0131 koyacakt\u0131r. Bu konunun bekletilmesinin kayb\u0131 Yalova\u2019m\u0131z i\u00e7in \u00e7ok b\u00fcy\u00fck olacakt\u0131r. Son olarak \u015funlar\u0131 belirtmek isterim:&nbsp; Say\u0131n Yusuf Ziya \u00d6ztabak\u2019\u0131n ve AKP y\u00f6netiminin tela\u015f\u0131n\u0131 anl\u0131yorum. Kar\u015f\u0131lar\u0131nda ba\u015far\u0131l\u0131 bir belediye ba\u015fkan\u0131 ve ba\u015far\u0131l\u0131 olan bir belediye var. Bir an \u00f6nce t\u00f6kezletmek, yava\u015flatmak istiyorlar. \u0130stiyorlar ki Salman, Yaloval\u0131lara hizmette s\u0131n\u0131fta kals\u0131n. Ancak t\u00fcm Yaloval\u0131lar bilmelidir ki, buna m\u00fcsaade etmeyece\u011fiz. S\u00f6yledikleri her yanl\u0131\u015fta, yapt\u0131klar\u0131 her iftirada \u00d6ztabak ve di\u011fer AKP y\u00f6netimleri, bizleri kar\u015f\u0131lar\u0131nda bulacakt\u0131r.\u201d<\/span> <\/p>\n","protected":false},"excerpt":{"rendered":"<p>CHP Yalova \u0130l Ba\u015fkan\u0131 \u00d6zcan \u00d6zel, AK Parti \u0130l Ba\u015fkan\u0131 Yusuf Ziya \u00d6ztabak\u2019\u0131n Belediye Ba\u015fkan\u0131 Vefa Salman\u2019a ele\u015ftirilerine cevap verdi.<\/p>\n","protected":false},"author":1,"featured_media":5235,"comment_status":"open","ping_status":"open","sticky":false,"template":"","format":"standard","meta":[],"categories":[1],"tags":[],"_links":{"self":[{"href":"http:\/\/www.mertcanpolat.com.tr\/dev\/wp-json\/wp\/v2\/posts\/5234"}],"collection":[{"href":"http:\/\/www.mertcanpolat.com.tr\/dev\/wp-json\/wp\/v2\/posts"}],"about":[{"href":"http:\/\/www.mertcanpolat.com.tr\/dev\/wp-json\/wp\/v2\/types\/post"}],"author":[{"embeddable":true,"href":"http:\/\/www.mertcanpolat.com.tr\/dev\/wp-json\/wp\/v2\/users\/1"}],"replies":[{"embeddable":true,"href":"http:\/\/www.mertcanpolat.com.tr\/dev\/wp-json\/wp\/v2\/comments?post=5234"}],"version-history":[{"count":0,"href":"http:\/\/www.mertcanpolat.com.tr\/dev\/wp-json\/wp\/v2\/posts\/5234\/revisions"}],"wp:featuredmedia":[{"embeddable":true,"href":"http:\/\/www.mertcanpolat.com.tr\/dev\/wp-json\/wp\/v2\/media\/5235"}],"wp:attachment":[{"href":"http:\/\/www.mertcanpolat.com.tr\/dev\/wp-json\/wp\/v2\/media?parent=5234"}],"wp:term":[{"taxonomy":"category","embeddable":true,"href":"http:\/\/www.mertcanpolat.com.tr\/dev\/wp-json\/wp\/v2\/categories?post=5234"},{"taxonomy":"post_tag","embeddable":true,"href":"http:\/\/www.mertcanpolat.com.tr\/dev\/wp-json\/wp\/v2\/tags?post=5234"}],"curies":[{"name":"wp","href":"https:\/\/api.w.org\/{rel}","templated":true}]}}