{"id":5232,"date":"2016-11-29T23:28:00","date_gmt":"2016-11-29T23:28:00","guid":{"rendered":"http:\/\/www.mertcanpolat.com.tr\/dev\/index.php\/2016\/11\/29\/cocuklar-tiyatroyla-bulusacak\/"},"modified":"2016-11-29T23:28:00","modified_gmt":"2016-11-29T23:28:00","slug":"cocuklar-tiyatroyla-bulusacak","status":"publish","type":"post","link":"http:\/\/www.mertcanpolat.com.tr\/dev\/cocuklar-tiyatroyla-bulusacak\/","title":{"rendered":"\u00c7OCUKLAR T\u0130YATROYLA BULU\u015eACAK"},"content":{"rendered":"<p><b>Yalova Belediyesi taraf\u0131ndan d\u00fczenlenen k\u00fclt\u00fcr sanat etkinlikleri kapsam\u0131nda ge\u00e7ti\u011fimiz y\u0131l 3 bin \u00f6\u011frenci tiyatro ile bulu\u015fturuldu. Yeniden ba\u015flayan ve yaz sezonuna kadar s\u00fcrecek olan etkinlikler kapsam\u0131nda bu y\u0131l tiyatroyla bulu\u015fturulmas\u0131 hedeflenen \u00e7ocuk say\u0131s\u0131 5 bin<\/b>   <\/p>\n<p> <span style=\"font-size:14px;\">\u0130l Milli E\u011fitim M\u00fcd\u00fcrl\u00fc\u011f\u00fc ile ge\u00e7ti\u011fimiz y\u0131l yap\u0131lan protokol kapsam\u0131nda \u00e7ocuklar\u0131n tiyatro ile bulu\u015fturuldu\u011funu belirten Yalova Belediye Ba\u015fkan Yard\u0131mc\u0131s\u0131 J\u00fclide G\u00fcner, her y\u0131l hedeflerinin daha da b\u00fcy\u00fcyece\u011fini s\u00f6yledi. Ba\u015fkan Yard\u0131mc\u0131s\u0131 G\u00fcner, yapm\u0131\u015f oldu\u011fu a\u00e7\u0131klamada, T\u00fcrkiye\u2019nin ilk \u00c7ocuk Tiyatrosunu Yalova\u2019ya kazand\u0131ran Emekli \u00d6\u011fretmen Mesude Engin\u2019e de te\u015fekk\u00fcr etti.<\/span> <\/p>\n<p> <span style=\"font-size:14px;\"> <strong>\u201cOnun fikirlerini ve isteklerini \u00f6nemsiyoruz\u201d<\/strong> <\/span> <\/p>\n<p> <span style=\"font-size:14px;\">\u201cHedefimiz bu y\u0131l 5 bin \u00e7ocu\u011fumuzu tiyatro ile bulu\u015fturmak\u201d diyen Ba\u015fkan Yard\u0131mc\u0131s\u0131 J\u00fclide G\u00fcner, \u201cG\u00f6reve geldi\u011fimiz g\u00fcnden itibaren Emekli Co\u011frafya \u00d6\u011fretmeni Mesude Engin taraf\u0131ndan yapt\u0131r\u0131lan \u00c7ocuk Tiyatrosu\u2019nun canland\u0131r\u0131lmas\u0131 i\u00e7in \u00e7al\u0131\u015fmalar yapt\u0131k. Bir\u00e7ok organizasyonu orada ger\u00e7ekle\u015ftirdik ve ger\u00e7ekle\u015ftirmeye de devam ediyoruz. K\u00fclt\u00fcrel faaliyetlerin yan\u0131 s\u0131ra \u00e7evre d\u00fczenlemeleri yaparak da esteti\u011fini artt\u0131rd\u0131k. Bah\u00e7esinde peyzaj d\u00fczenlemeleri yapt\u0131k. Tiyatrosuyla, k\u00fct\u00fcphanesiyle, derslikleriyle \u00e7ocuklar\u0131m\u0131z\u0131n faydaland\u0131\u011f\u0131 bir konsepti orada olu\u015fturduk. Tiyatro etkinliklerinin yan\u0131 s\u0131ra 6 bran\u015fta (tiyatro, ba\u011flama, keman, ritim, resim ve gitar) \u00e7ocuklara \u00fccretsiz olarak kurslar verilmekte. \u00c7ocuklar\u0131m\u0131za bu hizmetin ula\u015ft\u0131r\u0131lmas\u0131na olanak sa\u011flayan Mesude Engin hocam\u0131za t\u00fcm \u00e7ocuklar\u0131m\u0131z ad\u0131na te\u015fekk\u00fcr ediyorum. Kendisi ile s\u00fcrekli temas halindeyiz. Onun fikirlerini ve isteklerini \u00f6nemsiyoruz. \u00c7ocuk Tiyatrosu\u2019nun y\u0131l\u0131n her g\u00fcn\u00fc faaliyette olmas\u0131 i\u00e7in \u00e7al\u0131\u015fmalar\u0131m\u0131z\u0131 aral\u0131ks\u0131z olarak s\u00fcrd\u00fcr\u00fcyoruz\u201d dedi.&nbsp;&nbsp;&nbsp;<\/span> <\/p>\n<p> <span style=\"font-size:14px;\">Emekli \u00f6\u011fretmen Mesude Engin, ge\u00e7ti\u011fimiz g\u00fcnlerde Haberci Gazetesi&#8217;ne yapt\u0131\u011f\u0131 a\u00e7\u0131klamada, yapt\u0131rd\u0131\u011f\u0131 \u00e7ocuk tiyatrosunda eksiklerin tamamlanmad\u0131\u011f\u0131n\u0131 ve belediye y\u00f6netimine k\u0131rg\u0131n oldu\u011funu s\u00f6ylemi\u015fti.<\/span> <\/p>\n<p>&nbsp;<\/p>\n","protected":false},"excerpt":{"rendered":"<p>Yalova Belediyesi taraf\u0131ndan d\u00fczenlenen k\u00fclt\u00fcr sanat etkinlikleri kapsam\u0131nda ge\u00e7ti\u011fimiz y\u0131l 3 bin \u00f6\u011frenci tiyatro ile bulu\u015fturuldu. Yeniden ba\u015flayan ve yaz<\/p>\n","protected":false},"author":1,"featured_media":5233,"comment_status":"open","ping_status":"open","sticky":false,"template":"","format":"standard","meta":[],"categories":[1],"tags":[],"_links":{"self":[{"href":"http:\/\/www.mertcanpolat.com.tr\/dev\/wp-json\/wp\/v2\/posts\/5232"}],"collection":[{"href":"http:\/\/www.mertcanpolat.com.tr\/dev\/wp-json\/wp\/v2\/posts"}],"about":[{"href":"http:\/\/www.mertcanpolat.com.tr\/dev\/wp-json\/wp\/v2\/types\/post"}],"author":[{"embeddable":true,"href":"http:\/\/www.mertcanpolat.com.tr\/dev\/wp-json\/wp\/v2\/users\/1"}],"replies":[{"embeddable":true,"href":"http:\/\/www.mertcanpolat.com.tr\/dev\/wp-json\/wp\/v2\/comments?post=5232"}],"version-history":[{"count":0,"href":"http:\/\/www.mertcanpolat.com.tr\/dev\/wp-json\/wp\/v2\/posts\/5232\/revisions"}],"wp:featuredmedia":[{"embeddable":true,"href":"http:\/\/www.mertcanpolat.com.tr\/dev\/wp-json\/wp\/v2\/media\/5233"}],"wp:attachment":[{"href":"http:\/\/www.mertcanpolat.com.tr\/dev\/wp-json\/wp\/v2\/media?parent=5232"}],"wp:term":[{"taxonomy":"category","embeddable":true,"href":"http:\/\/www.mertcanpolat.com.tr\/dev\/wp-json\/wp\/v2\/categories?post=5232"},{"taxonomy":"post_tag","embeddable":true,"href":"http:\/\/www.mertcanpolat.com.tr\/dev\/wp-json\/wp\/v2\/tags?post=5232"}],"curies":[{"name":"wp","href":"https:\/\/api.w.org\/{rel}","templated":true}]}}