{"id":5226,"date":"2016-11-30T23:15:00","date_gmt":"2016-11-30T23:15:00","guid":{"rendered":"http:\/\/www.mertcanpolat.com.tr\/dev\/index.php\/2016\/11\/30\/fatih-terimle-gorustu\/"},"modified":"2016-11-30T23:15:00","modified_gmt":"2016-11-30T23:15:00","slug":"fatih-terimle-gorustu","status":"publish","type":"post","link":"http:\/\/www.mertcanpolat.com.tr\/dev\/fatih-terimle-gorustu\/","title":{"rendered":"FAT\u0130H TER\u0130M&#39;LE G\u00d6R\u00dc\u015eT\u00dc"},"content":{"rendered":"<p><b>T\u00fcrkiye Futbol Antren\u00f6rleri Derne\u011fi \u0130stanbul \u015eubesi\u2019nin T\u00fcrkiye Futbol Direkt\u00f6r\u00fc Fatih Terim&#39;i ziyaretinde Yalova\u2019n\u0131n tan\u0131nan simalar\u0131ndan Necdet Toker de yer ald\u0131. <\/b>   <\/p>\n<p> <span style=\"font-size:14px;\">\u0130limizde Yalovaspor, \u00c7iftlikk\u00f6y Belediyespor, Sultaniyespor ve Hersekspor\u2019da \u00e7al\u0131\u015fan deneyimli spor adam\u0131, Terim\u2019e Yalova futbolundaki gereksinimleri hakk\u0131nda bilgi verdi.<\/span> <\/p>\n<p> <span style=\"font-size:14px;\">Fatih Terim\u2019e 25. y\u0131l onur plaketinin verildi\u011fi toplant\u0131da Terim&nbsp;ile&nbsp;T\u00fcrk futbol antren\u00f6rlerinin g\u00fcncel sorunlar\u0131n\u0131n ve antren\u00f6rler hakk\u0131ndaki projelerin hayata ge\u00e7irilmesi konusunda fikir al\u0131\u015fveri\u015finde bulunuldu.<\/span> <\/p>\n<p> <span style=\"font-size:14px;\">Yap\u0131lan ziyaret hakk\u0131nda bilgi veren T\u00dcFAD \u0130stanbul \u015eubesi Y\u00f6netim Kurulu \u00dcyesi ve Geli\u015fim Ligleri M\u00fcsabaka Koordinat\u00f6r \u00dcyesi Necdet Toker, \u201cT\u00dcFAD \u0130stanbul \u015eubesi\u2019nin Futbol Direkt\u00f6r\u00fc Fatih Terim&#8217;i ziyaretinde ben de yer ald\u0131m. \u00d6zel bir g\u00f6r\u00fc\u015fme yapma imkan\u0131m\u0131z da oldu. Yalova\u2019y\u0131 ve Yalova futbolunun gereksinimlerini ve neler yap\u0131lmas\u0131 gerekti\u011fini anlatt\u0131m. Kendisi Yalova ile ilgili \u00f6nemli notlar ald\u0131. Yalova\u2019n\u0131n \u00fc\u00e7 b\u00fcy\u00fck metropol aras\u0131nda kald\u0131\u011f\u0131n\u0131 ve b\u00f6lge sorumlusu olmad\u0131\u011f\u0131 i\u00e7in yetenekli gen\u00e7lerin b\u00f6lgelerden geri d\u00f6nd\u00fc\u011f\u00fcn\u00fc ilettim. Ayr\u0131ca Milli tak\u0131mlar i\u00e7in kamp yerinin olu\u015fturabilece\u011fini, bunun da Yalova futbolunun geli\u015fmesinde b\u00fcy\u00fck rol oynayaca\u011f\u0131ndan bahsettim\u201d dedi.<\/span> <\/p>\n<p>&nbsp;<\/p>\n<p>&nbsp;<\/p>\n<p>&nbsp;<\/p>\n<p>&nbsp;<\/p>\n","protected":false},"excerpt":{"rendered":"<p>T\u00fcrkiye Futbol Antren\u00f6rleri Derne\u011fi \u0130stanbul \u015eubesi\u2019nin T\u00fcrkiye Futbol Direkt\u00f6r\u00fc Fatih Terim&#39;i ziyaretinde Yalova\u2019n\u0131n tan\u0131nan simalar\u0131ndan Necdet Toker de yer ald\u0131.<\/p>\n","protected":false},"author":1,"featured_media":5227,"comment_status":"open","ping_status":"open","sticky":false,"template":"","format":"standard","meta":[],"categories":[1],"tags":[],"_links":{"self":[{"href":"http:\/\/www.mertcanpolat.com.tr\/dev\/wp-json\/wp\/v2\/posts\/5226"}],"collection":[{"href":"http:\/\/www.mertcanpolat.com.tr\/dev\/wp-json\/wp\/v2\/posts"}],"about":[{"href":"http:\/\/www.mertcanpolat.com.tr\/dev\/wp-json\/wp\/v2\/types\/post"}],"author":[{"embeddable":true,"href":"http:\/\/www.mertcanpolat.com.tr\/dev\/wp-json\/wp\/v2\/users\/1"}],"replies":[{"embeddable":true,"href":"http:\/\/www.mertcanpolat.com.tr\/dev\/wp-json\/wp\/v2\/comments?post=5226"}],"version-history":[{"count":0,"href":"http:\/\/www.mertcanpolat.com.tr\/dev\/wp-json\/wp\/v2\/posts\/5226\/revisions"}],"wp:featuredmedia":[{"embeddable":true,"href":"http:\/\/www.mertcanpolat.com.tr\/dev\/wp-json\/wp\/v2\/media\/5227"}],"wp:attachment":[{"href":"http:\/\/www.mertcanpolat.com.tr\/dev\/wp-json\/wp\/v2\/media?parent=5226"}],"wp:term":[{"taxonomy":"category","embeddable":true,"href":"http:\/\/www.mertcanpolat.com.tr\/dev\/wp-json\/wp\/v2\/categories?post=5226"},{"taxonomy":"post_tag","embeddable":true,"href":"http:\/\/www.mertcanpolat.com.tr\/dev\/wp-json\/wp\/v2\/tags?post=5226"}],"curies":[{"name":"wp","href":"https:\/\/api.w.org\/{rel}","templated":true}]}}