{"id":5224,"date":"2016-11-30T23:26:00","date_gmt":"2016-11-30T23:26:00","guid":{"rendered":"http:\/\/www.mertcanpolat.com.tr\/dev\/index.php\/2016\/11\/30\/ilber-ortayli-izdihami\/"},"modified":"2016-11-30T23:26:00","modified_gmt":"2016-11-30T23:26:00","slug":"ilber-ortayli-izdihami","status":"publish","type":"post","link":"http:\/\/www.mertcanpolat.com.tr\/dev\/ilber-ortayli-izdihami\/","title":{"rendered":"\u0130LBER ORTAYLI \u0130ZD\u0130HAMI"},"content":{"rendered":"<p><b>Yalova Belediyesi taraf\u0131ndan 29 Ekim-29 Kas\u0131m tarihleri aras\u0131nda ger\u00e7ekle\u015ftirilen k\u00fclt\u00fcr sanat etkinlikleri Prof. Dr. \u0130lber Ortayl\u0131 s\u00f6yle\u015fisi ile son buldu. S\u00f6yle\u015fide salonda ad\u0131m atacak yer kalmazken \u00e7ok say\u0131da ki\u015fi salona giremeden geri d\u00f6nd\u00fc.<\/b>   <\/p>\n<p> <span style=\"font-size:14px;\">T\u00fcrk Tarih Profes\u00f6r\u00fc \u0130lber Ortayl\u0131 Yaloval\u0131larla unutulmaz bir s\u00f6yle\u015fi ger\u00e7ekle\u015ftirdi. Yo\u011fun kat\u0131l\u0131m sa\u011flanan s\u00f6yle\u015finin konusu e\u011fitimdi. E\u011fitim konusuna geni\u015f bir bak\u0131\u015f a\u00e7\u0131s\u0131yla yakla\u015ft\u0131\u011f\u0131 konferansta Prof. Dr. Ortayl\u0131, Osmanl\u0131 \u0130mparatorlu\u011fu ve Cumhuriyet d\u00f6nemi e\u011fitim sisteminin kar\u015f\u0131la\u015ft\u0131rmas\u0131n\u0131 yaparak genel aksakl\u0131klara ve iyi uygulamalara de\u011findi. D\u00fcnyada e\u011fitimin nas\u0131l i\u015fledi\u011fine dair tarihi ve g\u00fcncel \u00f6rnekler de anlatan Ortayl\u0131, daha uzun bir konferansta g\u00f6r\u00fc\u015fmek \u00fczere s\u00f6yle\u015fisini tamamlad\u0131.<\/span> <img alt=\"\" src=\"http:\/\/ajansyalova.com\/Images\/Thumbs\/Editor\/5774-ilberortaylivefasalman.jpeg\" style=\"border-width: 2px; border-style: solid; margin: 2px; float: right; width: 640px; height: 427px;\" \/> <\/p>\n<p> <span style=\"font-size:14px;\">Yalova Belediye Ba\u015fkan\u0131 Vefa Salman \u2018Yalova Benim Kentimdir\u2019 kitab\u0131n\u0131 Ortayl\u0131\u2019ya hediye ederken; \u201cHem\u015fehrilerimin yo\u011fun kat\u0131l\u0131m\u0131 ile kar\u015f\u0131land\u0131\u011f\u0131m\u0131z hocam\u0131z ile \u00e7ok keyifli bir s\u00f6yleyi\u015fi ger\u00e7ekle\u015ftirdik. K\u00fclt\u00fcr sanat etkinliklerimizin sonuncusunu tamamlad\u0131\u011f\u0131m\u0131z s\u00f6yleyi\u015fi ve di\u011fer t\u00fcm etkinliklerimizin vatanda\u015flar\u0131m\u0131z\u0131n memnuniyetini kazand\u0131\u011f\u0131na inan\u0131yorum. Yalova\u2019m\u0131za daha geni\u015f bir yelpazede bir\u00e7ok sosyal aktiviteleri getirmeye devam edece\u011fiz. Bu g\u00fczel s\u00f6yle\u015fi i\u00e7in hocama tekrar te\u015fekk\u00fcr ediyorum\u201d dedi.<\/span> <\/p>\n","protected":false},"excerpt":{"rendered":"<p>Yalova Belediyesi taraf\u0131ndan 29 Ekim-29 Kas\u0131m tarihleri aras\u0131nda ger\u00e7ekle\u015ftirilen k\u00fclt\u00fcr sanat etkinlikleri Prof. Dr. \u0130lber Ortayl\u0131 s\u00f6yle\u015fisi ile son buldu.<\/p>\n","protected":false},"author":1,"featured_media":5225,"comment_status":"open","ping_status":"open","sticky":false,"template":"","format":"standard","meta":[],"categories":[1],"tags":[],"_links":{"self":[{"href":"http:\/\/www.mertcanpolat.com.tr\/dev\/wp-json\/wp\/v2\/posts\/5224"}],"collection":[{"href":"http:\/\/www.mertcanpolat.com.tr\/dev\/wp-json\/wp\/v2\/posts"}],"about":[{"href":"http:\/\/www.mertcanpolat.com.tr\/dev\/wp-json\/wp\/v2\/types\/post"}],"author":[{"embeddable":true,"href":"http:\/\/www.mertcanpolat.com.tr\/dev\/wp-json\/wp\/v2\/users\/1"}],"replies":[{"embeddable":true,"href":"http:\/\/www.mertcanpolat.com.tr\/dev\/wp-json\/wp\/v2\/comments?post=5224"}],"version-history":[{"count":0,"href":"http:\/\/www.mertcanpolat.com.tr\/dev\/wp-json\/wp\/v2\/posts\/5224\/revisions"}],"wp:featuredmedia":[{"embeddable":true,"href":"http:\/\/www.mertcanpolat.com.tr\/dev\/wp-json\/wp\/v2\/media\/5225"}],"wp:attachment":[{"href":"http:\/\/www.mertcanpolat.com.tr\/dev\/wp-json\/wp\/v2\/media?parent=5224"}],"wp:term":[{"taxonomy":"category","embeddable":true,"href":"http:\/\/www.mertcanpolat.com.tr\/dev\/wp-json\/wp\/v2\/categories?post=5224"},{"taxonomy":"post_tag","embeddable":true,"href":"http:\/\/www.mertcanpolat.com.tr\/dev\/wp-json\/wp\/v2\/tags?post=5224"}],"curies":[{"name":"wp","href":"https:\/\/api.w.org\/{rel}","templated":true}]}}