{"id":5220,"date":"2016-11-30T23:32:00","date_gmt":"2016-11-30T23:32:00","guid":{"rendered":"http:\/\/www.mertcanpolat.com.tr\/dev\/index.php\/2016\/11\/30\/ilk-basvuru-kaymakamdan\/"},"modified":"2016-11-30T23:32:00","modified_gmt":"2016-11-30T23:32:00","slug":"ilk-basvuru-kaymakamdan","status":"publish","type":"post","link":"http:\/\/www.mertcanpolat.com.tr\/dev\/ilk-basvuru-kaymakamdan\/","title":{"rendered":"\u0130LK BA\u015eVURU KAYMAKAMDAN"},"content":{"rendered":"<p><b>\u00c7iftlikk\u00f6y Kaymakam\u0131 Cengiz Karabulut, Yalova ve il\u00e7elerinde uygulamaya konulan \u00e7ipli kimlik kart i\u00e7in ilk ba\u015fvuruda bulunan ki\u015filerden biri oldu<\/b>   <\/p>\n<p> <span style=\"font-size:14px;\">\u00c7iftlikk\u00f6y Kaymakam\u0131 Cengiz Karabulut ba\u015fvurular\u0131n ba\u015flamas\u0131n\u0131n ard\u0131ndan \u00c7iftlikk\u00f6y \u0130l\u00e7e N\u00fcfus M\u00fcd\u00fcrl\u00fc\u011f\u00fc\u2019ne giderek yeni kimlik kart\u0131 i\u00e7in ba\u015fvuruda bulundu.<\/span> <\/p>\n<p> <span style=\"font-size:14px;\">Yalova\u2019da \u00e7ipli kimlik kartlar\u0131 i\u00e7in ba\u015fvurular al\u0131nmaya ba\u015fland\u0131. \u0130lk zamanlarda yo\u011fun ba\u015fvuru olaca\u011f\u0131, zamanla bu ba\u015fvurular\u0131n azalaca\u011f\u0131 bekleniyor.<\/span> <\/p>\n<p> <span style=\"font-size:14px;\">Pilot b\u00f6lge se\u00e7ilen Yalova\u2019da da yeni kimlik kartlar\u0131n\u0131n da\u011f\u0131t\u0131m\u0131 i\u00e7in ba\u015fvurular ba\u015flad\u0131. Kaymakam Cengiz Karabulut \u0130l\u00e7e N\u00fcfus M\u00fcd\u00fcrl\u00fc\u011f\u00fc\u2019ne giderek yeni kimlik kart\u0131 i\u00e7in ba\u015fvuruda bulundu. Ba\u015fvuru i\u00e7in biyometrik foto\u011fraf ve mevcut n\u00fcfus c\u00fczdan\u0131 ile \u0130l\u00e7e N\u00fcfus M\u00fcd\u00fcrl\u00fc\u011f\u00fc\u2019ne gelinmesi gerekti\u011fine dikkat \u00e7eken \u0130l\u00e7e N\u00fcfus M\u00fcd\u00fcr\u00fc Nesim Azat, s\u00f6z konusu \u015fehirlerin ard\u0131ndan gelecek y\u0131l \u00fclke genelindeki t\u00fcm illerde yayg\u0131nla\u015ft\u0131r\u0131lmas\u0131 planlanan kimlik kartlar\u0131nda kad\u0131n ve erke\u011fe farkl\u0131 renkte kimlik uygulamas\u0131 da kalkarken yeni kimliklerin 10 y\u0131ll\u0131k kullan\u0131m \u00f6mr\u00fcne sahip olaca\u011f\u0131n\u0131 belirtti.<\/span> <\/p>\n<p> <span style=\"font-size:14px;\"> <strong>\u201cVatanda\u015flar\u0131m\u0131z\u0131 davet ediyoruz\u201d<\/strong> <\/span> <\/p>\n<p> <span style=\"font-size:14px;\">Yeni kimlik kartlar\u0131n\u0131n T\u00fcrkiye genelinde 11 pilot ilde da\u011f\u0131t\u0131m\u0131na ba\u015flad\u0131\u011f\u0131n\u0131, bu illerden birisinin de Yalova oldu\u011funu belirten Karabulut, \u201c\u015eu anda \u00c7iftlikk\u00f6y il\u00e7esinde de yeni kimlik kartlar\u0131m\u0131z\u0131n d\u00fczenlemesi il\u00e7e n\u00fcfus m\u00fcd\u00fcrl\u00fc\u011f\u00fcnde ba\u015flad\u0131. Biz, vatanda\u015flar\u0131m\u0131z\u0131 m\u00fcd\u00fcrl\u00fc\u011f\u00fcm\u00fcze davet ediyoruz. Yeni kimlik kartlar\u0131 \u00e7ipli sistem olaca\u011f\u0131ndan g\u00fcvenlik itibariyle de daha rahat kullan\u0131lacakt\u0131r. Vatanda\u015f, bir biyometrik foto\u011frafla eski n\u00fcfus c\u00fczdan\u0131 veya kimlik yerine ge\u00e7en ehliyet, pasaport, s\u00fcr\u00fcc\u00fc belgesi gibi belgelerle n\u00fcfus m\u00fcd\u00fcrl\u00fc\u011f\u00fcne m\u00fcracaat etmesi halinde m\u00fcracaatlar\u0131 ger\u00e7ekle\u015ftirilecek. M\u00fcracaatta, ki\u015filerin sa\u011f ve sol ellerinin avu\u00e7 i\u00e7i ayas\u0131, damar izi ve parmak izi al\u0131n\u0131yor. M\u00fcracaatlar neticesinde belirtmi\u015f olduklar\u0131 adreslere kimlikler PTT yetkilileri taraf\u0131ndan teslim ediliyor. Amac\u0131m\u0131z k\u0131sa s\u00fcre i\u00e7erisinde il\u00e7e genelinde ikamet eden t\u00fcm vatanda\u015flar\u0131m\u0131z\u0131 T\u00fcrkiye Cumhuriyeti kimlik kart\u0131na kavu\u015fturmak\u201d dedi.<\/span> <\/p>\n<p>&nbsp;<\/p>\n","protected":false},"excerpt":{"rendered":"<p>\u00c7iftlikk\u00f6y Kaymakam\u0131 Cengiz Karabulut, Yalova ve il\u00e7elerinde uygulamaya konulan \u00e7ipli kimlik kart i\u00e7in ilk ba\u015fvuruda bulunan ki\u015filerden biri oldu \u00c7iftlikk\u00f6y<\/p>\n","protected":false},"author":1,"featured_media":5221,"comment_status":"open","ping_status":"open","sticky":false,"template":"","format":"standard","meta":[],"categories":[1],"tags":[],"_links":{"self":[{"href":"http:\/\/www.mertcanpolat.com.tr\/dev\/wp-json\/wp\/v2\/posts\/5220"}],"collection":[{"href":"http:\/\/www.mertcanpolat.com.tr\/dev\/wp-json\/wp\/v2\/posts"}],"about":[{"href":"http:\/\/www.mertcanpolat.com.tr\/dev\/wp-json\/wp\/v2\/types\/post"}],"author":[{"embeddable":true,"href":"http:\/\/www.mertcanpolat.com.tr\/dev\/wp-json\/wp\/v2\/users\/1"}],"replies":[{"embeddable":true,"href":"http:\/\/www.mertcanpolat.com.tr\/dev\/wp-json\/wp\/v2\/comments?post=5220"}],"version-history":[{"count":0,"href":"http:\/\/www.mertcanpolat.com.tr\/dev\/wp-json\/wp\/v2\/posts\/5220\/revisions"}],"wp:featuredmedia":[{"embeddable":true,"href":"http:\/\/www.mertcanpolat.com.tr\/dev\/wp-json\/wp\/v2\/media\/5221"}],"wp:attachment":[{"href":"http:\/\/www.mertcanpolat.com.tr\/dev\/wp-json\/wp\/v2\/media?parent=5220"}],"wp:term":[{"taxonomy":"category","embeddable":true,"href":"http:\/\/www.mertcanpolat.com.tr\/dev\/wp-json\/wp\/v2\/categories?post=5220"},{"taxonomy":"post_tag","embeddable":true,"href":"http:\/\/www.mertcanpolat.com.tr\/dev\/wp-json\/wp\/v2\/tags?post=5220"}],"curies":[{"name":"wp","href":"https:\/\/api.w.org\/{rel}","templated":true}]}}