{"id":5218,"date":"2016-11-30T23:45:00","date_gmt":"2016-11-30T23:45:00","guid":{"rendered":"http:\/\/www.mertcanpolat.com.tr\/dev\/index.php\/2016\/11\/30\/son-anlari-kamerada\/"},"modified":"2016-11-30T23:45:00","modified_gmt":"2016-11-30T23:45:00","slug":"son-anlari-kamerada","status":"publish","type":"post","link":"http:\/\/www.mertcanpolat.com.tr\/dev\/son-anlari-kamerada\/","title":{"rendered":"SON ANLARI KAMERADA"},"content":{"rendered":"<p><b>Kocaeli&#39;nin G\u00f6lc\u00fck il\u00e7esinde motosikletin bariyerlere \u00e7arpma an\u0131, kask kameras\u0131 taraf\u0131ndan kaydedildi.<\/b>   <\/p>\n<p> <span style=\"font-size:14px;\">Kazadan dakikalar \u00f6nce trafik uygulamas\u0131 yapan Yalova\u2019daki jandarma ekipleri taraf\u0131ndan durdurulan motosikletli grup dikkatli s\u00fcrmeleri konusunda uyar\u0131ld\u0131 ama sonu\u00e7 de\u011fi\u015fmedi. S\u00fcr\u00fcc\u00fclerden biri Yalova\u2019dan d\u00f6n\u00fc\u015f yolunda ya\u015fam\u0131n\u0131 yitirdi<\/span> <\/p>\n<p> <span style=\"font-size:14px;\">Kazada hayat\u0131n\u0131 kaybeden s\u00fcr\u00fcc\u00fc Mustafa Kurt&#8217;un kask\u0131nda bulunan kameraya yans\u0131yan g\u00f6r\u00fcnt\u00fclerde, Kurt&#8217;un \u00f6n\u00fcnde seyreden motosikletli arkada\u015f\u0131n\u0131 takip etti\u011fi ve bir s\u00fcre sonra \u00f6n\u00fcndeki arac\u0131n sa\u011f\u0131na do\u011fru ilerlerken &nbsp;bariyerlere \u00e7arparak devrildi\u011fi g\u00f6r\u00fcl\u00fcyor.&nbsp;Yalova\u2019dan d\u00f6nen Mustafa Kurt&#8217;un (34) kulland\u0131\u011f\u0131 motosiklet, D-130 Karayolu gonca rampas\u0131nda kontrolden \u00e7\u0131karak ref\u00fcjdeki beton bariyerlere \u00e7arparken savrulan motosikletle s\u00fcr\u00fcklenen Kurt, kald\u0131r\u0131ld\u0131\u011f\u0131 G\u00f6lc\u00fck Necati \u00c7elik Devlet Hastanesi\u2019nde yap\u0131lan m\u00fcdahaleye ra\u011fmen kurtar\u0131lamad\u0131.<\/span> <\/p>\n<p> <span style=\"font-size:14px;\"> <strong>\u2018Bir tur atal\u0131m gidiyoruz\u2019 son s\u00f6zleri oldu<\/strong> <img alt=\"\" src=\"http:\/\/ajansyalova.com\/Images\/Thumbs\/Editor\/5778--8075371.jpeg\" style=\"border-width: 2px; border-style: solid; margin: 2px; float: right; width: 400px; height: 478px;\" \/> <br \/> Kazadan dakikalar \u00f6nce trafik uygulamas\u0131 yapan jandarma ekipleri taraf\u0131ndan eski Elyaf Fabrikas\u0131\u2019n\u0131n giri\u015finde durdurularak iki motosikletli dikkatli s\u00fcrmeleri konusunda uyar\u0131l\u0131yor. Uygulama sonras\u0131 jandarma ekiplerine daha yava\u015f ve dikkatli gideceklerine s\u00f6z veren ikili yollar\u0131na devam ediyor. Daha sonra s\u00fcr\u00fcc\u00fc Mustafa Kurt\u2019un Yalova \u015fehir giri\u015finde Ara\u015ft\u0131rma Enstit\u00fcs\u00fc\u2019n\u00fcn yan taraf\u0131nda g\u00f6r\u00fcnt\u00fcs\u00fc yer al\u0131yor. Buradaki g\u00f6r\u00fcnt\u00fcde Kurt\u2019un yan\u0131na ba\u015fka bir motorcu arkada\u015f\u0131 yana\u015f\u0131yor. \u0130kili konu\u015furken hayat\u0131n\u0131 kaybeden Kurt\u2019un son s\u00f6zleri ise, \u2018Bir tur atal\u0131m, gidiyoruz\u2019 oluyor. Daha sonra yola \u00e7\u0131kan Yalova\u2019dan Mustafa Kurt, gonca rampas\u0131nda yakla\u015f\u0131k 160 kilometre h\u0131zla bariyerlere \u00e7arp\u0131yor. Kamera ise daha sonra kay\u0131ttan \u00e7\u0131k\u0131yor.<\/span> <\/p>\n","protected":false},"excerpt":{"rendered":"<p>Kocaeli&#39;nin G\u00f6lc\u00fck il\u00e7esinde motosikletin bariyerlere \u00e7arpma an\u0131, kask kameras\u0131 taraf\u0131ndan kaydedildi. Kazadan dakikalar \u00f6nce trafik uygulamas\u0131 yapan Yalova\u2019daki jandarma ekipleri<\/p>\n","protected":false},"author":1,"featured_media":5219,"comment_status":"open","ping_status":"open","sticky":false,"template":"","format":"standard","meta":[],"categories":[1],"tags":[],"_links":{"self":[{"href":"http:\/\/www.mertcanpolat.com.tr\/dev\/wp-json\/wp\/v2\/posts\/5218"}],"collection":[{"href":"http:\/\/www.mertcanpolat.com.tr\/dev\/wp-json\/wp\/v2\/posts"}],"about":[{"href":"http:\/\/www.mertcanpolat.com.tr\/dev\/wp-json\/wp\/v2\/types\/post"}],"author":[{"embeddable":true,"href":"http:\/\/www.mertcanpolat.com.tr\/dev\/wp-json\/wp\/v2\/users\/1"}],"replies":[{"embeddable":true,"href":"http:\/\/www.mertcanpolat.com.tr\/dev\/wp-json\/wp\/v2\/comments?post=5218"}],"version-history":[{"count":0,"href":"http:\/\/www.mertcanpolat.com.tr\/dev\/wp-json\/wp\/v2\/posts\/5218\/revisions"}],"wp:featuredmedia":[{"embeddable":true,"href":"http:\/\/www.mertcanpolat.com.tr\/dev\/wp-json\/wp\/v2\/media\/5219"}],"wp:attachment":[{"href":"http:\/\/www.mertcanpolat.com.tr\/dev\/wp-json\/wp\/v2\/media?parent=5218"}],"wp:term":[{"taxonomy":"category","embeddable":true,"href":"http:\/\/www.mertcanpolat.com.tr\/dev\/wp-json\/wp\/v2\/categories?post=5218"},{"taxonomy":"post_tag","embeddable":true,"href":"http:\/\/www.mertcanpolat.com.tr\/dev\/wp-json\/wp\/v2\/tags?post=5218"}],"curies":[{"name":"wp","href":"https:\/\/api.w.org\/{rel}","templated":true}]}}