{"id":5216,"date":"2016-12-01T22:41:00","date_gmt":"2016-12-01T22:41:00","guid":{"rendered":"http:\/\/www.mertcanpolat.com.tr\/dev\/index.php\/2016\/12\/01\/kopru-fiyatlari-ne-olacak\/"},"modified":"2016-12-01T22:41:00","modified_gmt":"2016-12-01T22:41:00","slug":"kopru-fiyatlari-ne-olacak","status":"publish","type":"post","link":"http:\/\/www.mertcanpolat.com.tr\/dev\/kopru-fiyatlari-ne-olacak\/","title":{"rendered":"K\u00d6PR\u00dc F\u0130YATLARI NE OLACAK?"},"content":{"rendered":"<p><b>A\u00e7\u0131ld\u0131\u011f\u0131 g\u00fcnden bu yana istenilen ge\u00e7i\u015f say\u0131s\u0131na ula\u015f\u0131lamayan Osmangazi K\u00f6pr\u00fcs\u00fc\u2019nde, dolardaki art\u0131\u015fla birlikte ge\u00e7i\u015f \u00fccretlerinde zam olmas\u0131 bekleniyor.<\/b>   <\/p>\n<p> <span style=\"font-size:14px;\">Osmangazi K\u00f6pr\u00fcs\u00fc\u2019nde s\u00f6zle\u015fme gere\u011fi 35 dolar + KDV fiyat tarifesi uygulamas\u0131 var. Son d\u00f6nemdeki dolardaki art\u0131\u015f nedeniyle k\u00f6pr\u00fc ge\u00e7i\u015flerinde zam olmas\u0131 bekleniyor. 40 bin ara\u00e7 garantisi verilen k\u00f6pr\u00fcden ancak ortalama 15 bin arac\u0131n ge\u00e7ti\u011fi \u00f6\u011frenildi. K\u00f6pr\u00fc i\u00e7in 30 Haziran a\u00e7\u0131l\u0131\u015f tarihinde<\/span> <\/p>\n<p> <span style=\"font-size:14px;\"> <strong>1&#8217;inci&nbsp;s\u0131n\u0131f ara\u00e7lar i\u00e7in 88,75<\/strong>,&nbsp;<strong>2&#8217;nci s\u0131n\u0131f 141,95, 3&#8217;\u00fcnc\u00fc s\u0131n\u0131f 168,60, 4&#8217;\u00fcnc\u00fc s\u0131n\u0131f 223,60, 5&#8217;inci s\u0131n\u0131f 282,15, 6&#8217;nc\u0131 s\u0131n\u0131f ara\u00e7lar i\u00e7in ise 62,10 TL&nbsp;<\/strong>olarak fiyat belirlenmi\u015fti.&nbsp;<\/span> <\/p>\n<p> <span style=\"font-size:14px;\">30 Haziran tarihinde dolar 2,89 lirayken bug\u00fcn ise 3,42 lira. Durum b\u00f6yle olunca k\u00f6pr\u00fc ge\u00e7i\u015flerine zam gelmesinin eli kula\u011f\u0131nda<\/span> <\/p>\n<p> <span style=\"font-size:14px;\"> <strong>Devlet zarara u\u011fruyor<\/strong> <br \/> CHP Kocaeli Milletvekili Haydar Akar, Osmangazi K\u00f6pr\u00fcs\u00fc&#8217;nde verilen ara\u00e7 garanti say\u0131s\u0131n\u0131n yar\u0131s\u0131na dahi ula\u015f\u0131lamad\u0131\u011f\u0131n\u0131 belirtti.<\/span> <\/p>\n<p> <span style=\"font-size:14px;\">Devletin zarara u\u011frat\u0131ld\u0131\u011f\u0131n\u0131, vergilerinin bo\u015fa harcand\u0131\u011f\u0131n\u0131 s\u00f6yleyen Akar, \u015f\u00f6yle konu\u015ftu:<\/span> <\/p>\n<p> <span style=\"font-size:14px;\">&#8220;A\u00e7\u0131l\u0131\u015f\u0131 ile birlikte 9 g\u00fcnl\u00fck Bayram tatilinde ara\u00e7 ge\u00e7i\u015flerini bedava yapt\u0131lar buna ra\u011fmen Temmuz ay\u0131nda 1 milyon 200 bin ara\u00e7 ge\u00e7i\u015fi oldu. Ancak bakt\u0131\u011f\u0131m\u0131zda \u00fccretli ge\u00e7i\u015fin ba\u015flamas\u0131 ile birlikte A\u011fustos ay\u0131nda bu rakam 499 bine d\u00fc\u015ft\u00fc. Yani verilen ara\u00e7 garanti say\u0131s\u0131n\u0131n yar\u0131s\u0131na dahi ula\u015f\u0131lam\u0131yor. Devlet kalan g\u00fcnl\u00fck 25 bin arac\u0131n \u00fccretini vatanda\u015ftan al\u0131yor. Bunun anlam\u0131 ehliyetin, araban olmasa bile o k\u00f6pr\u00fcden hi\u00e7 ge\u00e7mesen bile senin cebinden dolayl\u0131 olarak bu para \u00e7\u0131k\u0131yor. Bu tutar\u0131 biz y\u0131ll\u0131k tam 511 milyon lira hesaplad\u0131k. S\u00f6zle\u015fme 2013 y\u0131l\u0131nda 22 y\u0131l 4 ayl\u0131k bir s\u00fcre i\u00e7in imzaland\u0131. Yani bu durum 19 y\u0131l boyunca devam edecek. Maliyeti d\u00fc\u015f\u00fcnce devlet bu paraya bu s\u00fcrede 10 k\u00f6pr\u00fc daha yapabilirdi. \u00dccret art\u0131\u015flar\u0131 her y\u0131l Amerikan t\u00fcketici endeksine g\u00f6re hesaplanacak.<\/span> <\/p>\n<p> <span style=\"font-size:14px;\">Dolar gittik\u00e7e art\u0131yor ve y\u0131lba\u015f\u0131nda yeni fiyat tarifesi kar\u015f\u0131m\u0131za \u00e7\u0131kacak. K\u00f6pr\u00fcn\u00fcn maliyeti ise 2 milyar 355 milyon lirad\u0131r. Bu hesaba nereden bakarsan\u0131z bak\u0131n devlet zarara u\u011frat\u0131l\u0131yor, vatanda\u015f\u0131n vergileri bo\u015fa harcan\u0131yor. H\u00fck\u00fcmet bir yandan mali kaynak ar\u0131yor, bir yandan paralar\u0131 bu tip i\u015flerle bo\u015fa harc\u0131yor.&#8221;<\/span> <\/p>\n<p>&nbsp;<\/p>\n","protected":false},"excerpt":{"rendered":"<p>A\u00e7\u0131ld\u0131\u011f\u0131 g\u00fcnden bu yana istenilen ge\u00e7i\u015f say\u0131s\u0131na ula\u015f\u0131lamayan Osmangazi K\u00f6pr\u00fcs\u00fc\u2019nde, dolardaki art\u0131\u015fla birlikte ge\u00e7i\u015f \u00fccretlerinde zam olmas\u0131 bekleniyor. Osmangazi K\u00f6pr\u00fcs\u00fc\u2019nde<\/p>\n","protected":false},"author":1,"featured_media":5217,"comment_status":"open","ping_status":"open","sticky":false,"template":"","format":"standard","meta":[],"categories":[1],"tags":[],"_links":{"self":[{"href":"http:\/\/www.mertcanpolat.com.tr\/dev\/wp-json\/wp\/v2\/posts\/5216"}],"collection":[{"href":"http:\/\/www.mertcanpolat.com.tr\/dev\/wp-json\/wp\/v2\/posts"}],"about":[{"href":"http:\/\/www.mertcanpolat.com.tr\/dev\/wp-json\/wp\/v2\/types\/post"}],"author":[{"embeddable":true,"href":"http:\/\/www.mertcanpolat.com.tr\/dev\/wp-json\/wp\/v2\/users\/1"}],"replies":[{"embeddable":true,"href":"http:\/\/www.mertcanpolat.com.tr\/dev\/wp-json\/wp\/v2\/comments?post=5216"}],"version-history":[{"count":0,"href":"http:\/\/www.mertcanpolat.com.tr\/dev\/wp-json\/wp\/v2\/posts\/5216\/revisions"}],"wp:featuredmedia":[{"embeddable":true,"href":"http:\/\/www.mertcanpolat.com.tr\/dev\/wp-json\/wp\/v2\/media\/5217"}],"wp:attachment":[{"href":"http:\/\/www.mertcanpolat.com.tr\/dev\/wp-json\/wp\/v2\/media?parent=5216"}],"wp:term":[{"taxonomy":"category","embeddable":true,"href":"http:\/\/www.mertcanpolat.com.tr\/dev\/wp-json\/wp\/v2\/categories?post=5216"},{"taxonomy":"post_tag","embeddable":true,"href":"http:\/\/www.mertcanpolat.com.tr\/dev\/wp-json\/wp\/v2\/tags?post=5216"}],"curies":[{"name":"wp","href":"https:\/\/api.w.org\/{rel}","templated":true}]}}