{"id":5214,"date":"2016-12-09T18:37:00","date_gmt":"2016-12-09T18:37:00","guid":{"rendered":"http:\/\/www.mertcanpolat.com.tr\/dev\/index.php\/2016\/12\/09\/yalovada-deniz-cekildi\/"},"modified":"2016-12-09T18:37:00","modified_gmt":"2016-12-09T18:37:00","slug":"yalovada-deniz-cekildi","status":"publish","type":"post","link":"http:\/\/www.mertcanpolat.com.tr\/dev\/yalovada-deniz-cekildi\/","title":{"rendered":"YALOVA&#39;DA DEN\u0130Z \u00c7EK\u0130LD\u0130"},"content":{"rendered":"<p><b>Yalova\u2019da, &#8220;gelgit&#8221; nedeniyle deniz yakla\u015f\u0131k 10 metre \u00e7ekildi. \u00c7ekilen denizi \u015fa\u015fk\u0131nl\u0131kla izleyen vatanda\u015flar deprem dedikodular\u0131yla korku ya\u015fad\u0131.<\/b>   <\/p>\n<p> <span style=\"font-size:14px;\">Kentte deniz \u00e7ekilmesi sahil \u015feridinde g\u00f6zlemlendi. Denizin yakla\u015f\u0131k 10 metre \u00e7ekilmesi sonras\u0131nda kayal\u0131klardaki yosunlar ortaya \u00e7\u0131kt\u0131. Denizin Safran Deresi\u2019yle kesi\u015fti\u011fi yerde ise baz\u0131 kay\u0131klar karaya oturdu. Vatanda\u015flar, denizin \u00e7ekildi\u011fi alanda gezerek ya\u015fanan durumu inceledi.&nbsp;<\/span> <\/p>\n<p> <span style=\"font-size:14px;\">Ge\u00e7ti\u011fimiz y\u0131llara g\u00f6re bu sene denizin daha fazla \u00e7ekildi\u011fini dile getiren vatanda\u015flar, \u201cHer zamankinden daha fazla suyun \u00e7ekildi\u011fini g\u00f6rd\u00fck. Bu da bizi korkutuyor. Depremin habercisi olabilir diyorlar\u201d dedi.<\/span> <\/p>\n<p> <span style=\"font-size:14px;\"> <strong>G\u00fcndo\u011fdu: Yeterli veri yok<img alt=\"\" src=\"http:\/\/ajansyalova.com\/Images\/Thumbs\/Editor\/5781-yalovadadenizcekildi.jpeg\" style=\"border-width: 2px; border-style: solid; margin: 2px; float: right; width: 600px; height: 399px;\" \/> <\/strong> <\/span> <\/p>\n<p> <span style=\"font-size:14px;\">\u2018Bu olay bir deprem habercisi midir?\u2019 sorusuna yan\u0131t veren Jeoloji M\u00fchendisi Yard. Do\u00e7. Dr. O\u011fuz G\u00fcndo\u011fdu ise sadece deniz \u00e7ekilmesinin yeterli bir veri olmad\u0131\u011f\u0131n\u0131 s\u00f6yledi. Yalova Hayat\u2019a konu\u015fan G\u00fcndo\u011fdu, \u201cDenizin \u00e7ekilmesi r\u00fczgar\u0131n de\u011fi\u015fiminde de atmosferik ko\u015fullarda da olabilir. Bu olay\u0131n k\u0131y\u0131 boyunda incelenmesi gerekir. \u00c7ekilmenin bu k\u0131y\u0131 boyunda da olup olmad\u0131\u011f\u0131 ara\u015ft\u0131r\u0131lmal\u0131. Deprem habercisi demek i\u00e7in yeterli veri yok\u201d dedi.<\/span> <\/p>\n<p>&nbsp;<\/p>\n","protected":false},"excerpt":{"rendered":"<p>Yalova\u2019da, &#8220;gelgit&#8221; nedeniyle deniz yakla\u015f\u0131k 10 metre \u00e7ekildi. \u00c7ekilen denizi \u015fa\u015fk\u0131nl\u0131kla izleyen vatanda\u015flar deprem dedikodular\u0131yla korku ya\u015fad\u0131. Kentte deniz \u00e7ekilmesi<\/p>\n","protected":false},"author":1,"featured_media":5215,"comment_status":"open","ping_status":"open","sticky":false,"template":"","format":"standard","meta":[],"categories":[1],"tags":[],"_links":{"self":[{"href":"http:\/\/www.mertcanpolat.com.tr\/dev\/wp-json\/wp\/v2\/posts\/5214"}],"collection":[{"href":"http:\/\/www.mertcanpolat.com.tr\/dev\/wp-json\/wp\/v2\/posts"}],"about":[{"href":"http:\/\/www.mertcanpolat.com.tr\/dev\/wp-json\/wp\/v2\/types\/post"}],"author":[{"embeddable":true,"href":"http:\/\/www.mertcanpolat.com.tr\/dev\/wp-json\/wp\/v2\/users\/1"}],"replies":[{"embeddable":true,"href":"http:\/\/www.mertcanpolat.com.tr\/dev\/wp-json\/wp\/v2\/comments?post=5214"}],"version-history":[{"count":0,"href":"http:\/\/www.mertcanpolat.com.tr\/dev\/wp-json\/wp\/v2\/posts\/5214\/revisions"}],"wp:featuredmedia":[{"embeddable":true,"href":"http:\/\/www.mertcanpolat.com.tr\/dev\/wp-json\/wp\/v2\/media\/5215"}],"wp:attachment":[{"href":"http:\/\/www.mertcanpolat.com.tr\/dev\/wp-json\/wp\/v2\/media?parent=5214"}],"wp:term":[{"taxonomy":"category","embeddable":true,"href":"http:\/\/www.mertcanpolat.com.tr\/dev\/wp-json\/wp\/v2\/categories?post=5214"},{"taxonomy":"post_tag","embeddable":true,"href":"http:\/\/www.mertcanpolat.com.tr\/dev\/wp-json\/wp\/v2\/tags?post=5214"}],"curies":[{"name":"wp","href":"https:\/\/api.w.org\/{rel}","templated":true}]}}