{"id":5208,"date":"2016-12-09T19:52:00","date_gmt":"2016-12-09T19:52:00","guid":{"rendered":"http:\/\/www.mertcanpolat.com.tr\/dev\/index.php\/2016\/12\/09\/belediyeye-trafik-elestirisi\/"},"modified":"2016-12-09T19:52:00","modified_gmt":"2016-12-09T19:52:00","slug":"belediyeye-trafik-elestirisi","status":"publish","type":"post","link":"http:\/\/www.mertcanpolat.com.tr\/dev\/belediyeye-trafik-elestirisi\/","title":{"rendered":"BELED\u0130YEYE TRAF\u0130K ELE\u015eT\u0130R\u0130S\u0130"},"content":{"rendered":"<p><b>AK Parti Yalova \u0130l Ba\u015fkan\u0131 Yusuf Ziya \u00d6ztabak, \u201cYalova&#39;n\u0131n trafik problemleri gibi \u00f6nemli bir konuda belediye maalesef yetkili hi\u00e7 bir kurum veya kurulu\u015fla isti\u015fare etmeden ba\u015flatt\u0131\u011f\u0131 uygulamalarda ba\u015far\u0131l\u0131 olamam\u0131\u015f ve s\u0131n\u0131fta kalm\u0131\u015ft\u0131r\u201d dedi.<\/b>   <\/p>\n<p> <span style=\"font-size:14px;\">\u00d6ztabak, Merkez \u0130l\u00e7e Toplant\u0131 Salonu\u2019nda bir bas\u0131n a\u00e7\u0131klamas\u0131 ger\u00e7ekle\u015ftirdi. \u00d6ztabak, Vefa Salman\u2019\u0131n Yalova&#8217;n\u0131n trafi\u011fi ile ilgili se\u00e7im vaatlerini hat\u0131rlatarak \u015funlar\u0131 kaydetti:<\/span> <\/p>\n<p> <span style=\"font-size:14px;\">\u201cYalova\u2019n\u0131n trafik sorunuyla ilgili olarak ula\u015f\u0131m ve lojistik mast\u0131r plan\u0131yla bu alanda neler yapacaklar\u0131n\u0131 a\u00e7\u0131klam\u0131\u015flard\u0131. Bunlar se\u00e7im \u00f6ncesinde alt\u0131 ay sonra Yalova\u2019n\u0131n trafi\u011fini hortumdan suyun akmas\u0131 gibi akar hale getirecekleri vaadiyle i\u015fe ba\u015flad\u0131lar. Alt\u0131 ay zaman istemi\u015flerdi, yakla\u015f\u0131k \u00fc\u00e7 y\u0131l ge\u00e7ti su gibi akan bir trafik var m\u0131? Var da biz mi g\u00f6remiyoruz? Yalova\u2019n\u0131n trafik sorununu \u00e7\u00f6zmek i\u00e7in Cumhuriyet Caddesi ile \u015eehit \u00d6mer Faydal\u0131 Caddesi\u2019nin kesi\u015fti\u011fi yerde \u015eehit \u00d6mer Faydal\u0131 Caddesi\u2019ne bat- \u00e7\u0131k yaparak trafi\u011fi ak\u0131c\u0131 hale getireceklerdi. Hani nerede? Yapt\u0131lar da biz mi g\u00f6remiyoruz? Yoksa se\u00e7imlerde salla gitsin nas\u0131lsa millet unutur mant\u0131\u011f\u0131 ile halk\u0131 kand\u0131rmay\u0131 m\u0131 d\u00fc\u015f\u00fcnd\u00fcler? &nbsp;Yalova deniz yollar\u0131 diye de bir proje a\u00e7\u0131klam\u0131\u015f, Yaloval\u0131lar\u0131n art\u0131k ula\u015f\u0131mda denizi kullanacaklar\u0131n\u0131 vadetmi\u015flerdi. Hayata ge\u00e7irebildiler mi? Buradan soruyorum madem yapamayacakt\u0131n\u0131z b\u00f6ylesine u\u00e7uk ve yapay vaatler yaparak Yalova halk\u0131n\u0131 kand\u0131rmay\u0131 m\u0131 hedeflediniz. Lojistik alanlar projesi ile \u015fehir d\u0131\u015f\u0131nda lojistik adalar, \u015fehir i\u00e7inde ise mikro lojistik parklar yapacaklard\u0131. B\u0131rak\u0131n bunlar\u0131 yapmay\u0131 e\u011fer biz engel olmasayd\u0131k plan revizyonu ile mevcut meydanlar\u0131 da planlanan alan ve otoparklar\u0131 da kald\u0131racak ve \u015fehri meydans\u0131z ve alans\u0131zl\u0131\u011fa mahkum edeceklerdi.\u201d<\/span> <\/p>\n<p> <span style=\"font-size:14px;\"> <strong>Yazboz tahtas\u0131na \u00e7evirdiler<\/strong> <\/span> <\/p>\n<p> <span style=\"font-size:14px;\">\u00d6ztabak, Salman\u2019\u0131n di\u011fer se\u00e7im vaatleri de oldu\u011funu dile getirerek \u015f\u00f6yle devam etti:<\/span> <\/p>\n<p> <span style=\"font-size:14px;\">\u201cBa\u015fka vaatleri de vard\u0131 bunlar\u0131n: \u00dcst ge\u00e7it-alt ge\u00e7it nerede? Y\u00fcr\u00fcyen K\u00f6\u015fk&#8217;ten kom\u015fu k\u00f6ye nostalji ray sisteminin ne oldu\u011funu bile g\u00f6remedik. Hangisini yapabildiler? Bu konuda s\u00f6yledikleri hi\u00e7 bir vaatlerini hayata ge\u00e7iremediler. Peki ne yapt\u0131 bunlar? Ak\u0131ll\u0131 durak sistemlerine \u00f6nemli miktarlarda paralar harcanarak hayata ge\u00e7irmelerine ra\u011fmen gerekli verimi alamayarak millete ait paralar\u0131 heba ettiler. \u015eu anda bu sistemin hi\u00e7 bir tanesi \u00e7al\u0131\u015fmamaktad\u0131r. Mimar Sinan, Fatih ve Sefabey caddelerinin belli b\u00f6l\u00fcmlerini dubalarla b\u00f6lerek, bisiklet yollar\u0131n\u0131, toplu ta\u015f\u0131ma ve toptanc\u0131 ara\u00e7lar\u0131 i\u00e7in indir- bindir yerleri olarak ayr\u0131lan yerleri ara\u00e7lar\u0131n park etti\u011fi alanlara d\u00f6n\u00fc\u015ft\u00fcrm\u00fc\u015flerdir. &nbsp;Mevcut yollar\u0131 yazboz tahtas\u0131na \u00e7evirdiler. Yolcu duraklar\u0131n\u0131n i\u015fgal ettirilmesi neticesinde vatanda\u015flar toplu ta\u015f\u0131ma ara\u00e7lar\u0131na binerken ve inerken ciddi tehlikelere maruz b\u0131rakmaktad\u0131rlar. Yalova&#8217;n\u0131n trafik problemleri gibi \u00f6nemli bir konuda belediye maalesef yetkili hi\u00e7 bir kurum veya kurulu\u015fla isti\u015fare etmeden ba\u015flatt\u0131\u011f\u0131 uygulamalarda ba\u015far\u0131l\u0131 olamam\u0131\u015f ve s\u0131n\u0131fta kalm\u0131\u015ft\u0131r.\u201d<\/span> <\/p>\n<p> <span style=\"font-size:14px;\"> <strong>Komedi halini ald\u0131<\/strong> <\/span> <\/p>\n<p> <span style=\"font-size:14px;\">Trafik konusundaki \u00e7al\u0131\u015fmalar\u0131 ele\u015ftiren \u00d6ztabak, \u201c\u015eimdi bizler buradan soruyoruz. B\u00f6ylesine \u00f6nemli bir konuyu meclise getirip tart\u0131\u015fmadan bu konuyla ilgili kararlar\u0131 nas\u0131l ald\u0131n\u0131z? \u00dcniversiteden ula\u015f\u0131m daire ba\u015fkanl\u0131\u011f\u0131 ile bir \u00e7al\u0131\u015fma yapt\u0131n\u0131z m\u0131? Bunlar trafik konusunda yapt\u0131klar\u0131 ile ulusal bas\u0131nda bile alay konusu oldular. \u00d6zellikle \u015eehit \u00d6mer Faydal\u0131 Caddesi \u00fczerinde yaya ge\u00e7itlerini kapatan demir korkuluklar tam bir komedi halini alm\u0131\u015ft\u0131r.&nbsp; Vatanda\u015flar\u0131m\u0131z\u0131n can g\u00fcvenli\u011fi bu kadar basite al\u0131namaz. Bu yanl\u0131\u015fl\u0131k bir an \u00f6nce d\u00fczeltilmelidir. Yalova&#8217;da g\u00fcndelik hayat\u0131m\u0131z\u0131 \u00f6nemli derecede etkileyen trafik probleminin \u00e7\u00f6z\u00fcm\u00fc noktas\u0131nda bize d\u00fc\u015fen ne varsa yapmaya haz\u0131r\u0131z. Belediyecilik bir tak\u0131m vaatler vererek se\u00e7ilmek ve se\u00e7ildikten sonrada verilen s\u00f6zleri unutarak \u015fehrin meselelerini g\u00f6rmezden gelmek de\u011fildir. Aksine \u00e7ok \u00e7al\u0131\u015fmak \u00e7\u00f6z\u00fcm \u00fcretmek ve Yalova&#8217;y\u0131 ya\u015fan\u0131labilir bir \u015fehir haline getirmektir\u201d diye konu\u015ftu.<\/span> <\/p>\n<p> <span style=\"font-size:14px;\"> <strong>T\u00fcrk Liras\u0131 de\u011fer kazan\u0131yor<\/strong> <\/span> <\/p>\n<p> <span style=\"font-size:14px;\">T\u00fcrkiye g\u00fcndemiyle ilgili de konu\u015fma yapan \u00d6ztabak, \u015funlar\u0131 kaydetti:<\/span> <\/p>\n<p> <span style=\"font-size:14px;\">\u201cSon zamanlarda \u00fclke ekonomimizin iyi olmad\u0131\u011f\u0131n\u0131 ve her ge\u00e7en g\u00fcn dengelerin bozuldu\u011funu s\u00f6yleyerek yerli ve yabanc\u0131 yat\u0131r\u0131mc\u0131lara T\u00fcrkiye&#8217;ye yat\u0131r\u0131m yapman\u0131n son derece riskli olaca\u011f\u0131 alg\u0131s\u0131n\u0131 yaymak istemektedirler. Bu as\u0131ls\u0131z iddialar\u0131n\u0131 da yerli ve yabanc\u0131 yanda\u015f medya ile d\u00fcnyaya servis etmeye \u00e7al\u0131\u015fmaktad\u0131rlar. D\u00f6viz kurlar\u0131 \u00fczerinden ba\u015flat\u0131lan hareketler bu oyunun par\u00e7alar\u0131ndan birisidir. \u00dclkemizin ekonomik parametreleri incelendi\u011finde g\u00f6r\u00fcl\u00fcr ki \u00fclkemiz d\u00fcnya ekonomisi en iyi \u00fclkeler s\u0131n\u0131f\u0131nda ve s\u00fcrekli b\u00fcy\u00fcyebilen nadir \u00fclkelerden birisidir. T\u00fcrkiye 14 y\u0131l \u00f6nceki T\u00fcrkiye&#8217;den 3 kat daha zengin bir \u00fclkedir. Dolar kurundaki dalgalanmalar d\u00fcnya ekonomisini etkilemeye devam ediyor. Ancak biz buna benzer senaryolar\u0131 ge\u00e7mi\u015fte de ya\u015fad\u0131k ve her seferinde b\u00f6ylesi s\u0131k\u0131nt\u0131lar\u0131 ba\u015far\u0131 ile atlatt\u0131k. 2007-2008 y\u0131llar\u0131nda da b\u00f6yle bir olumsuzlu\u011fu bariz bir \u015fekilde ya\u015fad\u0131k. O tarihlerde Cumhurba\u015fkan\u0131&#8217;m\u0131z bu k\u00fcresel kriz bizi te\u011fet ge\u00e7ecek demi\u015fti ve \u00e7ok \u015f\u00fck\u00fcr o tarihlerde d\u00fcnyada bir \u00e7ok \u00fclke bu krizlerden etkilenmesine ra\u011fmen \u00fclkemiz dimdik ve yat\u0131r\u0131mlar\u0131n\u0131 art\u0131rarak devam eden bir \u00fclke olarak yoluna devam etmi\u015ftir. Cumhurba\u015fkan\u0131&#8217;m\u0131z bug\u00fcn yine ayn\u0131 \u015feyleri s\u00f6yl\u00fcyor. Bu oyunlar bizi yolumuzdan al\u0131koyamaz ve yine te\u011fet ge\u00e7ecek diyerek \u00fclkesine ve milletine ne kadar g\u00fcvendi\u011fini bir kez daha d\u00fcnyaya g\u00f6stermektedir. Ba\u015fbakan\u0131m\u0131z Say\u0131n Binali Y\u0131ld\u0131r\u0131m&#8217;\u0131n son zamanlarda a\u00e7\u0131klad\u0131\u011f\u0131 ve kamuoyu ile payla\u015ft\u0131\u011f\u0131 bir dizi te\u015fvik ve tedbir kararlar\u0131 da ekonomik disiplinimizi hi\u00e7 bir zaman kaybetmedi\u011fimizi ve aksine her ge\u00e7en g\u00fcn daha ciddi ve daha disiplinli b\u00fcy\u00fcme stratejileri ile emin ad\u0131mlarla yolumuza devam etti\u011fimizi g\u00f6stermektedir. Al\u0131nan bu tedbirler neticesinde de ekonomik dengelerin normalle\u015fmeye ve T\u00fcrk Liras\u0131n\u0131n d\u00f6vize kar\u015f\u0131 de\u011fer kazanmaya ba\u015flad\u0131\u011f\u0131n\u0131 g\u00f6rmekteyiz.\u201d<\/span> <\/p>\n<p> <span style=\"font-size:14px;\">Toplant\u0131n\u0131n soru cevap k\u0131sm\u0131nda trafik komisyonunun AK Parti \u00e7o\u011funlu\u011funda oldu\u011fuyla ilgili soru y\u00f6netilmesi \u00fczerine bu kez s\u00f6z alan Trafik Komisyonu Ba\u015fkan\u0131 Fahrettin Y\u0131ld\u0131z, komisyonun g\u00f6revlerinin k\u0131s\u0131tl\u0131 oldu\u011funu belirtti.<\/span> <\/p>\n","protected":false},"excerpt":{"rendered":"<p>AK Parti Yalova \u0130l Ba\u015fkan\u0131 Yusuf Ziya \u00d6ztabak, \u201cYalova&#39;n\u0131n trafik problemleri gibi \u00f6nemli bir konuda belediye maalesef yetkili hi\u00e7 bir<\/p>\n","protected":false},"author":1,"featured_media":5209,"comment_status":"open","ping_status":"open","sticky":false,"template":"","format":"standard","meta":[],"categories":[1],"tags":[],"_links":{"self":[{"href":"http:\/\/www.mertcanpolat.com.tr\/dev\/wp-json\/wp\/v2\/posts\/5208"}],"collection":[{"href":"http:\/\/www.mertcanpolat.com.tr\/dev\/wp-json\/wp\/v2\/posts"}],"about":[{"href":"http:\/\/www.mertcanpolat.com.tr\/dev\/wp-json\/wp\/v2\/types\/post"}],"author":[{"embeddable":true,"href":"http:\/\/www.mertcanpolat.com.tr\/dev\/wp-json\/wp\/v2\/users\/1"}],"replies":[{"embeddable":true,"href":"http:\/\/www.mertcanpolat.com.tr\/dev\/wp-json\/wp\/v2\/comments?post=5208"}],"version-history":[{"count":0,"href":"http:\/\/www.mertcanpolat.com.tr\/dev\/wp-json\/wp\/v2\/posts\/5208\/revisions"}],"wp:featuredmedia":[{"embeddable":true,"href":"http:\/\/www.mertcanpolat.com.tr\/dev\/wp-json\/wp\/v2\/media\/5209"}],"wp:attachment":[{"href":"http:\/\/www.mertcanpolat.com.tr\/dev\/wp-json\/wp\/v2\/media?parent=5208"}],"wp:term":[{"taxonomy":"category","embeddable":true,"href":"http:\/\/www.mertcanpolat.com.tr\/dev\/wp-json\/wp\/v2\/categories?post=5208"},{"taxonomy":"post_tag","embeddable":true,"href":"http:\/\/www.mertcanpolat.com.tr\/dev\/wp-json\/wp\/v2\/tags?post=5208"}],"curies":[{"name":"wp","href":"https:\/\/api.w.org\/{rel}","templated":true}]}}