{"id":5206,"date":"2016-12-09T19:54:00","date_gmt":"2016-12-09T19:54:00","guid":{"rendered":"http:\/\/www.mertcanpolat.com.tr\/dev\/index.php\/2016\/12\/09\/yalovaya-nihayet-muftu-atandi\/"},"modified":"2016-12-09T19:54:00","modified_gmt":"2016-12-09T19:54:00","slug":"yalovaya-nihayet-muftu-atandi","status":"publish","type":"post","link":"http:\/\/www.mertcanpolat.com.tr\/dev\/yalovaya-nihayet-muftu-atandi\/","title":{"rendered":"YALOVA&#39;YA N\u0130HAYET M\u00dcFT\u00dc ATANDI"},"content":{"rendered":"<p><b>Yalova \u0130l M\u00fcft\u00fcl\u00fc\u011f\u00fc\u2019ne Turgut A\u00e7ari atand\u0131. M\u00fcft\u00fcl\u00fck koltu\u011fu uzun zamand\u0131r vekaletle y\u00fcr\u00fct\u00fcl\u00fcyordu. <\/b>   <\/p>\n<p> <span style=\"font-size:14px;\">Ba\u015fbakan Yard\u0131mc\u0131l\u0131\u011f\u0131na ait&nbsp;atama kararlar\u0131&nbsp;Resmi Gazete&#8217;de yay\u0131mland\u0131. Buna g\u00f6re, 31 ile yeni m\u00fcft\u00fc atand\u0131, 8&nbsp;<strong>il m\u00fcft\u00fcs\u00fc<\/strong>n\u00fcn yeri de\u011fi\u015ftirildi. Kararlar do\u011frultusunda 8 il m\u00fcft\u00fcs\u00fc ise ba\u015fka g\u00f6revlere atanmak \u00fczere g\u00f6revinden al\u0131nd\u0131. Bu kapsamda Yalova \u0130l M\u00fcft\u00fcl\u00fc\u011f\u00fc\u2019ne Turgut A\u00e7ari atand\u0131.<\/span> <\/p>\n<p> <span style=\"font-size:14px;\"> <strong>A\u00e7ari kimdir?<\/strong> <\/span> <\/p>\n<p> <span style=\"font-size:14px;\">1957 y\u0131l\u0131nda D\u00fczce&#8217;de do\u011fdu. \u0130lk ve orta\u00f6\u011frenimimi D\u00fczce\u2019de tamamlad\u0131. \u0130ki y\u0131l kadar \u0130mam-Hatiplik yapt\u0131ktan sonra 1976 y\u0131l\u0131nda ba\u015flad\u0131\u011f\u0131 Y\u00fcksek \u0130slam Enstit\u00fcs\u00fcnden 1980 y\u0131l\u0131nda mezun oldu. Diyanet \u0130\u015fleri Ba\u015fkanl\u0131\u011f\u0131 Haseki E\u011fitim Merkezi \u00fc\u00e7\u00fcnc\u00fc d\u00f6nem Kursunu bitirerek 1983 y\u0131l\u0131nda Bal\u0131kesir&#8217;in Sava\u015ftepe \u0130l\u00e7esine M\u00fcft\u00fc olarak atand\u0131. 1986 y\u0131l\u0131nda Bolu&#8217;nun Seben \u0130l\u00e7esine, 1987 y\u0131l\u0131 Mart ay\u0131nda da Almanya Siegburg Merkez Camii&#8217;ne Din G\u00f6revlisi olarak g\u00f6nderildi. 6 y\u0131l\u0131n sonunda tekrar Seben&#8217;e atand\u0131 ve iki y\u0131la yak\u0131n vaizlik yapt\u0131. 1995 y\u0131l\u0131 ba\u015f\u0131nda, M\u00fcft\u00fc olarak G\u00f6nen&#8217;e tayin oldu. 2002 y\u0131l\u0131 Eyl\u00fcl ay\u0131nda da \u0130stanbul Beyo\u011flu M\u00fcft\u00fcl\u00fc\u011f\u00fcne, 8 \u015eubat 2008 tarihinde Resmi Gazete&#8217;de yay\u0131mlanan kararname ile Artvin \u0130l M\u00fcft\u00fcl\u00fc\u011f\u00fcne, 6 Kas\u0131m 2010 tarihinde Resmi Gazete\u2019de yay\u0131mlanan kararname ile de Bal\u0131kesir \u0130l M\u00fcft\u00fcs\u00fc olarak atand\u0131. 22.01.2016 tarihinde de Diyanet \u0130\u015fleri Ba\u015fkanl\u0131\u011f\u0131na Ba\u015fkanl\u0131k vaizi olarak atand\u0131.<\/span> <\/p>\n<p>&nbsp;<\/p>\n","protected":false},"excerpt":{"rendered":"<p>Yalova \u0130l M\u00fcft\u00fcl\u00fc\u011f\u00fc\u2019ne Turgut A\u00e7ari atand\u0131. M\u00fcft\u00fcl\u00fck koltu\u011fu uzun zamand\u0131r vekaletle y\u00fcr\u00fct\u00fcl\u00fcyordu. Ba\u015fbakan Yard\u0131mc\u0131l\u0131\u011f\u0131na ait&nbsp;atama kararlar\u0131&nbsp;Resmi Gazete&#8217;de yay\u0131mland\u0131. Buna g\u00f6re,<\/p>\n","protected":false},"author":1,"featured_media":5207,"comment_status":"open","ping_status":"open","sticky":false,"template":"","format":"standard","meta":[],"categories":[1],"tags":[],"_links":{"self":[{"href":"http:\/\/www.mertcanpolat.com.tr\/dev\/wp-json\/wp\/v2\/posts\/5206"}],"collection":[{"href":"http:\/\/www.mertcanpolat.com.tr\/dev\/wp-json\/wp\/v2\/posts"}],"about":[{"href":"http:\/\/www.mertcanpolat.com.tr\/dev\/wp-json\/wp\/v2\/types\/post"}],"author":[{"embeddable":true,"href":"http:\/\/www.mertcanpolat.com.tr\/dev\/wp-json\/wp\/v2\/users\/1"}],"replies":[{"embeddable":true,"href":"http:\/\/www.mertcanpolat.com.tr\/dev\/wp-json\/wp\/v2\/comments?post=5206"}],"version-history":[{"count":0,"href":"http:\/\/www.mertcanpolat.com.tr\/dev\/wp-json\/wp\/v2\/posts\/5206\/revisions"}],"wp:featuredmedia":[{"embeddable":true,"href":"http:\/\/www.mertcanpolat.com.tr\/dev\/wp-json\/wp\/v2\/media\/5207"}],"wp:attachment":[{"href":"http:\/\/www.mertcanpolat.com.tr\/dev\/wp-json\/wp\/v2\/media?parent=5206"}],"wp:term":[{"taxonomy":"category","embeddable":true,"href":"http:\/\/www.mertcanpolat.com.tr\/dev\/wp-json\/wp\/v2\/categories?post=5206"},{"taxonomy":"post_tag","embeddable":true,"href":"http:\/\/www.mertcanpolat.com.tr\/dev\/wp-json\/wp\/v2\/tags?post=5206"}],"curies":[{"name":"wp","href":"https:\/\/api.w.org\/{rel}","templated":true}]}}