{"id":5200,"date":"2016-12-22T23:31:00","date_gmt":"2016-12-22T23:31:00","guid":{"rendered":"http:\/\/www.mertcanpolat.com.tr\/dev\/index.php\/2016\/12\/22\/muharrem-inceden-baskanlik-elestirisi\/"},"modified":"2016-12-22T23:31:00","modified_gmt":"2016-12-22T23:31:00","slug":"muharrem-inceden-baskanlik-elestirisi","status":"publish","type":"post","link":"http:\/\/www.mertcanpolat.com.tr\/dev\/muharrem-inceden-baskanlik-elestirisi\/","title":{"rendered":"MUHARREM \u0130NCE&#39;DEN BA\u015eKANLIK ELE\u015eT\u0130R\u0130S\u0130"},"content":{"rendered":"<p><b>CHP Yalova Milletvekili Muharrem \u0130nce, Meclis\u2019in fesih yetkisinin 1924 y\u0131l\u0131nda Atat\u00fcrk\u2019e bile verilmedi\u011fini hat\u0131rlatarak, \u201c1924\u2019te sava\u015ftan yeni \u00e7\u0131km\u0131\u015f, kurulmu\u015f bir cumhuriyet, kurucusu ortada, Cumhurba\u015fkan\u0131, ona verilmeyen bir yetkiyi bug\u00fcn kime verece\u011fiz?\u201d sorusunu sordu.<\/b>   <\/p>\n<p>\u0130nce, TBMM Meclis Anayasa Komisyonu\u2019nda anayasa de\u011fi\u015fikli\u011fi g\u00f6r\u00fc\u015fmelerine kat\u0131larak teklif hakk\u0131nda ele\u015ftirilerini dile getirdi ve parti ay\u0131r\u0131m\u0131 yapmadan b\u00fct\u00fcn milletvekillerine uyar\u0131larda bulundu.&nbsp;Komisyon ba\u015fkan\u0131na ele\u015ftiriler y\u00f6nelten \u0130nce, yeni anayasa de\u011fi\u015fiklikleri hakk\u0131nda da g\u00f6r\u00fc\u015flerini s\u00f6yledi. Konu\u015fmas\u0131nda Atat\u00fcrk\u2019e meclisi feshetme yetkisi verilmek istendi\u011fine dikkat \u00e7ekerek \u201cDersim Mebusu Feridun Fikri D\u00fc\u015f\u00fcnsel k\u00fcrs\u00fcye \u00e7\u0131k\u0131yor ve diyor ki: \u201cBiz Gazi Pa\u015fa\u2019y\u0131 \u00e7ok severiz. Gazi Pa\u015fa\u2019yla milletimiz aras\u0131nda bir g\u00f6n\u00fcl ba\u011f\u0131 vard\u0131r. Gazi Pa\u015fa\u2019yla bir problemimiz yoktur, onu y\u00fcrekten severiz ancak Meclisi fesih yetkisini Gazi Pa\u015fa\u2019ya veremeyiz, \u00e7oluk \u00e7ocu\u011fumuzun gelece\u011fini, memleketimizin gelece\u011fini o ki\u015fi Gazi Pa\u015fa dahi olsa veremeyiz.\u201d Gazi Pa\u015fa\u2019ya verilmeyen bu yetkiyi siz \u015fimdiki bir ba\u015fkana vereceksiniz, ad\u0131ndan da utand\u0131\u011f\u0131n\u0131z i\u00e7in \u201cBa\u015fkan\u201d demeyip \u201cCumhurba\u015fkanl\u0131\u011f\u0131 sistemi\u201d diyeceksiniz, sonra bizim s\u00f6z hakk\u0131m\u0131z\u0131 k\u0131s\u0131tlayacaks\u0131n\u0131z. Buna hakk\u0131n\u0131z yok, bunu yapamazs\u0131n\u0131z, bunu yapmamal\u0131s\u0131n\u0131z\u201d dedi.<\/p>\n<p>Muharrem \u0130nce, s\u00f6zlerine \u015f\u00f6yle devam etti:<\/p>\n<p>\u201cYani 1924\u2019te sava\u015ftan yeni \u00e7\u0131km\u0131\u015f, kurulmu\u015f bir cumhuriyet, kurucusu ortada, cumhurba\u015fkan\u0131, ona verilmeyen bir yetkiyi bug\u00fcn kime verece\u011fiz? Bug\u00fcn siz Say\u0131n Cumhurba\u015fkan\u0131n\u0131 \u00e7ok sevebilirsiniz, onun \u00e7ok ba\u015far\u0131l\u0131 olaca\u011f\u0131na da inan\u0131rs\u0131n\u0131z ama sonunda bir f\u00e2nidir, yar\u0131n ba\u015fka f\u00e2niler kullanacak bunu. Bunlar\u0131 tart\u0131\u015fmadan oldubittiye getirerek b\u00f6yle bir hakk\u0131n\u0131z yok. Cumhurba\u015fkan\u0131 y\u00fczde 51\u2019le se\u00e7ilecek. Her \u015fey olacak 51\u2019le. Peki, Mecliste 301 yani y\u00fczde 51 hi\u00e7bir \u015fey olamayacak. Y\u00fczde 51\u2019le se\u00e7ildi, her \u015fey olacak ama meclisteki 301 milletvekili hi\u00e7bir i\u015fe yaramayacak. Y\u00fczde 92\u2019yle se\u00e7ildi 82 anayasas\u0131, ald\u0131 ka\u00e7t\u0131 anayasas\u0131. Me\u015fruiyet buldu mu, vicdanlarda buldu mu? Bulmad\u0131. Diyelim ki bu da y\u00fczde 52\u2019yle ge\u00e7ti. Y\u00fczde 92\u2019yle me\u015fruiyet bulmayan, g\u00f6n\u00fcllerde yer etmeyen bir anayasa y\u00fczde 52\u2019yle nas\u0131l olacak? Fren mekanizmas\u0131 nerede? Kim durduracak\u201d<\/p>\n<p> <iframe src=\"\/\/renderer.qmerce.com\/interaction\/585c5712804953407ce1a27a\" width=\"100%\" height=\"406\" style=\"height: 406px !important; display: block !important;\" frameborder=\"0\" scrolling=\"no\"> <\/iframe> <\/p>\n<p> <strong>Yetki devredilemez<\/strong> <\/p>\n<p>Anayasan\u0131n yasama yetkisini TBMM\u2019ye verdi\u011fini ve bu yetkinin devredilemeyece\u011fine dikkat \u00e7eken \u0130nce, \u201cDevrediyoruz bu yetkiyi. \u201cYarg\u0131 yetkisi ba\u011f\u0131ms\u0131z mahkemelere aittir, T\u00fcrk milleti ad\u0131na yap\u0131l\u0131r.\u201d Bu yetkiyi devredemeyiz, devrediyoruz bu yetkiyi. Yarg\u0131 yetkisi ba\u011f\u0131ms\u0131z mahkemelere aittir, T\u00fcrk milleti ad\u0131na yap\u0131l\u0131r, bu yetkiyi devrediyoruz. Y\u00fcr\u00fctme yetkisi T\u00fcrk milleti ad\u0131na yap\u0131lmaz, y\u00fcr\u00fctme yetkisi Anayasa ve yasalara uyarak yap\u0131l\u0131r. Y\u00fcr\u00fctme yetkisinin g\u00fcc\u00fcn\u00fc kullanarak yarg\u0131y\u0131 da yasamay\u0131 da bitiriyorsunuz\u201d dedi.<\/p>\n<p>Anayasa tasla\u011f\u0131na y\u00f6nelik ele\u015ftirilerine devam eden Muharrem \u0130nce, \u015funlar\u0131 s\u00f6yledi:<\/p>\n<p>\u201cBak\u0131n, g\u00fcvenoyu yok, gensoru yok, s\u00f6zl\u00fc soru yok, b\u00fct\u00e7e yok arkada\u015flar, b\u00fct\u00e7e. Ya, bizim burada varl\u0131k nedenimiz, bir tek varl\u0131k nedenimiz var, biliyor musunuz, bir tek. Bana \u201cB\u00fct\u00fcn bu yap\u0131lanlar\u0131n i\u00e7inde y\u00fczde 51 neyi yazars\u0131n?\u201d dersen b\u00fct\u00e7eyi yazar\u0131m, b\u00fct\u00e7eyi. Bu milletin paras\u0131n\u0131, vergisini nas\u0131l toplayaca\u011f\u0131m\u0131z\u0131, nas\u0131l harcanaca\u011f\u0131n\u0131, B\u00fcy\u00fck Millet Meclisi ad\u0131na denetleyen kurum Say\u0131\u015ftayd\u0131r, B\u00fcy\u00fck Millet Meclisinin de en asli g\u00f6revi b\u00fct\u00e7e yapmakt\u0131r, b\u00fct\u00e7e. Al\u0131yorsunuz bu yetkiyi. Kendi aya\u011f\u0131na kur\u015fun s\u0131kan, d\u00fcnya siyaset tarihinde Say\u0131n Binali Y\u0131ld\u0131r\u0131m gibi bir Ba\u015fbakan, kendi aya\u011f\u0131na kur\u015fun s\u0131kan b\u00f6yle milletvekilli\u011fi de inan\u0131n ki d\u00fcnya siyaset tarihinde yoktur. \u015eimdi, en garip i\u015flerden birisi \u015fu: \u201cMillet iradesi\u201d laf\u0131n\u0131 hi\u00e7 a\u011fz\u0131n\u0131zdan d\u00fc\u015f\u00fcrmezsiniz, hi\u00e7 d\u00fc\u015f\u00fcrmezsiniz bunu. Cumhurba\u015fkan\u0131n\u0131n yard\u0131mc\u0131s\u0131, se\u00e7imle gelmi\u015f birisi de\u011fil. E, ne olacak? Yurt d\u0131\u015f\u0131na gitti, bir memur, T\u00fcrkiye Cumhuriyetini y\u00f6netecek, atanm\u0131\u015f bir ki\u015fi. B\u00f6yle bir \u015fey olabilir mi? Banker Bilo\u2019ya d\u00f6nersiniz; T\u00fcrkiye Cumhuriyeti, Banker Bilo\u2019ya d\u00f6ner. Vallahi, yurt d\u0131\u015f\u0131na gitti\u011finde, memur, kasalar\u0131 bo\u015falt\u0131rsa \u015fa\u015f\u0131rmay\u0131n. Nas\u0131l olsa yetki de var. B\u00f6yle bir \u015fey olamaz. Yani, siz i\u00e7inize nas\u0131l sindirirsiniz bunu\u201d<\/p>\n<p> <strong>Bu gidi\u015f iyi de\u011fil<\/strong> <br \/> \u0130nce, T\u00fcrkiye\u2019de parlamenter sistemin dejenere oldu\u011funa kat\u0131ld\u0131\u011f\u0131n\u0131 ancak bu sistemin alternatifinin \u2018bir ki\u015fiye T\u00fcrkiye\u2019yi teslim etmek\u2019 olmad\u0131\u011f\u0131n\u0131 s\u00f6yledi. \u201cHalep oradaysa ar\u015f\u0131n burada, be\u015f sene sonra g\u00f6r\u00fcr\u00fcz bak\u0131n neler olaca\u011f\u0131n\u0131\u201d diyen \u0130nce, son olarak \u015funlar\u0131 kaydetti:<\/p>\n<p>\u201cBu gidi\u015f gidi\u015f de\u011fildir, bu gidi\u015f iyi de\u011fildir, bu gidi\u015f do\u011fru de\u011fildir, burada T\u00fcrkiye Cumhuriyetini bir belirsizli\u011fe itersiniz, bir enkaz yarat\u0131rs\u0131n\u0131z buradan. Bu kimseye yar olmaz. Buradan vazge\u00e7elim. Belki bir daha milletvekili olamayabilirsiniz, hi\u00e7 \u00f6nemli de\u011fil, olmasak da olur, problem de\u011fil. \u015eimdi, bak\u0131n, \u0130bn-i Haldun devletleri \u015f\u00f6yle tan\u0131mlar, der ki: \u201cBir devlet kurulduktan yakla\u015f\u0131k y\u00fcz y\u0131l sonra b\u00fcy\u00fck badirelerle kar\u015f\u0131la\u015fabilir. Devletlerin y\u00fcz y\u0131l\u0131 \u00e7ok tehlikelidir.\u201d Osmanl\u0131 1299\u2019da kuruldu, 1402\u2019de geldi Timur, Osmanl\u0131\u2019y\u0131 da\u011f\u0131tt\u0131 Ankara Sava\u015f\u0131\u2019yla. \u0130dari, askeri, siyasi karma\u015fa \u00e7\u0131kt\u0131, beylikler d\u00f6nemi ortaya \u00e7\u0131kt\u0131, devlet da\u011f\u0131ld\u0131. Fetret devri 1402\u2019den 1413\u2019e kadar s\u00fcrd\u00fc. T\u00fcrkiye Cumhuriyeti de 19\u2019dan, 20-23 dersek, yakla\u015f\u0131k y\u00fcz y\u0131l oldu. Gelin, sinirlenelim birbirimize, ba\u011f\u0131ral\u0131m, \u00e7a\u011f\u0131ral\u0131m, \u00f6nemli de\u011fil, memleketin, devletin bekas\u0131 i\u00e7in, gelece\u011fimiz i\u00e7in, \u00e7ocuklar\u0131m\u0131z i\u00e7in do\u011fruyu bulal\u0131m yaln\u0131z\u201d<br \/> &nbsp;<\/p>\n","protected":false},"excerpt":{"rendered":"<p>CHP Yalova Milletvekili Muharrem \u0130nce, Meclis\u2019in fesih yetkisinin 1924 y\u0131l\u0131nda Atat\u00fcrk\u2019e bile verilmedi\u011fini hat\u0131rlatarak, \u201c1924\u2019te sava\u015ftan yeni \u00e7\u0131km\u0131\u015f, kurulmu\u015f bir<\/p>\n","protected":false},"author":1,"featured_media":5201,"comment_status":"open","ping_status":"open","sticky":false,"template":"","format":"standard","meta":[],"categories":[1],"tags":[],"_links":{"self":[{"href":"http:\/\/www.mertcanpolat.com.tr\/dev\/wp-json\/wp\/v2\/posts\/5200"}],"collection":[{"href":"http:\/\/www.mertcanpolat.com.tr\/dev\/wp-json\/wp\/v2\/posts"}],"about":[{"href":"http:\/\/www.mertcanpolat.com.tr\/dev\/wp-json\/wp\/v2\/types\/post"}],"author":[{"embeddable":true,"href":"http:\/\/www.mertcanpolat.com.tr\/dev\/wp-json\/wp\/v2\/users\/1"}],"replies":[{"embeddable":true,"href":"http:\/\/www.mertcanpolat.com.tr\/dev\/wp-json\/wp\/v2\/comments?post=5200"}],"version-history":[{"count":0,"href":"http:\/\/www.mertcanpolat.com.tr\/dev\/wp-json\/wp\/v2\/posts\/5200\/revisions"}],"wp:featuredmedia":[{"embeddable":true,"href":"http:\/\/www.mertcanpolat.com.tr\/dev\/wp-json\/wp\/v2\/media\/5201"}],"wp:attachment":[{"href":"http:\/\/www.mertcanpolat.com.tr\/dev\/wp-json\/wp\/v2\/media?parent=5200"}],"wp:term":[{"taxonomy":"category","embeddable":true,"href":"http:\/\/www.mertcanpolat.com.tr\/dev\/wp-json\/wp\/v2\/categories?post=5200"},{"taxonomy":"post_tag","embeddable":true,"href":"http:\/\/www.mertcanpolat.com.tr\/dev\/wp-json\/wp\/v2\/tags?post=5200"}],"curies":[{"name":"wp","href":"https:\/\/api.w.org\/{rel}","templated":true}]}}