{"id":5196,"date":"2016-12-23T01:07:00","date_gmt":"2016-12-23T01:07:00","guid":{"rendered":"http:\/\/www.mertcanpolat.com.tr\/dev\/index.php\/2016\/12\/23\/sehit-acisi-yalovaya-dustu\/"},"modified":"2016-12-23T01:07:00","modified_gmt":"2016-12-23T01:07:00","slug":"sehit-acisi-yalovaya-dustu","status":"publish","type":"post","link":"http:\/\/www.mertcanpolat.com.tr\/dev\/sehit-acisi-yalovaya-dustu\/","title":{"rendered":"\u015eEH\u0130T ACISI YALOVA&#39;YA D\u00dc\u015eT\u00dc"},"content":{"rendered":"<p><b>Suriye\u2019de devam eden F\u0131rat Kalkan\u0131 harek\u00e2t\u0131nda, El Bab\u2019daki \u00e7at\u0131\u015fmalarda ter\u00f6r \u00f6rg\u00fct\u00fc DAE\u015e\u2019in sald\u0131r\u0131s\u0131nda 24 ya\u015f\u0131ndaki Piyade Uzman \u00c7avu\u015f Ali Sezai Yal\u00e7\u0131n \u015fehit oldu. \u015eehidin haberi Yalova\u2019da ikamet eden ailesine bildirildi<\/b>   <\/p>\n<p> <span style=\"font-size:14px;\">Suriye\u2019de devam eden F\u0131rat Kalkan\u0131 Operasyonu\u2019nda Tokatl\u0131 24 ya\u015f\u0131ndaki Piyade Uzman \u00c7avu\u015f Ali Sezai Yal\u00e7\u0131n \u015fehit d\u00fc\u015ft\u00fc. Yal\u00e7\u0131n\u2019\u0131n \u015fehit haberi hem Tokat hem de Yalova\u2019da bulunan ailesine bildirildi.<\/span> <\/p>\n<p> <span style=\"font-size:14px;\">Kayseri&#8217;de g\u00f6rev yapan, 24 g\u00fcn \u00f6nce Ay\u015fe \u0130slam ile ni\u015fanlanan ve Tokat Erbaa\u2019l\u0131 \u015fehit 24 ya\u015f\u0131ndaki Piyade Uzman \u00c7avu\u015f Ali Sezai Yal\u00e7\u0131n\u2019\u0131n babas\u0131n\u0131n Adnan Menderes Mahallesi TOK\u0130 konutlar\u0131n\u0131n oldu\u011fu b\u00f6lgede oturdu\u011fu ortaya \u00e7\u0131kt\u0131. \u015eehidin babas\u0131 \u015eemsettin Yal\u00e7\u0131n\u2019\u0131n ise d\u00fcn gece sosyal medya hesab\u0131ndan yapt\u0131\u011f\u0131 a\u00e7\u0131klamada, \u201cYavrum El babta yaralanm\u0131\u015f dualar\u0131n\u0131z\u0131 bekliyorum\u201d yazd\u0131\u011f\u0131 g\u00f6r\u00fcld\u00fc.<\/span> <\/p>\n<p> <span style=\"font-size:14px;\"> <strong>24 g\u00fcn \u00f6nce ni\u015fanland\u0131<img alt=\"\" src=\"http:\/\/ajansyalova.com\/Images\/Thumbs\/Editor\/5791-15241995_1195457300537654_4161781934894510616_n.jpeg\" style=\"border-width: 2px; border-style: solid; margin: 2px; float: right; width: 600px; height: 600px;\" \/> <\/strong> <\/span> <\/p>\n<p> <span style=\"font-size:14px;\">Di\u011fer yandan \u015fehit Yal\u00e7\u0131n\u2019\u0131n ge\u00e7en 27 Kas\u0131m tarihinde \u0130stanbul\u2019da \u00d6zge \u0130slam ile ni\u015fanland\u0131\u011f\u0131 ortaya \u00e7\u0131kt\u0131. Ni\u015fan foto\u011fraflar\u0131n\u0131 sosyal medya hesab\u0131 \u00fczerinden payla\u015fan \u015fehit Yal\u00e7\u0131n\u2019\u0131n ge\u00e7ti\u011fimiz hafta Erbaa\u2019ya geldi\u011fi ve bir s\u00fcre kald\u0131ktan sonra g\u00f6rev yerine gitti\u011fi \u00f6\u011frenildi. \u015eehit Yal\u00e7\u0131n\u2019\u0131n Erbaa\u2019daki kom\u015fusu \u0130brahim G\u00fcven, \u201cAli Sezai Yal\u00e7\u0131n ge\u00e7ti\u011fimiz hafta buradayd\u0131. Sevdi\u011fi biri vard\u0131. \u0130stanbul\u2019da ni\u015fanland\u0131. Ailesiyle birlikte iki \u00fc\u00e7 g\u00fcn de burada kald\u0131. Tekrardan g\u00f6rev yerine intikal etti. D\u00fcn ak\u015fam da \u015fehit oldu\u011fu haberi geldi\u201d dedi.<\/span> <\/p>\n<p> <span style=\"font-size:14px;\">\u015eehit Yal\u00e7\u0131n\u2019\u0131n cenazesi bug\u00fcn Cuma namaz\u0131 sonras\u0131 Erbaa il\u00e7esinde topra\u011fa veriliyor. \u015eehidin babas\u0131 \u015eemsettin Yal\u00e7\u0131n da o\u011flunun cenazesini teslim almak \u00fczere Kilis\u2019e yola \u00e7\u0131kt\u0131.<\/span> <\/p>\n<p>&nbsp;<\/p>\n<p>&nbsp;<\/p>\n","protected":false},"excerpt":{"rendered":"<p>Suriye\u2019de devam eden F\u0131rat Kalkan\u0131 harek\u00e2t\u0131nda, El Bab\u2019daki \u00e7at\u0131\u015fmalarda ter\u00f6r \u00f6rg\u00fct\u00fc DAE\u015e\u2019in sald\u0131r\u0131s\u0131nda 24 ya\u015f\u0131ndaki Piyade Uzman \u00c7avu\u015f Ali Sezai<\/p>\n","protected":false},"author":1,"featured_media":5197,"comment_status":"open","ping_status":"open","sticky":false,"template":"","format":"standard","meta":[],"categories":[1],"tags":[],"_links":{"self":[{"href":"http:\/\/www.mertcanpolat.com.tr\/dev\/wp-json\/wp\/v2\/posts\/5196"}],"collection":[{"href":"http:\/\/www.mertcanpolat.com.tr\/dev\/wp-json\/wp\/v2\/posts"}],"about":[{"href":"http:\/\/www.mertcanpolat.com.tr\/dev\/wp-json\/wp\/v2\/types\/post"}],"author":[{"embeddable":true,"href":"http:\/\/www.mertcanpolat.com.tr\/dev\/wp-json\/wp\/v2\/users\/1"}],"replies":[{"embeddable":true,"href":"http:\/\/www.mertcanpolat.com.tr\/dev\/wp-json\/wp\/v2\/comments?post=5196"}],"version-history":[{"count":0,"href":"http:\/\/www.mertcanpolat.com.tr\/dev\/wp-json\/wp\/v2\/posts\/5196\/revisions"}],"wp:featuredmedia":[{"embeddable":true,"href":"http:\/\/www.mertcanpolat.com.tr\/dev\/wp-json\/wp\/v2\/media\/5197"}],"wp:attachment":[{"href":"http:\/\/www.mertcanpolat.com.tr\/dev\/wp-json\/wp\/v2\/media?parent=5196"}],"wp:term":[{"taxonomy":"category","embeddable":true,"href":"http:\/\/www.mertcanpolat.com.tr\/dev\/wp-json\/wp\/v2\/categories?post=5196"},{"taxonomy":"post_tag","embeddable":true,"href":"http:\/\/www.mertcanpolat.com.tr\/dev\/wp-json\/wp\/v2\/tags?post=5196"}],"curies":[{"name":"wp","href":"https:\/\/api.w.org\/{rel}","templated":true}]}}