{"id":5194,"date":"2016-12-23T01:13:00","date_gmt":"2016-12-23T01:13:00","guid":{"rendered":"http:\/\/www.mertcanpolat.com.tr\/dev\/index.php\/2016\/12\/23\/kurtkoy-tanitilacak\/"},"modified":"2016-12-23T01:13:00","modified_gmt":"2016-12-23T01:13:00","slug":"kurtkoy-tanitilacak","status":"publish","type":"post","link":"http:\/\/www.mertcanpolat.com.tr\/dev\/kurtkoy-tanitilacak\/","title":{"rendered":"KURTK\u00d6Y TANITILACAK"},"content":{"rendered":"<p><b>T\u00dcRSAB Yalova B\u00f6lgesel Y\u00fcr\u00fctme Kurulu (BYK) Ba\u015fkan\u0131 Ahmet Ba\u015fol Hara\u00e7, Kad\u0131k\u00f6y Belediye Ba\u015fkan\u0131 Mehmet \u015eahin\u2019i makam\u0131nda ziyaret ederek, Kurtk\u00f6y\u2019de bulunan do\u011fal g\u00fczelliklerin daha fazla tan\u0131t\u0131lmas\u0131 i\u00e7in ortak \u00e7al\u0131\u015fma y\u00fcr\u00fct\u00fclece\u011fini s\u00f6yledi<\/b>   <\/p>\n<p> <span style=\"font-size:14px;\">T\u00dcRSAB Yalova BYK Y\u00f6netim Kurulu Ba\u015fkan\u0131 Ahmet Ba\u015fol Hara\u00e7 ve y\u00f6netim kurulu \u00fcyelerinin ziyaretleri devam ediyor. Bu kapsamda Kad\u0131k\u00f6y Belediyesi\u2019ni ziyaret eden Hara\u00e7, Kad\u0131k\u00f6y Belediye Ba\u015fkan\u0131 Mehmet \u015eahin ile g\u00f6r\u00fc\u015f al\u0131\u015fveri\u015finde bulundu. Belde b\u00fcnyesinde bulunan Kurtk\u00f6y\u2019\u00fcn \u00e7ok \u00f6nemli do\u011fal g\u00fczelliklere sahip bir b\u00f6lge oldu\u011funu belirten Hara\u00e7, buras\u0131n\u0131n tan\u0131t\u0131m\u0131n\u0131n Yalova turizmi a\u00e7\u0131s\u0131ndan da b\u00fcy\u00fck \u00f6nem ta\u015f\u0131d\u0131\u011f\u0131na vurgu yapt\u0131. T\u00dcRSAB olarak bu konuda belediye ile ortak \u00e7al\u0131\u015fmalar da yapabileceklerini dile getiren Hara\u00e7, yerel zenginliklerin tan\u0131t\u0131lmas\u0131 gerekti\u011fini vurgulad\u0131.<img alt=\"\" src=\"http:\/\/ajansyalova.com\/Images\/Thumbs\/Editor\/5793-ahmet-basol-haracin-kadikoy-ziyareti.jpeg\" style=\"border-width: 2px; border-style: solid; margin: 2px; float: right; width: 500px; height: 375px;\" \/> <\/span> <\/p>\n<p> <span style=\"font-size:14px;\">Kad\u0131k\u00f6y Belediye Ba\u015fkan\u0131 Mehmet \u015eahin ise, \u201cKurtk\u00f6y\u2019deki do\u011fal zenginliklerin daha geni\u015f kitlelere tan\u0131t\u0131m\u0131n\u0131 sa\u011flamak bizim de \u00f6nemli hedeflerimiz aras\u0131nda yer al\u0131yor. Bu kapsamda T\u00dcRSAB ile yap\u0131lacak her \u00e7al\u0131\u015fmada yer almaya haz\u0131r\u0131z\u201d \u015feklinde konu\u015ftu.<\/span> <\/p>\n<p>&nbsp;<\/p>\n","protected":false},"excerpt":{"rendered":"<p>T\u00dcRSAB Yalova B\u00f6lgesel Y\u00fcr\u00fctme Kurulu (BYK) Ba\u015fkan\u0131 Ahmet Ba\u015fol Hara\u00e7, Kad\u0131k\u00f6y Belediye Ba\u015fkan\u0131 Mehmet \u015eahin\u2019i makam\u0131nda ziyaret ederek, Kurtk\u00f6y\u2019de bulunan<\/p>\n","protected":false},"author":1,"featured_media":5195,"comment_status":"open","ping_status":"open","sticky":false,"template":"","format":"standard","meta":[],"categories":[1],"tags":[],"_links":{"self":[{"href":"http:\/\/www.mertcanpolat.com.tr\/dev\/wp-json\/wp\/v2\/posts\/5194"}],"collection":[{"href":"http:\/\/www.mertcanpolat.com.tr\/dev\/wp-json\/wp\/v2\/posts"}],"about":[{"href":"http:\/\/www.mertcanpolat.com.tr\/dev\/wp-json\/wp\/v2\/types\/post"}],"author":[{"embeddable":true,"href":"http:\/\/www.mertcanpolat.com.tr\/dev\/wp-json\/wp\/v2\/users\/1"}],"replies":[{"embeddable":true,"href":"http:\/\/www.mertcanpolat.com.tr\/dev\/wp-json\/wp\/v2\/comments?post=5194"}],"version-history":[{"count":0,"href":"http:\/\/www.mertcanpolat.com.tr\/dev\/wp-json\/wp\/v2\/posts\/5194\/revisions"}],"wp:featuredmedia":[{"embeddable":true,"href":"http:\/\/www.mertcanpolat.com.tr\/dev\/wp-json\/wp\/v2\/media\/5195"}],"wp:attachment":[{"href":"http:\/\/www.mertcanpolat.com.tr\/dev\/wp-json\/wp\/v2\/media?parent=5194"}],"wp:term":[{"taxonomy":"category","embeddable":true,"href":"http:\/\/www.mertcanpolat.com.tr\/dev\/wp-json\/wp\/v2\/categories?post=5194"},{"taxonomy":"post_tag","embeddable":true,"href":"http:\/\/www.mertcanpolat.com.tr\/dev\/wp-json\/wp\/v2\/tags?post=5194"}],"curies":[{"name":"wp","href":"https:\/\/api.w.org\/{rel}","templated":true}]}}