{"id":5192,"date":"2016-12-23T22:33:00","date_gmt":"2016-12-23T22:33:00","guid":{"rendered":"http:\/\/www.mertcanpolat.com.tr\/dev\/index.php\/2016\/12\/23\/damatligiyla-ugurlandi\/"},"modified":"2016-12-23T22:33:00","modified_gmt":"2016-12-23T22:33:00","slug":"damatligiyla-ugurlandi","status":"publish","type":"post","link":"http:\/\/www.mertcanpolat.com.tr\/dev\/damatligiyla-ugurlandi\/","title":{"rendered":"DAMATLI\u011eIYLA U\u011eURLANDI"},"content":{"rendered":"<p><b>El Bab\u2019da DAE\u015e\u2019li ter\u00f6ristlerce \u015fehit edilen uzman \u00e7avu\u015f Ali Sezai Yal\u00e7\u0131n\u2019\u0131n cenazesi, memleketi Tokat\u2019\u0131n Erbaa \u0130l\u00e7esi\u2019nde 10 bin ki\u015finin kat\u0131ld\u0131\u011f\u0131 t\u00f6renle son yolculu\u011funa u\u011furland\u0131.<\/b>   <\/p>\n<p> <span style=\"font-size:14px;\">Suriye\u2019de devam eden F\u0131rat Kalkan\u0131 harek\u00e2t\u0131nda, El Bab\u2019da DAE\u015e\u2019li ter\u00f6ristlerce \u015fehit edilen 16 askerden 24 ya\u015f\u0131ndaki piyade uzman \u00e7avu\u015f Ali Sezai Yal\u00e7\u0131n\u2019\u0131n cenazesi, memleketi Tokat\u2019ta son yolculu\u011funa u\u011furland\u0131. 25 g\u00fcn \u00f6nce ni\u015fanlanan \u015fehit Yal\u00e7\u0131n\u2019\u0131n T\u00fcrk bayra\u011f\u0131na sar\u0131l\u0131 tabutunun \u00fczerine bir yak\u0131n\u0131 taraf\u0131ndan ni\u015fanda giydi\u011fi tak\u0131m elbisesi konulmas\u0131 ise y\u00fcrekleri da\u011flad\u0131. Yalova\u2019da ya\u015fayan babas\u0131 \u015eemsettin Yal\u00e7\u0131n\u2019\u0131n da kat\u0131ld\u0131\u011f\u0131 t\u00f6rene yakla\u015f\u0131k 10 bin ki\u015fi kat\u0131ld\u0131.<img alt=\"\" src=\"http:\/\/ajansyalova.com\/Images\/Thumbs\/Editor\/5796-14317523_1131642713585780_5758998828157205529_n.jpeg\" style=\"border-width: 2px; border-style: solid; margin: 2px; float: right; width: 206px; height: 400px;\" \/> <\/span> <\/p>\n<p> <span style=\"font-size:14px;\">Cenazenin getirili\u015fi s\u0131ras\u0131nda anne Asuman \u015eerbet\u00e7i, \u015fehidin ni\u015fanl\u0131s\u0131 \u00d6zge \u0130slam ve yak\u0131nlar\u0131 g\u00f6zya\u015flar\u0131na bo\u011fuldu. Ambulans\u0131n \u00f6n\u00fcnde bulunan o\u011flunun foto\u011fraf\u0131na bakarak g\u00f6zya\u015f\u0131 d\u00f6ken anne Asuman \u015eerbet\u00e7i\u2019nin, \u201cO her zaman benim yan\u0131mdayd\u0131. Beni nas\u0131l b\u0131rakt\u0131n yavrum? G\u00fcle g\u00fcle git. Nas\u0131l g\u00fczel bak\u0131yorsun\u201d s\u00f6zleri y\u00fcrekleri da\u011flad\u0131. Burada al\u0131nan helalli\u011fin ard\u0131ndan cenaze B\u00fcy\u00fck Camiye g\u00f6t\u00fcr\u00fcld\u00fc. Cenazenin getirildi\u011fini g\u00f6ren Erbaal\u0131lar ise camiye ak\u0131n etti.<\/span> <\/p>\n<p> <span style=\"font-size:14px;\"> <img alt=\"\" src=\"http:\/\/ajansyalova.com\/Images\/Thumbs\/Editor\/5795-02c2448d39f7a9137c7591aed200f1d2.jpeg\" style=\"border-width: 2px; border-style: solid; margin: 2px; float: left; width: 500px; height: 332px;\" \/>\u015eehit uzman \u00e7avu\u015f Ali Sezai Yal\u00e7\u0131n\u2019\u0131n cenazesi silah arkada\u015flar\u0131 taraf\u0131ndan al\u0131narak cami avlusunda bulunan musalla ta\u015f\u0131na g\u00f6t\u00fcr\u00fcld\u00fc. Bu s\u0131rada, 25 g\u00fcn \u00f6nce \u0130stanbul\u2019da \u00d6zge \u0130slam ile ni\u015fanlanan \u015fehit Yal\u00e7\u0131n\u2019\u0131n T\u00fcrk Bayra\u011f\u0131na sar\u0131l\u0131 tabutunun \u00fczerine bir yak\u0131n\u0131 taraf\u0131ndan ni\u015fanda giydi\u011fi tak\u0131m elbise konuldu. Cenazeye kat\u0131lan Orman ve Su \u0130\u015fleri Bakan\u0131 Veysel Ero\u011flu, ac\u0131l\u0131 aileye ba\u015fsa\u011fl\u0131\u011f\u0131 diledi.<\/span> <\/p>\n","protected":false},"excerpt":{"rendered":"<p>El Bab\u2019da DAE\u015e\u2019li ter\u00f6ristlerce \u015fehit edilen uzman \u00e7avu\u015f Ali Sezai Yal\u00e7\u0131n\u2019\u0131n cenazesi, memleketi Tokat\u2019\u0131n Erbaa \u0130l\u00e7esi\u2019nde 10 bin ki\u015finin kat\u0131ld\u0131\u011f\u0131<\/p>\n","protected":false},"author":1,"featured_media":5193,"comment_status":"open","ping_status":"open","sticky":false,"template":"","format":"standard","meta":[],"categories":[1],"tags":[],"_links":{"self":[{"href":"http:\/\/www.mertcanpolat.com.tr\/dev\/wp-json\/wp\/v2\/posts\/5192"}],"collection":[{"href":"http:\/\/www.mertcanpolat.com.tr\/dev\/wp-json\/wp\/v2\/posts"}],"about":[{"href":"http:\/\/www.mertcanpolat.com.tr\/dev\/wp-json\/wp\/v2\/types\/post"}],"author":[{"embeddable":true,"href":"http:\/\/www.mertcanpolat.com.tr\/dev\/wp-json\/wp\/v2\/users\/1"}],"replies":[{"embeddable":true,"href":"http:\/\/www.mertcanpolat.com.tr\/dev\/wp-json\/wp\/v2\/comments?post=5192"}],"version-history":[{"count":0,"href":"http:\/\/www.mertcanpolat.com.tr\/dev\/wp-json\/wp\/v2\/posts\/5192\/revisions"}],"wp:featuredmedia":[{"embeddable":true,"href":"http:\/\/www.mertcanpolat.com.tr\/dev\/wp-json\/wp\/v2\/media\/5193"}],"wp:attachment":[{"href":"http:\/\/www.mertcanpolat.com.tr\/dev\/wp-json\/wp\/v2\/media?parent=5192"}],"wp:term":[{"taxonomy":"category","embeddable":true,"href":"http:\/\/www.mertcanpolat.com.tr\/dev\/wp-json\/wp\/v2\/categories?post=5192"},{"taxonomy":"post_tag","embeddable":true,"href":"http:\/\/www.mertcanpolat.com.tr\/dev\/wp-json\/wp\/v2\/tags?post=5192"}],"curies":[{"name":"wp","href":"https:\/\/api.w.org\/{rel}","templated":true}]}}