{"id":5190,"date":"2016-12-23T22:37:00","date_gmt":"2016-12-23T22:37:00","guid":{"rendered":"http:\/\/www.mertcanpolat.com.tr\/dev\/index.php\/2016\/12\/23\/tarihi-kemerler-turizme-kazandiriliyor\/"},"modified":"2016-12-23T22:37:00","modified_gmt":"2016-12-23T22:37:00","slug":"tarihi-kemerler-turizme-kazandiriliyor","status":"publish","type":"post","link":"http:\/\/www.mertcanpolat.com.tr\/dev\/tarihi-kemerler-turizme-kazandiriliyor\/","title":{"rendered":"TAR\u0130H\u0130 KEMERLER TUR\u0130ZME KAZANDIRILIYOR"},"content":{"rendered":"<p><b>Yalova\u2019n\u0131n \u00f6nemli turizm merkezlerinden \u00c7\u0131narc\u0131k\u2019ta Roma d\u00f6nemina ait su kemerleri ve kanallar\u0131 yap\u0131lan \u00e7al\u0131\u015fmalarla ortaya \u00e7\u0131kar\u0131l\u0131yor. Kemer ve kanallar turizme kazand\u0131r\u0131lmak i\u00e7in proje y\u00fcr\u00fct\u00fclecek.<\/b>   <\/p>\n<p> <span style=\"font-size:14px;\">\u00c7\u0131narc\u0131k&#8217;taki Pa\u015faliman\u0131 ile Te\u015fvikiye beldesi G\u00fcng\u00f6rmez mevkisi aras\u0131nda uzanan 6 kilometrelik tarihi kanal ve kemerler, turizme kazand\u0131r\u0131lacak. \u00c7\u0131narc\u0131k Belediye Ba\u015fkan\u0131 Avni Kurt, su kemerleri ve kanallar\u0131n g\u00fcn y\u00fcz\u00fcne \u00e7\u0131kar\u0131lmas\u0131yla il\u00e7enin ve Te\u015fvikiye&#8217;nin turizm potansiyelinin artaca\u011f\u0131n\u0131 s\u00f6yledi.<\/span> <\/p>\n<p> <span style=\"font-size:14px;\">Roma d\u00f6neminde in\u015fa edilen su kemerleri ve kanallar\u0131n toplam uzunlu\u011funun 6 kilometre oldu\u011funu belirten Kurt, &#8220;Kocaeli K\u00fclt\u00fcr Varl\u0131klar\u0131n\u0131 Koruma B\u00f6lge Kurulundan talepte bulunduk. Geldiler, yerinde inceleme yap\u0131ld\u0131. Tarihi de\u011ferleri y\u00fcksek olan su kemerlerimizi \u00e7al\u0131\u015fmalar\u0131m\u0131z sayesinde g\u00fcn y\u00fcz\u00fcne \u00e7\u0131karaca\u011f\u0131z. Bunun \u00c7\u0131narc\u0131k ve b\u00f6lgedeki beldelerimizin turizmine de\u011fer kataca\u011f\u0131na inan\u0131yorum.&#8221; diye konu\u015ftu.<\/span> <\/p>\n<p> <span style=\"font-size:14px;\">Kurt, tarihi dokunun turist potansiyelini art\u0131raca\u011f\u0131na dikkati \u00e7ekerek, \u015f\u00f6yle devam etti:<\/span> <\/p>\n<p> <span style=\"font-size:14px;\">&#8220;\u00c7\u0131narc\u0131k, yaz aylar\u0131nda 200-250 bin ki\u015fi taraf\u0131ndan ziyaret ediliyor. \u00d6zellikle konut say\u0131s\u0131 s\u00fcrekli art\u0131yor. Son d\u00f6nemlerde 3 bin konut daha devreye girdi. Tabii bu s\u00fcre\u00e7 \u00e7evre illerden de talep olu\u015fturuyor. \u00c7\u0131narc\u0131k&#8217;ta yapt\u0131\u011f\u0131m\u0131z her dokunu\u015f de\u011ferini art\u0131r\u0131yor. Ya\u015fanabilir bir \u00c7\u0131narc\u0131k yaratmak istiyoruz. Tabii ki tarihi dokusuna \u00f6nem veriyoruz. \u00c7\u0131narc\u0131k&#8217;\u0131n hedefleri b\u00fcy\u00fckt\u00fcr. \u00d6n\u00fcm\u00fczdeki yaz sezonunda 300 bin turist a\u011f\u0131rlamay\u0131 hedefliyoruz.&#8221;<\/span> <\/p>\n<p> <span style=\"font-size:14px;\"> <strong>&#8220;Proje yapt\u0131r\u0131yoruz&#8221;<\/strong> <\/span> <\/p>\n<p> <span style=\"font-size:14px;\">Te\u015fvikiye Belde Belediye Ba\u015fkan\u0131 Ahmet Meydan da Romal\u0131lardan kalma su kemerlerinin turizm a\u00e7\u0131s\u0131ndan \u00f6nemli oldu\u011funu s\u00f6yledi.<\/span> <\/p>\n<p> <span style=\"font-size:14px;\">Meydan, 6 kilometre uzunlu\u011funda olan kemerin, belde merkezinden s\u0131rt s\u0131rt \u00c7\u0131narc\u0131k&#8217;\u0131n \u00dc\u00e7reisler denilen mevkisine kadar indi\u011fini ifade ederek, \u015funlar\u0131 kaydetti:<\/span> <\/p>\n<p> <span style=\"font-size:14px;\">&#8220;Bu zamana kadar kimse ilgilenmedi. Bu kemerleri g\u00fcn y\u00fcz\u00fcne \u00e7\u0131kart\u0131p, \u00c7\u0131narc\u0131k ve Te\u015fvikiye&#8217;nin turizmine katk\u0131 sa\u011flamas\u0131n\u0131 hedefliyoruz. \u00c7ok eski tarihi bir eserdir. \u0130l \u00d6zel \u0130daresi ile g\u00f6r\u00fc\u015ft\u00fck, bununla ilgili proje yapt\u0131r\u0131yoruz. Hem \u00c7\u0131narc\u0131k hem de Te\u015fvikiye&#8217;nin turizm potansiyelini art\u0131rmak i\u00e7in bu tarihi de\u011ferleri g\u00fcn y\u00fcz\u00fcne \u00e7\u0131karmaya u\u011fra\u015f\u0131yoruz. Zaten yazl\u0131k turizm potansiyeli olan beldemizde g\u00fcn y\u00fcz\u00fcne \u00e7\u0131kart\u0131lacak kemerlerle de daha \u00e7ok turistin gelmesini sa\u011flayaca\u011f\u0131z.&#8221;<\/span> <\/p>\n<p> <span style=\"font-size:14px;\">G\u00fcng\u00f6rmez mevkisinden Kemertepe mevkisine kadar uzanan kanal ve kemerlerden olu\u015fan su sisteminin ba\u015flang\u0131\u00e7 k\u0131sm\u0131, kaya i\u00e7indeki do\u011fal bir kovu\u011fun insan eliyle oyularak ve har\u00e7l\u0131 moloz ta\u015f duvar \u00f6rg\u00fcs\u00fcyle \u015fekillendirilerek olu\u015fturulmu\u015f. Bu b\u00f6l\u00fcmden sonra Te\u015fvikiye Deresi&#8217;nin do\u011fusunda yer alan tepelerin yama\u00e7lar\u0131 boyunca \u00c7\u0131narc\u0131k Belediye s\u0131n\u0131r\u0131na kadar uzanan 6 kilometre uzunlu\u011fundaki kanal g\u00fcney-kuzey do\u011frultusunda yakla\u015f\u0131k 150 metre kotundan 50 metre kotuna do\u011fru hafif bir e\u011fimle al\u00e7al\u0131yor.<\/span> <\/p>\n<p> <span style=\"font-size:14px;\">\u00dcst k\u0131sm\u0131 tonozlu olan kanal\u0131n y\u00fcksekli\u011fi 1.80 metre geni\u015fli\u011fi bir metre olup, moloz ta\u015ftan kire\u00e7 harc\u0131 kullan\u0131larak in\u015fa edilmi\u015f. Hat boyunca havaland\u0131rma bacalar\u0131 ve dinlendirme havuzlar\u0131 yer alan kanal\u0131n \u00f6nemli k\u0131sm\u0131 toprak alt\u0131nda bulunurken, baz\u0131 b\u00f6l\u00fcmler y\u00fczeyde takip edilebiliyor.<\/span> <\/p>\n<p> <span style=\"font-size:14px;\">Yakla\u015f\u0131k 5 metre geni\u015fli\u011finde ve 5 metre y\u00fcksekli\u011finde olan kemerlerden 2-3 tanesi halen ayakta olup toplam 5 veya 6 adet oldu\u011fu tahmin ediliyor. Bu alanda yak\u0131n d\u00f6nemde olu\u015fturulan toprak yol ile bir k\u0131sm\u0131 tahrip olsa da y\u00fczeyde kemer ayaklar\u0131n\u0131n izleri g\u00f6r\u00fcl\u00fcyor. Tu\u011fla ve moloz ta\u015ftan in\u015fa edilen kemerlerin \u00fcst b\u00f6l\u00fcm\u00fcnde, su kanal\u0131 halen iyi korunmu\u015f vaziyette bulunuyor.<\/span> <\/p>\n<p> <span style=\"font-size:14px;\">Proje \u00e7al\u0131\u015fmalar\u0131 \u00e7er\u00e7evesinde, su kemerleri ve etraf\u0131ndaki \u00e7al\u0131l\u0131klar il\u00e7e ve belde belediyeleri taraf\u0131ndan temizlendi, tarihi yap\u0131lara ili\u015fkin \u00e7al\u0131\u015fmalar yetkili kurullar taraf\u0131ndan y\u00fcr\u00fct\u00fclecek.<\/span> <\/p>\n<p>&nbsp;<\/p>\n","protected":false},"excerpt":{"rendered":"<p>Yalova\u2019n\u0131n \u00f6nemli turizm merkezlerinden \u00c7\u0131narc\u0131k\u2019ta Roma d\u00f6nemina ait su kemerleri ve kanallar\u0131 yap\u0131lan \u00e7al\u0131\u015fmalarla ortaya \u00e7\u0131kar\u0131l\u0131yor. Kemer ve kanallar turizme<\/p>\n","protected":false},"author":1,"featured_media":5191,"comment_status":"open","ping_status":"open","sticky":false,"template":"","format":"standard","meta":[],"categories":[1],"tags":[],"_links":{"self":[{"href":"http:\/\/www.mertcanpolat.com.tr\/dev\/wp-json\/wp\/v2\/posts\/5190"}],"collection":[{"href":"http:\/\/www.mertcanpolat.com.tr\/dev\/wp-json\/wp\/v2\/posts"}],"about":[{"href":"http:\/\/www.mertcanpolat.com.tr\/dev\/wp-json\/wp\/v2\/types\/post"}],"author":[{"embeddable":true,"href":"http:\/\/www.mertcanpolat.com.tr\/dev\/wp-json\/wp\/v2\/users\/1"}],"replies":[{"embeddable":true,"href":"http:\/\/www.mertcanpolat.com.tr\/dev\/wp-json\/wp\/v2\/comments?post=5190"}],"version-history":[{"count":0,"href":"http:\/\/www.mertcanpolat.com.tr\/dev\/wp-json\/wp\/v2\/posts\/5190\/revisions"}],"wp:featuredmedia":[{"embeddable":true,"href":"http:\/\/www.mertcanpolat.com.tr\/dev\/wp-json\/wp\/v2\/media\/5191"}],"wp:attachment":[{"href":"http:\/\/www.mertcanpolat.com.tr\/dev\/wp-json\/wp\/v2\/media?parent=5190"}],"wp:term":[{"taxonomy":"category","embeddable":true,"href":"http:\/\/www.mertcanpolat.com.tr\/dev\/wp-json\/wp\/v2\/categories?post=5190"},{"taxonomy":"post_tag","embeddable":true,"href":"http:\/\/www.mertcanpolat.com.tr\/dev\/wp-json\/wp\/v2\/tags?post=5190"}],"curies":[{"name":"wp","href":"https:\/\/api.w.org\/{rel}","templated":true}]}}