{"id":5182,"date":"2016-12-29T10:36:00","date_gmt":"2016-12-29T10:36:00","guid":{"rendered":"http:\/\/www.mertcanpolat.com.tr\/dev\/index.php\/2016\/12\/29\/ozelden-yeni-yil-degerlendirmesi\/"},"modified":"2016-12-29T10:36:00","modified_gmt":"2016-12-29T10:36:00","slug":"ozelden-yeni-yil-degerlendirmesi","status":"publish","type":"post","link":"http:\/\/www.mertcanpolat.com.tr\/dev\/ozelden-yeni-yil-degerlendirmesi\/","title":{"rendered":"\u00d6ZEL&#39;DEN YEN\u0130 YIL DE\u011eERLEND\u0130RMES\u0130"},"content":{"rendered":"<p><b>CHP Yalova \u0130l Ba\u015fkan\u0131 \u00d6zcan \u00d6zel, 2016 y\u0131l\u0131n\u0131n de\u011ferlendirmesini yaparken \u201cBiz Cumhuriyet Halk Partisi olarak egemenli\u011fi milletten alarak bir ki\u015fiye devredecek bu anti demokratik tasar\u0131ya hayat\u0131m\u0131z pahas\u0131na t\u00fcm g\u00fcc\u00fcm\u00fczle direnece\u011fiz\u201d dedi.<\/b>   <\/p>\n<p> <span style=\"font-size:14px;\">Yaz\u0131l\u0131 bir a\u00e7\u0131klama yapan CHP \u0130l Ba\u015fkan\u0131 \u00d6zcan \u00d6zel, 2016 y\u0131l\u0131n\u0131n k\u0131sa bir de\u011ferlendirmesini yaparken 2017 y\u0131l\u0131n\u0131n \u00fclkemize ve halk\u0131m\u0131za bar\u0131\u015f, huzur ve mutluluk getirmesi dile\u011finde bulundu. \u00d6zel yapt\u0131\u011f\u0131 2016 y\u0131l\u0131 de\u011ferlendirmesinde, \u201cY\u0131llard\u0131r \u2018\u00fclkemiz kan g\u00f6l\u00fcne d\u00f6necek, sava\u015f ve ter\u00f6r sarmal\u0131na s\u00fcr\u00fckleniyoruz\u2019 diyerek AKP iktidar\u0131n\u0131 her a\u00e7\u0131klamam\u0131zda uyard\u0131k. AKP\u2019nin kaos, sava\u015f ve ba\u015fkanl\u0131k \u00f6zlemli politikalar\u0131 sonucu her g\u00fcn ger\u00e7ekle\u015fen sald\u0131r\u0131 ve katliamlarla d\u00fcnyan\u0131n en istikrars\u0131z \u00fclkesi olduk\u201d dedi.<\/span> <\/p>\n<p> <span style=\"font-size:14px;\"> <strong>En karanl\u0131k d\u00f6nem<\/strong> <\/span> <\/p>\n<p> <span style=\"font-size:14px;\">\u201c\u0130nsan hayat\u0131 say\u0131 de\u011fildir. Say\u0131lar\u0131 vermeyece\u011fiz ama onlarca y\u00fczlerce can\u0131m\u0131z\u0131 sava\u015fa, ter\u00f6re kurban verdik\u201d diyen \u00d6zel, \u015f\u00f6yle devam etti:<\/span> <\/p>\n<p> <span style=\"font-size:14px;\">\u201c7 Haziran\u2019da \u2018400 vekil vermezseniz kaos olur, fiili durumu anayasal hale d\u00f6n\u00fc\u015ft\u00fcr\u00fcn\u2019 diyenler \u00fclkemizi ter\u00f6r, \u00f6l\u00fcm ve sava\u015f cehennemine \u00e7evirmi\u015ftir. Bir hafta i\u00e7inde \u00f6nce \u0130stanbul Be\u015fikta\u015f\u2019ta, daha sonra Kayseri\u2019de ve en son da Suriye El Bab\u2019da onlarce evlad\u0131m\u0131z b\u00f6l\u00fcc\u00fc, dinci ter\u00f6re ve Ortado\u011fu sava\u015f\u0131na kurban edilmi\u015ftir. T\u00fcm bu ve ac\u0131 i\u00e7inde kendi \u00e7ocuklar\u0131na paral\u0131 askerlik yapt\u0131ran veya \u00e7\u00fcr\u00fck raporu alarak askere bile g\u00f6ndermeyen bu h\u00fck\u00fcmetin bir bakan\u0131 \u00e7\u0131k\u0131p g\u00fcvenlik g\u00f6revlilerimize \u2018in\u015fallah siz de \u015fehit olursunuz\u2019 diyebilmektedir. \u00dclkenin i\u00e7inden ge\u00e7ti\u011fi bu en karanl\u0131k d\u00f6nemde devleti tek ba\u015f\u0131na y\u00f6neten AKP\u2019nin tek derdi hukukun ortadan kald\u0131r\u0131ld\u0131\u011f\u0131 OHAL ve bask\u0131 politikalar\u0131 alt\u0131nda halk\u0131n iradesini gasp etmek ba\u015fkanl\u0131k sistemi getirmek oldu\u011funu da ibretle g\u00f6rmekteyiz\u201d<\/span> <\/p>\n<p> <span style=\"font-size:14px;\">D\u0131\u015f politikada yap\u0131lan yanl\u0131\u015flara da de\u011finen \u00d6zcan \u00d6zel, \u201cOnlarca y\u00fczlerce evlad\u0131m\u0131z\u0131 b\u00f6l\u00fcc\u00fc PKK ve dinci ter\u00f6r \u00f6rg\u00fctlerine kurban verdi\u011fimiz yetmiyormu\u015f gibi anlams\u0131z bir h\u0131rsla Suriye\u2019deki kirli sava\u015fa girilmi\u015f ve evlatlar\u0131m\u0131z bu defa da Ortado\u011fu sava\u015f\u0131nda kurban edilmi\u015ftir. El Bab\u2019da verilen Suriye sava\u015f\u0131nda onlarca askerimiz \u015fehit d\u00fc\u015fm\u00fc\u015f, yaralanm\u0131\u015f, peri\u015fan edilmi\u015ftir. \u015eam Emevi Camii\u2019nde namaz k\u0131laca\u011f\u0131z denilerek gen\u00e7lerimizin, evlatlar\u0131m\u0131z\u0131n kan\u0131, can\u0131 \u00fczerinden giri\u015filen Ortado\u011fu batakl\u0131\u011f\u0131n\u0131n bedelini ne yaz\u0131k ki ac\u0131lar\u0131yla fakir halk\u0131m\u0131z\u0131n evlatlar\u0131, analar\u0131 \u00f6demektedir. Suriye\u2019deki cihat\u00e7\u0131 \u00e7etelere g\u00f6nderilen silahlar\u0131n namlular\u0131 ve Suriye\u2019ye ihra\u00e7 edilen nitratl\u0131 g\u00fcbrelerle yap\u0131lan bombalar askerimize ve halk\u0131m\u0131za \u00f6l\u00fcm, ac\u0131 ve katliamlar olarak d\u00f6nmektedir. I\u015eID taraf\u0131ndan esir al\u0131nan iki askerimizin yak\u0131larak \u00f6ld\u00fcr\u00fcld\u00fc\u011f\u00fc iddialar\u0131 sosyal medyada dile getirilmektedir. \u0130nternet ve sosyal medya sitelerine ula\u015f\u0131m engellenerek bu iddialar\u0131n \u00fczeri \u00f6rt\u00fclmek yerine askerlerimizin durumunun bir an \u00f6nce a\u00e7\u0131kl\u0131\u011fa kavu\u015fturulmalar\u0131n\u0131 talep ediyoruz. I\u015eID\u2019li ter\u00f6ristleri \u00fclkemizdeki hastanelerde tedavi ederek, onlar \u00f6fkeli \u00e7ocuklar diyerek koruyan, \u2018400 milletvekili vermezseniz kaos\u2019 olur diyen istikrar ad\u0131na \u00fclkeyi on d\u00f6rt y\u0131ld\u0131r tek ba\u015f\u0131na y\u00f6neten AKP iktidar\u0131, bug\u00fcn evlatlar\u0131m\u0131z\u0131n katlinin de m\u00fcsebbibidir\u201d diye konu\u015ftu.<\/span> <\/p>\n<p> <span style=\"font-size:14px;\"> <strong>Sava\u015f de\u011fil bar\u0131\u015f<\/strong> <\/span> <\/p>\n<p> <span style=\"font-size:14px;\">\u00d6zel, Rus b\u00fcy\u00fckel\u00e7isinin vurulmas\u0131 olay\u0131na da de\u011finerek \u015funlar\u0131 s\u00f6yledi:<\/span> <\/p>\n<p> <span style=\"font-size:14px;\">\u201c\u00dclkemizde misafir olarak bulunan Rusya B\u00fcy\u00fckel\u00e7isi, devletin polisi olan kimine g\u00f6re El-Nusra olan kimine g\u00f6re FET\u00d6\u2019c\u00fc diye nitelendirilen cihat\u00e7\u0131 bir ter\u00f6rist taraf\u0131ndan suikaste kurban gitmi\u015ftir. AKP\u2019nin devlet kadrolar\u0131n\u0131 kimlere teslim etti\u011finin ac\u0131 ve ibretlik bir kan\u0131t\u0131d\u0131r.&nbsp; Bu suikasti k\u0131n\u0131yor ve suikasti ger\u00e7ekle\u015ftiren kadrolar\u0131n bir an \u00f6nce tespit edilerek yarg\u0131 \u00f6n\u00fcne \u00e7\u0131kart\u0131lmas\u0131n\u0131 istiyoruz. Bug\u00fcn t\u00fcm sistemi fel\u00e7 ederek f\u0131rsat e\u015fitli\u011fini ortadan kald\u0131ran, on d\u00f6rt y\u0131ld\u0131r devleti FET\u00d6\u2019c\u00fc ve karanl\u0131k tarikatlara teslim eden, gazetecileri ve muhalifleri hapseden AKP ve i\u015fbirlik\u00e7ileri \u015fimdi de ba\u015fkanl\u0131k olmazsa \u00fclke b\u00f6l\u00fcn\u00fcr diyerek halk\u0131m\u0131za \u00fclkenin b\u00fct\u00fcnl\u00fc\u011f\u00fc ve birli\u011fi \u00fczerinden \u015fantaj yapmaktad\u0131r. Halk\u0131m\u0131z\u0131n ac\u0131lar\u0131n\u0131 payla\u015f\u0131yoruz. Sava\u015f de\u011fil bar\u0131\u015f; \u00f6l\u00fcm de\u011fil ya\u015fam; diktat\u00f6rl\u00fck ve sultanl\u0131k de\u011fil, demokrasi; bask\u0131 ve zul\u00fcm de\u011fil hukuk ve adalet; ayr\u0131mc\u0131l\u0131k de\u011fil e\u015fitlik talep ediyoruz. Halk\u0131m\u0131z\u0131n ve kendimizin gelece\u011fini, bir ki\u015finin iradesine teslim etmek isteyen ba\u015fkanl\u0131k rejimine t\u00fcm g\u00fcc\u00fcm\u00fczle direnece\u011fiz\u201d<\/span> <\/p>\n<p> <span style=\"font-size:14px;\"> <strong>Yeni y\u0131l mesaj\u0131<\/strong> <\/span> <\/p>\n<p> <span style=\"font-size:14px;\">Yeni y\u0131l\u0131n insanl\u0131\u011fa bar\u0131\u015f, mutluluk ve huzur getirmesini dileyen Ba\u015fkan \u00d6zel, \u201cBug\u00fcnk\u00fc s\u0131n\u0131rl\u0131 demokrasi ortam\u0131nda bile korku i\u00e7inde ya\u015fayan, en temel haklar\u0131n\u0131 kullanmaya \u00e7ekinen, zarar g\u00f6rmemek iktidara yak\u0131n g\u00f6z\u00fckmeye \u00e7al\u0131\u015fan, i\u015f\u00e7i, memur, emekli, \u00e7ift\u00e7i, i\u015fverene ve t\u00fcm halk\u0131m\u0131za diyoruz ki; korkular\u0131n\u0131zdan ba\u015fka kaybedecek hi\u00e7bir \u015feyiniz kalmam\u0131\u015ft\u0131r ve demokrasi m\u00fccadelesine katk\u0131 vermedi\u011finiz takdirde yar\u0131n \u00e7ok ge\u00e7 olacakt\u0131r. Zira iktidar\u0131n ama\u00e7lad\u0131\u011f\u0131 anayasa de\u011fi\u015fikli\u011fi ger\u00e7ekle\u015fti\u011fi takdirde y\u00fcz y\u0131ll\u0131k cumhuriyet m\u00fccadelesinde kazand\u0131\u011f\u0131m\u0131z haklar\u0131m\u0131z, hukuk devleti, y\u0131llard\u0131r \u00e7al\u0131\u015farak edindi\u011fimiz de\u011ferlerimiz bir ki\u015finin insaf\u0131na b\u0131rak\u0131lacakt\u0131r. Biz Cumhuriyet Halk Partisi olarak egemenli\u011fi milletten alarak bir ki\u015fiye devredecek bu anti demokratik tasar\u0131ya hayat\u0131m\u0131z pahas\u0131na t\u00fcm g\u00fcc\u00fcm\u00fczle direnece\u011fiz. Cumhuriyet ve demokrasiyi kan\u0131yla kuran ve koruyan halk\u0131m\u0131z\u0131n demokrasi m\u00fccadelesinde yan\u0131m\u0131zda olaca\u011f\u0131na inan\u0131yoruz\u201d diye konu\u015ftu.<\/span> <\/p>\n<p>&nbsp;<\/p>\n","protected":false},"excerpt":{"rendered":"<p>CHP Yalova \u0130l Ba\u015fkan\u0131 \u00d6zcan \u00d6zel, 2016 y\u0131l\u0131n\u0131n de\u011ferlendirmesini yaparken \u201cBiz Cumhuriyet Halk Partisi olarak egemenli\u011fi milletten alarak bir ki\u015fiye<\/p>\n","protected":false},"author":1,"featured_media":5183,"comment_status":"open","ping_status":"open","sticky":false,"template":"","format":"standard","meta":[],"categories":[1],"tags":[],"_links":{"self":[{"href":"http:\/\/www.mertcanpolat.com.tr\/dev\/wp-json\/wp\/v2\/posts\/5182"}],"collection":[{"href":"http:\/\/www.mertcanpolat.com.tr\/dev\/wp-json\/wp\/v2\/posts"}],"about":[{"href":"http:\/\/www.mertcanpolat.com.tr\/dev\/wp-json\/wp\/v2\/types\/post"}],"author":[{"embeddable":true,"href":"http:\/\/www.mertcanpolat.com.tr\/dev\/wp-json\/wp\/v2\/users\/1"}],"replies":[{"embeddable":true,"href":"http:\/\/www.mertcanpolat.com.tr\/dev\/wp-json\/wp\/v2\/comments?post=5182"}],"version-history":[{"count":0,"href":"http:\/\/www.mertcanpolat.com.tr\/dev\/wp-json\/wp\/v2\/posts\/5182\/revisions"}],"wp:featuredmedia":[{"embeddable":true,"href":"http:\/\/www.mertcanpolat.com.tr\/dev\/wp-json\/wp\/v2\/media\/5183"}],"wp:attachment":[{"href":"http:\/\/www.mertcanpolat.com.tr\/dev\/wp-json\/wp\/v2\/media?parent=5182"}],"wp:term":[{"taxonomy":"category","embeddable":true,"href":"http:\/\/www.mertcanpolat.com.tr\/dev\/wp-json\/wp\/v2\/categories?post=5182"},{"taxonomy":"post_tag","embeddable":true,"href":"http:\/\/www.mertcanpolat.com.tr\/dev\/wp-json\/wp\/v2\/tags?post=5182"}],"curies":[{"name":"wp","href":"https:\/\/api.w.org\/{rel}","templated":true}]}}