{"id":5180,"date":"2016-12-29T10:43:00","date_gmt":"2016-12-29T10:43:00","guid":{"rendered":"http:\/\/www.mertcanpolat.com.tr\/dev\/index.php\/2016\/12\/29\/kadin-adaydan-iddiali-aciklamalar\/"},"modified":"2016-12-29T10:43:00","modified_gmt":"2016-12-29T10:43:00","slug":"kadin-adaydan-iddiali-aciklamalar","status":"publish","type":"post","link":"http:\/\/www.mertcanpolat.com.tr\/dev\/kadin-adaydan-iddiali-aciklamalar\/","title":{"rendered":"KADIN ADAYDAN \u0130DD\u0130ALI A\u00c7IKLAMALAR"},"content":{"rendered":"<p><b>Yalova \u00dcnivesitesi Rekt\u00f6r Aday\u0131 Prof. Dr. Eda Balka\u015f Erdo\u011fan, \u201c\u00dcniversitenin en b\u00fcy\u00fck s\u0131k\u0131nt\u0131s\u0131 \u015fehirden kopuk, da\u011f\u0131n\u0131k bir yap\u0131da olmas\u0131d\u0131r. \u00c7a\u011f\u0131m\u0131z teknoloji ve h\u0131z \u00e7a\u011f\u0131d\u0131r. Bu d\u00f6nemde \u00fcniversite y\u00f6netiminde gen\u00e7, dinamik, kriz y\u00f6netimini bilen y\u00f6neticilerin olmas\u0131 \u015fartt\u0131r\u201d dedi<\/b>   <\/p>\n<p> <span style=\"font-size:14px;\">Yalova \u00dcniversitesi\u2019nin 40 rekt\u00f6r aday\u0131ndan biri olan Prof. Dr. Eda Balka\u015f Erdo\u011fan, Yalova\u2019y\u0131 yak\u0131nen tan\u0131d\u0131\u011f\u0131n\u0131 ve \u00fcniversite ile kent aras\u0131nda k\u00f6pr\u00fc vazifesi g\u00f6rece\u011fini s\u00f6yledi.<\/span> <\/p>\n<p> <span style=\"font-size:14px;\">3 yabanc\u0131 dil bilen Erdo\u011fan, 8 y\u0131ld\u0131r Yalova \u00dcniversitesi\u2019ndeki g\u00f6revini canla ba\u015fla s\u00fcrd\u00fcr\u00fcyor. Yalova \u00dcniversitesi\u2019nde bug\u00fcne kadar ya\u015fanan en b\u00fcy\u00fck problemin ileti\u015fimsizlik oldu\u011funu s\u00f6yleyen Erdo\u011fan, \u201cBa\u015fta g\u00f6rev ald\u0131\u011f\u0131m Meslek Y\u00fcksek Okulu Pazarlama b\u00f6l\u00fcm\u00fc ve sonras\u0131nda bizzat kurdu\u011fum Sanat ve Tasar\u0131m Fak\u00fcltesi olmak \u00fczere t\u00fcm yap\u0131lar\u0131 en ba\u015ftan bu zamanki haline getirdim. Her \u015feyden \u00f6nce e\u011fitimin, \u00f6\u011fretimin ve daha da \u00f6nemlisi y\u00f6neticili\u011fin ciddi bir i\u015f oldu\u011funun bilincinde, bu g\u00f6revlerde bulunan ki\u015filerin niteliklerine g\u00f6re se\u00e7ilmesi gerekti\u011finin fark\u0131nda olan bir Profes\u00f6r\u00fcm. \u00d6zellikle \u0130leti\u015fim Bilimleri Profes\u00f6r\u00fc oldu\u011fum i\u00e7in y\u0131llard\u0131r Yalova \u00dcniversitesi\u2019nde ya\u015fanan en \u00f6nemli s\u0131k\u0131nt\u0131n\u0131n \u00fcst y\u00f6netimle ileti\u015fim ve ileti\u015fim kopuklu\u011fu oldu\u011funun fark\u0131na var\u0131nca, Rekt\u00f6r adayl\u0131\u011f\u0131 i\u00e7in harekete ge\u00e7tim. Y\u0131llard\u0131r edindi\u011fim deneyimlerle, \u00dcniversitemizin eksiklerini, ihtiya\u00e7lar\u0131n\u0131, nas\u0131l ileri modern bir yap\u0131ya kavu\u015faca\u011f\u0131n\u0131 biliyorum. Yalova \u00dcniversitesi Avrupa Standartlar\u0131nda y\u00f6neticileri hak eden bir \u00fcniversitedir. \u00dcniversitenin en b\u00fcy\u00fck s\u0131k\u0131nt\u0131s\u0131 \u015fehirden kopuk, da\u011f\u0131n\u0131k bir yap\u0131da olmas\u0131d\u0131r. Sanat ve Tasar\u0131m Fak\u00fcltesi Dekan Yard\u0131mc\u0131s\u0131yken, Yalova \u015fehrinde bir y\u0131l boyunca d\u00fczenledi\u011fim \u2018Anne Baba Akdemisi\u2019 seminerleriyle y\u00fczlerce ki\u015fiye ula\u015ft\u0131m.&nbsp; Yalova Halk\u0131 y\u00f6netime geldi\u011fimde s\u00fcrekli bu ve benzeri seminerlerle bilgilendirilip, geli\u015ftirilecek ve \u00fcniversiteyle yak\u0131n ve derin ba\u011flar kurabilecektir\u201d dedi.<\/span> <\/p>\n<p> <span style=\"font-size:14px;\"> <strong>\u201cKriz y\u00f6netimini bilen y\u00f6neticilerin olmas\u0131 \u015fart\u201d<\/strong> <\/span> <\/p>\n<p> <span style=\"font-size:14px;\">\u00d6zellikle kentin Sanayi ve Ticaret Odas\u0131 ve Sivil Toplum Kurulu\u015flar\u0131 vazge\u00e7ilmezleridir, bu nedenle bu g\u00fczide kurulu\u015flarla i\u015fbirli\u011fi kurularak,&nbsp; toplum yarar\u0131na, projeler,&nbsp; \u00fcretimler yap\u0131lacakt\u0131r.&nbsp; &nbsp;\u00c7a\u011f\u0131m\u0131z teknoloji ve h\u0131z \u00e7a\u011f\u0131d\u0131r. Bu d\u00f6nemde \u00dcniversite y\u00f6netiminde gen\u00e7, dinamik, kriz y\u00f6netimini bilen y\u00f6neticilerin olmas\u0131 \u015fartt\u0131r. Aksi takdirde \u00e7a\u011f\u0131 yakalamak, ilerisine gitmek m\u00fcmk\u00fcn de\u011fildir. \u00dcniversite denetim mekanizmalar\u0131n\u0131n etkin \u00e7al\u0131\u015fmas\u0131 gereklidir. \u00dcst y\u00f6netimi denetleyen bir mekanizma da olmal\u0131d\u0131r. Bu \u015fekilde keyfi uygulamalar\u0131n \u00f6n\u00fc kesilebilir\u201d diye konu\u015ftu.<\/span> <\/p>\n<p> <span style=\"font-size:14px;\">Erdo\u011fan, a\u00e7\u0131klamalar\u0131nda \u015fu ifadelere yer verdi:<\/span> <\/p>\n<p> <span style=\"font-size:14px;\">\u201c\u00dcniversitemiz 8 y\u0131ld\u0131r Teknik e\u011fitimli bir ekip taraf\u0131ndan y\u00f6netilmektedir. Bu durum sanat ve sosyal bilimler alanlar\u0131na yat\u0131r\u0131m yap\u0131lmamas\u0131na, bu alanlarda yer alan bizlerin s\u00fcrekli ikinci planda kalmas\u0131na neden olmaktad\u0131r. Oysaki \u00fcniversitelerin d\u0131\u015fa a\u00e7\u0131lan kap\u0131lar\u0131 Sosyal Bilimler ve Sanat ve Tasar\u0131m Fak\u00fclteleridir. Bu yolla ulusal ve uluslar aras\u0131 alanlarda sesimizi duyurabilmekteyiz. O nedenle art\u0131k Sanat ve Sosyal Bilimlerin de i\u00e7inde yer ald\u0131\u011f\u0131 bir y\u00f6netim olmas\u0131, bu \u00fcniversitenin t\u00fcm payda\u015flar\u0131yla etkili ileti\u015fim kurabilmesi i\u00e7in \u015fartt\u0131r.&nbsp;&nbsp; T\u00fcm fak\u00fcltelerin ve Meslek Y\u00fcksekokullar\u0131n\u0131n e\u015fit derecede \u00f6nemsendi\u011fi, temsil edildi\u011fi, akademisyenlerin herhangi bir sorun ya\u015fad\u0131klar\u0131nda ula\u015fabilecekleri ve kendilerini anlatabilecekleri adil ve \u015feffaf y\u00f6netim anlay\u0131\u015f\u0131 misyonumdur. T\u00fcm akademik ve idari personelin huzurlu ve mutlu bir \u015fekilde \u00e7al\u0131\u015ft\u0131\u011f\u0131 ve \u00fcretti\u011fi bir Yalova \u00dcniversitesi d\u00fcnya lideri bir \u00fcniversite olacakt\u0131r.\u201d<\/span> <\/p>\n<p> <span style=\"font-size:14px;\"> <strong>\u00dcniversitelerde kad\u0131n y\u00f6netici yok<\/strong> <\/span> <\/p>\n<p> <span style=\"font-size:14px;\">Erdo\u011fan, \u00fcniversitelerde kad\u0131n y\u00f6neticilerin de olmad\u0131\u011f\u0131n\u0131 dile getirdi. Erdo\u011fan, \u201cBir \u00f6nemli sorun da \u00fcniversitede kad\u0131n y\u00f6neticilerin olmay\u0131\u015f\u0131d\u0131r. Bu durum \u00fcniversitenin yar\u0131s\u0131n\u0131 olu\u015fturan kad\u0131n akademisyenlerin y\u00f6netimde temsil edilmelerini engellemektedir. Y\u00fcksek \u00f6\u011fretim kurumu taraf\u0131ndan al\u0131nan yeni karar gere\u011fi, Devlet \u00fcniversitelerinde bir kad\u0131n Rekt\u00f6r Yard\u0131mc\u0131s\u0131 ve Kad\u0131n Dekan bulundurulmas\u0131 karar\u0131 \u00e7ok sevindirici ve yerinde bir karard\u0131r. E\u015fit temsil i\u00e7in \u00fcst y\u00f6netimde de e\u015fitlik \u015fartt\u0131r.&nbsp; Ge\u00e7mi\u015f y\u00f6netimlere te\u015fekk\u00fcr ederek, ge\u00e7mi\u015fi ge\u00e7mi\u015fte b\u0131rakmak gerekti\u011fini belirtirken, \u00fcniversitemizin huzur ve ba\u015far\u0131s\u0131 i\u00e7in ad\u0131 temiz, ge\u00e7mi\u015f y\u00f6netimlerde yer almam\u0131\u015f yepyeni bir isim gereklidir.&nbsp;&nbsp; \u00dcstelik \u00e7ocuklu\u011fumdan beri ya\u015fad\u0131\u011f\u0131m, b\u00fct\u00fcnle\u015fti\u011fim, ba\u011f kurdu\u011fum \u00c7\u0131narc\u0131k ve Yalova benim k\u00f6klerimdir, \u00fcniversiteyle bu nedenle de manevi ba\u011f\u0131m vard\u0131r. Ayr\u0131ca ge\u00e7en y\u0131ldan beri ba\u015fkanl\u0131\u011f\u0131n\u0131 yapt\u0131\u011f\u0131m G\u00f6rsel Sanatlar ve Estetik Sempozyumlar\u0131 farkl\u0131 \u00fclkelerden y\u00fczlerce bilim insan\u0131n kat\u0131l\u0131m\u0131yla uluslar aras\u0131 medyada \u00fcniversitemizin ad\u0131n\u0131n duyurulmas\u0131n\u0131 sa\u011flamaktad\u0131r. Uluslar aras\u0131 alanda s\u00f6z sahibi olmak i\u00e7in en az iki hatta \u00fc\u00e7 yabanc\u0131 dili ana dil seviyesinde konu\u015fabilmek \u015fartt\u0131r. Ben bu \u00f6zelliklerin tamam\u0131na sahibim. O nedenle de Yalova \u00dcniversitesi\u2019nin hak etti\u011fi Rekt\u00f6r aday\u0131 oldu\u011fum inanc\u0131nday\u0131m. Daha g\u00fczel bir gelecek, uluslar aras\u0131 ge\u00e7erlili\u011fi olan bilim,&nbsp; e\u011fitim, \u00fcretim i\u00e7in gen\u00e7 ve nitelikli insanlara ihtiya\u00e7 vard\u0131r. \u00dclkesini, devletini seven, pozitif ve payla\u015f\u0131mc\u0131 olan \u00f6\u011frenciler yeti\u015ftirmek en b\u00fcy\u00fck amac\u0131m\u0131zd\u0131r. \u00dcniversitemizi uluslar aras\u0131 arenada temsil etmi\u015f, ulusal ve uluslar aras\u0131 \u00f6d\u00fcller kazand\u0131rm\u0131\u015f, TRT ekranlar\u0131nda program yapan, kitlelere hitap yetene\u011fi olan, tan\u0131nan ve medyayla iyi ili\u015fkiler olu\u015fturmu\u015f,&nbsp; bir ileti\u015fim uzman\u0131 ve bilim insan\u0131 olarak bu g\u00f6reve talip oldu\u011fumu kamuoyuna a\u00e7\u0131kl\u0131yor, selam ve sevgilerimi g\u00f6nderiyorum\u201d dedi.<\/span> <\/p>\n<p>&nbsp;<\/p>\n","protected":false},"excerpt":{"rendered":"<p>Yalova \u00dcnivesitesi Rekt\u00f6r Aday\u0131 Prof. Dr. Eda Balka\u015f Erdo\u011fan, \u201c\u00dcniversitenin en b\u00fcy\u00fck s\u0131k\u0131nt\u0131s\u0131 \u015fehirden kopuk, da\u011f\u0131n\u0131k bir yap\u0131da olmas\u0131d\u0131r. \u00c7a\u011f\u0131m\u0131z<\/p>\n","protected":false},"author":1,"featured_media":5181,"comment_status":"open","ping_status":"open","sticky":false,"template":"","format":"standard","meta":[],"categories":[1],"tags":[],"_links":{"self":[{"href":"http:\/\/www.mertcanpolat.com.tr\/dev\/wp-json\/wp\/v2\/posts\/5180"}],"collection":[{"href":"http:\/\/www.mertcanpolat.com.tr\/dev\/wp-json\/wp\/v2\/posts"}],"about":[{"href":"http:\/\/www.mertcanpolat.com.tr\/dev\/wp-json\/wp\/v2\/types\/post"}],"author":[{"embeddable":true,"href":"http:\/\/www.mertcanpolat.com.tr\/dev\/wp-json\/wp\/v2\/users\/1"}],"replies":[{"embeddable":true,"href":"http:\/\/www.mertcanpolat.com.tr\/dev\/wp-json\/wp\/v2\/comments?post=5180"}],"version-history":[{"count":0,"href":"http:\/\/www.mertcanpolat.com.tr\/dev\/wp-json\/wp\/v2\/posts\/5180\/revisions"}],"wp:featuredmedia":[{"embeddable":true,"href":"http:\/\/www.mertcanpolat.com.tr\/dev\/wp-json\/wp\/v2\/media\/5181"}],"wp:attachment":[{"href":"http:\/\/www.mertcanpolat.com.tr\/dev\/wp-json\/wp\/v2\/media?parent=5180"}],"wp:term":[{"taxonomy":"category","embeddable":true,"href":"http:\/\/www.mertcanpolat.com.tr\/dev\/wp-json\/wp\/v2\/categories?post=5180"},{"taxonomy":"post_tag","embeddable":true,"href":"http:\/\/www.mertcanpolat.com.tr\/dev\/wp-json\/wp\/v2\/tags?post=5180"}],"curies":[{"name":"wp","href":"https:\/\/api.w.org\/{rel}","templated":true}]}}