{"id":5176,"date":"2016-12-29T11:18:00","date_gmt":"2016-12-29T11:18:00","guid":{"rendered":"http:\/\/www.mertcanpolat.com.tr\/dev\/index.php\/2016\/12\/29\/kasim-avardan-salmana-elestiri\/"},"modified":"2016-12-29T11:18:00","modified_gmt":"2016-12-29T11:18:00","slug":"kasim-avardan-salmana-elestiri","status":"publish","type":"post","link":"http:\/\/www.mertcanpolat.com.tr\/dev\/kasim-avardan-salmana-elestiri\/","title":{"rendered":"KASIM AVAR&#39;DAN SALMAN&#39;A ELE\u015eT\u0130R\u0130"},"content":{"rendered":"<p><b>Yalova Belediye Meclisi Ak Parti Grup Ba\u015fkanvekili Kas\u0131m Avar, yapt\u0131\u011f\u0131 a\u00e7\u0131klamada Yalova Belediye Ba\u015fkan\u0131 Vefa Salman\u2019a sert ele\u015ftirilerde bulunarak \u201cBa\u015fkanl\u0131k sana bol gelmi\u015f\u201d dedi. <\/b>   <\/p>\n<p> <span style=\"font-size:14px;\">Yaz\u0131l\u0131 bir a\u00e7\u0131klama yapan Kas\u0131m Avar, Yalova Belediye Ba\u015fkan\u0131 Vefa Salman\u2019\u0131n \u2018t\u00fckenmi\u015flik sendromu ile sa\u00e7malad\u0131\u011f\u0131n\u0131\u2019 ifade etti. Salman hakk\u0131nda \u201cKendisini ifade edebilmek i\u00e7in adap ve edep d\u0131\u015f\u0131 s\u00f6zlerden medet umar hale d\u00fc\u015fm\u00fc\u015ft\u00fcr\u201d yorumunu yapan Avar, \u201cBu \u00fcslup kendi siyasi zihniyetine yak\u0131\u015f\u0131yor olabilir ancak bu \u00fcslupla konu\u015fan bir ki\u015fi belediye ba\u015fkan\u0131 olarak Yalova&#8217;ya yak\u0131\u015fm\u0131yor\u201d dedi.<\/span> <\/p>\n<p> <span style=\"font-size:14px;\">Salman\u2019\u0131n \u201cHi\u00e7bir zaman kullanmad\u0131\u011f\u0131m\u0131z ve kullanamayaca\u011f\u0131m\u0131z, bedel olarak \u00fcniversiteye tahsis etti\u011fimiz binay\u0131 SGK\u2019ya devrederek SGK bor\u00e7lar\u0131ndan kurtulacakt\u0131k. Ak Parti grubu buna engel oldu\u201d s\u00f6zlerine cevap veren Avar, \u015f\u00f6yle devam etti:<\/span> <\/p>\n<p> <span style=\"font-size:14px;\">\u201cSay\u0131n Salman o binay\u0131 yaparak \u00fcniversiteye tahsis eden siz de\u011filsiniz. Ak Partili belediye ba\u015fkan\u0131d\u0131r. \u015eimdi dert yan\u0131yorsunuz, se\u00e7imlerde belediyenin bir metrekare gayrimenkul\u00fcn\u00fc satmadan belediye nas\u0131l y\u00f6netilirmi\u015f Yalova&#8217;ya g\u00f6sterece\u011fim diye halka s\u00f6z veren sen de\u011fil misin? Verdi\u011fin bu s\u00f6z\u00fc unutmak senin i\u015fine geliyor olabilir ama Yaloval\u0131 sizden bu s\u00f6z\u00fcn\u00fcz\u00fc yerine getirmenizi bekliyor.&nbsp; Belediye ba\u015fkanl\u0131\u011f\u0131 \u015fikayet etme yeri de\u011fildir. Oras\u0131 \u00e7\u00f6z\u00fcm \u00fcretme yeridir. Belediyenin \u00fcniversiteye bedelsiz bina tahsisinden dert yanan Say\u0131n Salman belediyelerin g\u00f6revlerinin sadece alt yap\u0131 yapmak olmad\u0131\u011f\u0131n\u0131, \u015fehrin sosyo k\u00fclt\u00fcrel ihtiya\u00e7lar\u0131n\u0131 da kar\u015f\u0131laman\u0131n belediyelerin g\u00f6revi oldu\u011funu bilmiyor\u201d<\/span> <\/p>\n<p> <span style=\"font-size:14px;\"> <strong>Vaatlerini tart\u0131\u015fal\u0131m<\/strong> <\/span> <\/p>\n<p> <span style=\"font-size:14px;\">Avar, a\u00e7\u0131klamas\u0131nda Salman\u2019\u0131n en b\u00fcy\u00fck borcun SGK\u2019ya olmas\u0131na kar\u015f\u0131n gereksiz yere personel al\u0131m\u0131 yaparak SGK prim y\u00fck\u00fcn\u00fc artt\u0131rd\u0131\u011f\u0131na dikkat \u00e7ekti. \u201cSana tavsiyemiz SGK bor\u00e7lar\u0131ndan dert yanaca\u011f\u0131na partizanca ald\u0131\u011f\u0131n personellerden tasarrufa git\u201d diyen Avar, \u015funlar\u0131 kaydetti:<\/span> <\/p>\n<p> <span style=\"font-size:14px;\">\u201cBelediye \u015firketlerinin iyi y\u00f6netildi\u011fini a\u00e7\u0131klayan say\u0131n Salman, bu \u015firketlerin bilan\u00e7olar\u0131n\u0131 halka a\u00e7\u0131klay\u0131n da kar m\u0131 ediyorlar zarar m\u0131 g\u00f6relim. \u00dclkenin Cumhurba\u015fkan\u0131na hakaret etti\u011fi i\u00e7in i\u015finden kovulan bir ki\u015fiyi s\u0131rf Cumhurba\u015fkan\u0131m\u0131za hakaret etti\u011fi i\u00e7in belediye \u015firketlerinin ba\u015f\u0131na getirerek \u00f6d\u00fcllendirmekle \u015firketler iyi y\u00f6netiliyor olmaz. Say\u0131n Salman; kamuoyunu bo\u015f laflarla me\u015fgul etmenizin hi\u00e7 bir anlam\u0131 yok. Se\u00e7im \u00f6ncesi Yalova halk\u0131na yapaca\u011f\u0131n\u0131 vaat ederek a\u00e7\u0131klad\u0131\u011f\u0131n abuk sabuk projelerinden tek bir tanesini bile hayata ge\u00e7irdin mi?&nbsp; Onu anlat tart\u0131\u015fal\u0131m. Say\u0131n Salman\u2019\u0131n s\u00f6zlerinden anlad\u0131\u011f\u0131m\u0131zdan hareketle diyoruz ki evet say\u0131n Salman, Yalova Belediye Ba\u015fkanl\u0131\u011f\u0131 sana ger\u00e7ekten bol gelmi\u015f. \u00dczerinde \u00e7ok i\u011freti duruyor. Yalova emaneti as\u0131l sahibine vermek i\u00e7in de se\u00e7imi bekliyor\u201d<\/span> <\/p>\n","protected":false},"excerpt":{"rendered":"<p>Yalova Belediye Meclisi Ak Parti Grup Ba\u015fkanvekili Kas\u0131m Avar, yapt\u0131\u011f\u0131 a\u00e7\u0131klamada Yalova Belediye Ba\u015fkan\u0131 Vefa Salman\u2019a sert ele\u015ftirilerde bulunarak \u201cBa\u015fkanl\u0131k<\/p>\n","protected":false},"author":1,"featured_media":5177,"comment_status":"open","ping_status":"open","sticky":false,"template":"","format":"standard","meta":[],"categories":[1],"tags":[],"_links":{"self":[{"href":"http:\/\/www.mertcanpolat.com.tr\/dev\/wp-json\/wp\/v2\/posts\/5176"}],"collection":[{"href":"http:\/\/www.mertcanpolat.com.tr\/dev\/wp-json\/wp\/v2\/posts"}],"about":[{"href":"http:\/\/www.mertcanpolat.com.tr\/dev\/wp-json\/wp\/v2\/types\/post"}],"author":[{"embeddable":true,"href":"http:\/\/www.mertcanpolat.com.tr\/dev\/wp-json\/wp\/v2\/users\/1"}],"replies":[{"embeddable":true,"href":"http:\/\/www.mertcanpolat.com.tr\/dev\/wp-json\/wp\/v2\/comments?post=5176"}],"version-history":[{"count":0,"href":"http:\/\/www.mertcanpolat.com.tr\/dev\/wp-json\/wp\/v2\/posts\/5176\/revisions"}],"wp:featuredmedia":[{"embeddable":true,"href":"http:\/\/www.mertcanpolat.com.tr\/dev\/wp-json\/wp\/v2\/media\/5177"}],"wp:attachment":[{"href":"http:\/\/www.mertcanpolat.com.tr\/dev\/wp-json\/wp\/v2\/media?parent=5176"}],"wp:term":[{"taxonomy":"category","embeddable":true,"href":"http:\/\/www.mertcanpolat.com.tr\/dev\/wp-json\/wp\/v2\/categories?post=5176"},{"taxonomy":"post_tag","embeddable":true,"href":"http:\/\/www.mertcanpolat.com.tr\/dev\/wp-json\/wp\/v2\/tags?post=5176"}],"curies":[{"name":"wp","href":"https:\/\/api.w.org\/{rel}","templated":true}]}}