{"id":5172,"date":"2016-12-30T23:58:00","date_gmt":"2016-12-30T23:58:00","guid":{"rendered":"http:\/\/www.mertcanpolat.com.tr\/dev\/index.php\/2016\/12\/30\/kirim-turklerinde-kongre\/"},"modified":"2016-12-30T23:58:00","modified_gmt":"2016-12-30T23:58:00","slug":"kirim-turklerinde-kongre","status":"publish","type":"post","link":"http:\/\/www.mertcanpolat.com.tr\/dev\/kirim-turklerinde-kongre\/","title":{"rendered":"KIRIM T\u00dcRKLER\u0130&#39;NDE KONGRE"},"content":{"rendered":"<p><b>2014 y\u0131l\u0131nda Yalova kent merkezinde faaliyete ba\u015flayan Yalova K\u0131r\u0131m T\u00fcrkleri Yard\u0131mla\u015fma ve Dayan\u0131\u015fma Derne\u011fi 2. Ola\u011fan Kongresini ger\u00e7ekle\u015ftirdi. <\/b>   <\/p>\n<p> <span style=\"font-size:14px;\">Kongreye kendisi de K\u0131r\u0131m Tatar\u0131 olan Yalova Belediye Ba\u015fkan\u0131 Vefa Salman da kat\u0131larak bir konu\u015fma yapt\u0131. Salman, konu\u015fmas\u0131nda, \u201cK\u0131r\u0131m Tatarlar\u0131n\u0131n milli kimliklerini unutmadan ya\u015fayabilmesi, birlik ve beraberlik i\u00e7inde olmalar\u0131n\u0131 hedefleyen K\u0131r\u0131m T\u00fcrkleri Yard\u0131mla\u015fma ve Dayan\u0131\u015fma Derne\u011fi&#8217;nin 2. Ola\u011fan Kongresi&#8217;ne kat\u0131ld\u0131k. Kongre i\u00e7in kentimizde bulunan Ukrayna Kiev \u00fczerinden yay\u0131n yapan K\u0131r\u0131m T\u00fcrkleri Televizyonu ATR T\u00fcrkiye Temsilcisi ile de ilimizdeki faaliyetler \u00fczerine bir r\u00f6portaj ger\u00e7ekle\u015ftirdik. Derne\u011fimizin yeni y\u00f6netimine ba\u015far\u0131lar diliyorum\u201d&nbsp;dedi. S\u0131k s\u0131k birlik ve beraberlik \u00fczerinde duran Salman her zaman K\u0131r\u0131m meselesine destek olaca\u011f\u0131 s\u00f6z\u00fcn\u00fc verdi.<\/span> <\/p>\n<p> <span style=\"font-size:14px;\">Kongre divan heyetini Yalova\u2019n\u0131n sevilen simalar\u0131ndan Muhsin Sevencan, Emir \u015eenol ve \u00d6zay Yusufo\u011flu \u00c7al\u0131\u015fkan olu\u015fturdu. Genel Kurulu K\u0131r\u0131m Tatar televizyonu ATR de izleyip dernek \u00fcyeleri ile r\u00f6portajlar yapt\u0131. Genel kurulun ard\u0131ndan Nail Aytar\u2019\u0131n yeni yay\u0131nlanan kitab\u0131 \u201c\u00c7an Qaqmaq\u201d i\u00e7in bir tan\u0131t\u0131m ve imza g\u00fcn\u00fc yap\u0131ld\u0131. K\u0131r\u0131m Tatar Edebiyat\u0131, Dili ve K\u00fclt\u00fcr\u00fc \u00fczerine yaz\u0131lm\u0131\u015f denemeleri ihtiva eden kitap yo\u011fun ilgi g\u00f6rd\u00fc.<\/span> <\/p>\n<p> <span style=\"font-size:14px;\">Genel Kurul\u2019da iki y\u0131l i\u00e7in yeni y\u00f6netim kurulu da se\u00e7ildi. Kurulu\u015f \u00e7al\u0131\u015fmalar\u0131n\u0131n ard\u0131ndan faaliyet d\u00f6nemi olarak belirlenen bu d\u00f6nem i\u00e7in Metin Ayd\u0131n, Nail Aytar, Etem Sevin, Ferudun Aybar, \u00d6zay Yusufo\u011flu \u00c7al\u0131\u015fkan, G\u0131liman Mutlu, Zuhal Kasap, G\u00f6n\u00fcl Y\u00fczler, G\u00fclten Can \u00c7\u0131nar, H\u00fcsmen Vatan ve Sadrettin Kaplan y\u00f6netim kuruluna se\u00e7ildi. Denetim Kurulu Fahri Kasap, Atilla Ar\u0131 ve Mustafa Aslan\u2019dan olu\u015ftu. Yeni y\u00f6netim kurulu ilk toplant\u0131s\u0131nda g\u00f6rev da\u011f\u0131l\u0131m\u0131 yaparak \u00e7al\u0131\u015fmalar\u0131na ba\u015flayacak. &nbsp;<\/span> <\/p>\n","protected":false},"excerpt":{"rendered":"<p>2014 y\u0131l\u0131nda Yalova kent merkezinde faaliyete ba\u015flayan Yalova K\u0131r\u0131m T\u00fcrkleri Yard\u0131mla\u015fma ve Dayan\u0131\u015fma Derne\u011fi 2. Ola\u011fan Kongresini ger\u00e7ekle\u015ftirdi. Kongreye kendisi<\/p>\n","protected":false},"author":1,"featured_media":5173,"comment_status":"open","ping_status":"open","sticky":false,"template":"","format":"standard","meta":[],"categories":[1],"tags":[],"_links":{"self":[{"href":"http:\/\/www.mertcanpolat.com.tr\/dev\/wp-json\/wp\/v2\/posts\/5172"}],"collection":[{"href":"http:\/\/www.mertcanpolat.com.tr\/dev\/wp-json\/wp\/v2\/posts"}],"about":[{"href":"http:\/\/www.mertcanpolat.com.tr\/dev\/wp-json\/wp\/v2\/types\/post"}],"author":[{"embeddable":true,"href":"http:\/\/www.mertcanpolat.com.tr\/dev\/wp-json\/wp\/v2\/users\/1"}],"replies":[{"embeddable":true,"href":"http:\/\/www.mertcanpolat.com.tr\/dev\/wp-json\/wp\/v2\/comments?post=5172"}],"version-history":[{"count":0,"href":"http:\/\/www.mertcanpolat.com.tr\/dev\/wp-json\/wp\/v2\/posts\/5172\/revisions"}],"wp:featuredmedia":[{"embeddable":true,"href":"http:\/\/www.mertcanpolat.com.tr\/dev\/wp-json\/wp\/v2\/media\/5173"}],"wp:attachment":[{"href":"http:\/\/www.mertcanpolat.com.tr\/dev\/wp-json\/wp\/v2\/media?parent=5172"}],"wp:term":[{"taxonomy":"category","embeddable":true,"href":"http:\/\/www.mertcanpolat.com.tr\/dev\/wp-json\/wp\/v2\/categories?post=5172"},{"taxonomy":"post_tag","embeddable":true,"href":"http:\/\/www.mertcanpolat.com.tr\/dev\/wp-json\/wp\/v2\/tags?post=5172"}],"curies":[{"name":"wp","href":"https:\/\/api.w.org\/{rel}","templated":true}]}}