{"id":5170,"date":"2016-12-31T00:08:00","date_gmt":"2016-12-31T00:08:00","guid":{"rendered":"http:\/\/www.mertcanpolat.com.tr\/dev\/index.php\/2016\/12\/31\/en-iyi-hizmeti-salman-verdi\/"},"modified":"2016-12-31T00:08:00","modified_gmt":"2016-12-31T00:08:00","slug":"en-iyi-hizmeti-salman-verdi","status":"publish","type":"post","link":"http:\/\/www.mertcanpolat.com.tr\/dev\/en-iyi-hizmeti-salman-verdi\/","title":{"rendered":"EN \u0130Y\u0130 H\u0130ZMET\u0130 SALMAN VERD\u0130"},"content":{"rendered":"<p><b>Yalova Seyyar Pazarc\u0131lar Esnaf Odas\u0131 Ba\u015fkan\u0131 Orhan Seyfi Kalyoncu, pazarc\u0131lar\u0131n en iyi hizmeti Vefa Salman d\u00f6neminde ald\u0131\u011f\u0131n\u0131 s\u00f6yledi.<\/b>   <\/p>\n<p> <span style=\"font-size:14px;\">Kalyoncu, Pazarpark ile kapal\u0131 pazaryerinin aras\u0131nda bulunan k\u0131sm\u0131n\u0131n \u00fcst\u00fcn\u00fcn kapat\u0131lmas\u0131 nedeni ile Yalova Belediye Ba\u015fkan\u0131 Vefa Salman\u2019a te\u015fekk\u00fcr etti. Kalyoncu, \u201c\u00c7al\u0131\u015fmalar hakk\u0131nda konu\u015facak olursak; sebze pazar\u0131 ile giyim pazar\u0131n\u0131n ortas\u0131nda bulunan yol y\u0131llar \u00f6nce zaten kapal\u0131yd\u0131 ancak kar ya\u011f\u0131\u015f\u0131 nedeni ile y\u0131k\u0131lm\u0131\u015ft\u0131, \u015eu anda belediye ba\u015fkan\u0131m\u0131z\u0131n talimat\u0131yla h\u0131zl\u0131 bir \u015fekilde \u00e7al\u0131\u015fmalar yaparak o yolun \u00fcst\u00fc kapan\u0131yor. Pazarpark\u0131n arka k\u0131sm\u0131nda a\u00e7\u0131kta kalan esnaf\u0131m\u0131z\u0131n da \u00fcst\u00fcn\u00fcn kapat\u0131lmas\u0131 devam ediyor. \u00dclkemizin \u015fuan i\u00e7inde bulundu\u011fu ekonomik dura\u011fanl\u0131\u011fa ra\u011fmen Belediye Ba\u015fkan\u0131m\u0131z Vefa Salman&#8217;\u0131n Pazaryeri i\u00e7in yapt\u0131\u011f\u0131 yat\u0131r\u0131mlardan ve olumlu \u00e7al\u0131\u015fmalardan dolay\u0131 kendisine siz de\u011ferli bas\u0131n mensuplar\u0131 \u00f6n\u00fcnde tekrar te\u015fekk\u00fcr ederim\u201d diye konu\u015ftu.<\/span> <\/p>\n<p> <span style=\"font-size:14px;\">Son d\u00f6nemde en iyi hizmeti ald\u0131klar\u0131n\u0131 belirten Kalyoncu, \u201cBelediye Ba\u015fkan\u0131m\u0131z Vefa Salman\u2019a g\u00f6reve geldi\u011fi g\u00fcnden itibaren pazarc\u0131 esnaf\u0131m\u0131za vermi\u015f oldu\u011fu desteklerden dolay\u0131 \u015fahs\u0131m ve odam\u0131z ad\u0131na te\u015fekk\u00fcrlerimi sunuyorum. \u015eunu da belirtmek istiyorum; son on y\u0131l\u0131 baz al\u0131rsak belediyeden en iyi hizmeti bu s\u00fcre\u00e7te alm\u0131\u015f bulunuyoruz. Bundan \u00f6nceki hi\u00e7bir belediye y\u00f6netimi pazara, pazarc\u0131 esnaf\u0131na bu kadar de\u011fer vermemi\u015fti\u201d dedi.<\/span> <\/p>\n<p>&nbsp;<\/p>\n<p>&nbsp;<\/p>\n","protected":false},"excerpt":{"rendered":"<p>Yalova Seyyar Pazarc\u0131lar Esnaf Odas\u0131 Ba\u015fkan\u0131 Orhan Seyfi Kalyoncu, pazarc\u0131lar\u0131n en iyi hizmeti Vefa Salman d\u00f6neminde ald\u0131\u011f\u0131n\u0131 s\u00f6yledi. Kalyoncu, Pazarpark<\/p>\n","protected":false},"author":1,"featured_media":5171,"comment_status":"open","ping_status":"open","sticky":false,"template":"","format":"standard","meta":[],"categories":[1],"tags":[],"_links":{"self":[{"href":"http:\/\/www.mertcanpolat.com.tr\/dev\/wp-json\/wp\/v2\/posts\/5170"}],"collection":[{"href":"http:\/\/www.mertcanpolat.com.tr\/dev\/wp-json\/wp\/v2\/posts"}],"about":[{"href":"http:\/\/www.mertcanpolat.com.tr\/dev\/wp-json\/wp\/v2\/types\/post"}],"author":[{"embeddable":true,"href":"http:\/\/www.mertcanpolat.com.tr\/dev\/wp-json\/wp\/v2\/users\/1"}],"replies":[{"embeddable":true,"href":"http:\/\/www.mertcanpolat.com.tr\/dev\/wp-json\/wp\/v2\/comments?post=5170"}],"version-history":[{"count":0,"href":"http:\/\/www.mertcanpolat.com.tr\/dev\/wp-json\/wp\/v2\/posts\/5170\/revisions"}],"wp:featuredmedia":[{"embeddable":true,"href":"http:\/\/www.mertcanpolat.com.tr\/dev\/wp-json\/wp\/v2\/media\/5171"}],"wp:attachment":[{"href":"http:\/\/www.mertcanpolat.com.tr\/dev\/wp-json\/wp\/v2\/media?parent=5170"}],"wp:term":[{"taxonomy":"category","embeddable":true,"href":"http:\/\/www.mertcanpolat.com.tr\/dev\/wp-json\/wp\/v2\/categories?post=5170"},{"taxonomy":"post_tag","embeddable":true,"href":"http:\/\/www.mertcanpolat.com.tr\/dev\/wp-json\/wp\/v2\/tags?post=5170"}],"curies":[{"name":"wp","href":"https:\/\/api.w.org\/{rel}","templated":true}]}}