{"id":5166,"date":"2017-01-01T23:07:00","date_gmt":"2017-01-01T23:07:00","guid":{"rendered":"http:\/\/www.mertcanpolat.com.tr\/dev\/index.php\/2017\/01\/01\/barodan-ornek-hareket\/"},"modified":"2017-01-01T23:07:00","modified_gmt":"2017-01-01T23:07:00","slug":"barodan-ornek-hareket","status":"publish","type":"post","link":"http:\/\/www.mertcanpolat.com.tr\/dev\/barodan-ornek-hareket\/","title":{"rendered":"BARODAN \u00d6RNEK HAREKET"},"content":{"rendered":"<p><b>Yalova Barosu, Yalova s\u0131n\u0131rlar\u0131 i\u00e7erisinde bulunan harp malul\u00fc gaziler ve \u015fehit yak\u0131nlar\u0131na \u00fccretsiz avukatl\u0131k hizmeti sunacak<\/b>   <\/p>\n<p> <span style=\"font-size:14px;\">Yalova Barosu Y\u00f6netimi, ald\u0131\u011f\u0131 kararla Yalova\u2019da ikamet eden harp malul\u00fc gazilere ve \u015fehit yak\u0131nlar\u0131na \u00fccretsiz avukatl\u0131k hizmeti sunacak. Bu kapsamda Baro Ba\u015fkan\u0131 Hakan Gergero\u011flu ve baro y\u00f6netimi, T\u00fcrkiye Harp Malul\u00fc Gaziler, \u015eehit, Dul ve Yetimler Derne\u011fi Yalova \u015eubesi\u2019ni ziyaret etti. \u015eube Ba\u015fkan\u0131 Mustafa \u00dcrkmez ve dernek y\u00f6neticilerinin de haz\u0131r bulundu\u011fu ziyarette konu\u015fan Yalova Baro Ba\u015fkan\u0131 Hakan Gergero\u011flu, \u201cDilimize yap\u0131\u015fm\u0131\u015f bir laf vard\u0131r: \u2018vatan borcu\u2019 diye. Elbette bu vatana borcumuz var. Bu vatan borcunu \u00f6demek zorunday\u0131z. Bu vatan borcunu baz\u0131lar\u0131m\u0131z daha fazla \u00f6d\u00fcyor. O\u011fluyla, kar\u0131s\u0131yla, \u00e7ocu\u011fuyla, aya\u011f\u0131yla, g\u00f6z\u00fcyle ve koluyla \u00f6d\u00fcyor. Kurulan bu dernek bu insanlar\u0131 bir araya getiren bir STK. Biz de art\u0131k bir ucundan tutmak istedik. Yalova Barosu olarak derne\u011fe \u00fcye, \u015fehit yak\u0131nlar\u0131 ve gazilere herhangi bir hukuki sorun oldu\u011funda ister dan\u0131\u015fma isterlerse bir dava olabilir. Bu davalarda Yalova Barosu avukatlar\u0131 hizmetlerinde olacak ve hi\u00e7bir \u00fccret talebinde de bulunulmayacak. Y\u00f6netim kurulu olarak bu y\u00f6nde bir karar ald\u0131k\u201d dedi.<\/span> <\/p>\n<p> <span style=\"font-size:14px;\">T\u00fcrkiye Harp Malul\u00fc Gaziler, \u015eehit, Dul ve Yetimler Derne\u011fi Yalova \u015eubesi Ba\u015fkan\u0131 Mustafa \u00dcrkmez ise, \u201cYalova Barosu, derne\u011fimize \u00fcye \u015fehit ailelerine ve gazilerimize bir vefa \u00f6rne\u011fi g\u00f6sterdi. Belki T\u00fcrkiye\u2019de bu olay \u00f6rnek olur. Yalova\u2019n\u0131n bu konudaki duyarl\u0131l\u0131\u011f\u0131n\u0131 biliyoruz. Yalova Barosu\u2019na g\u00f6sterdikleri ilgiden ve vefa \u00f6rne\u011finden dolay\u0131 te\u015fekk\u00fcr ederiz\u201d \u015feklinde konu\u015ftu.<\/span> <\/p>\n<p>&nbsp;<\/p>\n<p>&nbsp;<\/p>\n","protected":false},"excerpt":{"rendered":"<p>Yalova Barosu, Yalova s\u0131n\u0131rlar\u0131 i\u00e7erisinde bulunan harp malul\u00fc gaziler ve \u015fehit yak\u0131nlar\u0131na \u00fccretsiz avukatl\u0131k hizmeti sunacak Yalova Barosu Y\u00f6netimi, ald\u0131\u011f\u0131<\/p>\n","protected":false},"author":1,"featured_media":5167,"comment_status":"open","ping_status":"open","sticky":false,"template":"","format":"standard","meta":[],"categories":[1],"tags":[],"_links":{"self":[{"href":"http:\/\/www.mertcanpolat.com.tr\/dev\/wp-json\/wp\/v2\/posts\/5166"}],"collection":[{"href":"http:\/\/www.mertcanpolat.com.tr\/dev\/wp-json\/wp\/v2\/posts"}],"about":[{"href":"http:\/\/www.mertcanpolat.com.tr\/dev\/wp-json\/wp\/v2\/types\/post"}],"author":[{"embeddable":true,"href":"http:\/\/www.mertcanpolat.com.tr\/dev\/wp-json\/wp\/v2\/users\/1"}],"replies":[{"embeddable":true,"href":"http:\/\/www.mertcanpolat.com.tr\/dev\/wp-json\/wp\/v2\/comments?post=5166"}],"version-history":[{"count":0,"href":"http:\/\/www.mertcanpolat.com.tr\/dev\/wp-json\/wp\/v2\/posts\/5166\/revisions"}],"wp:featuredmedia":[{"embeddable":true,"href":"http:\/\/www.mertcanpolat.com.tr\/dev\/wp-json\/wp\/v2\/media\/5167"}],"wp:attachment":[{"href":"http:\/\/www.mertcanpolat.com.tr\/dev\/wp-json\/wp\/v2\/media?parent=5166"}],"wp:term":[{"taxonomy":"category","embeddable":true,"href":"http:\/\/www.mertcanpolat.com.tr\/dev\/wp-json\/wp\/v2\/categories?post=5166"},{"taxonomy":"post_tag","embeddable":true,"href":"http:\/\/www.mertcanpolat.com.tr\/dev\/wp-json\/wp\/v2\/tags?post=5166"}],"curies":[{"name":"wp","href":"https:\/\/api.w.org\/{rel}","templated":true}]}}