{"id":5162,"date":"2017-01-01T23:49:00","date_gmt":"2017-01-01T23:49:00","guid":{"rendered":"http:\/\/www.mertcanpolat.com.tr\/dev\/index.php\/2017\/01\/01\/salmandan-2016nin-son-roportaji\/"},"modified":"2017-01-01T23:49:00","modified_gmt":"2017-01-01T23:49:00","slug":"salmandan-2016nin-son-roportaji","status":"publish","type":"post","link":"http:\/\/www.mertcanpolat.com.tr\/dev\/salmandan-2016nin-son-roportaji\/","title":{"rendered":"SALMAN&#39;DAN 2016&#39;NIN SON R\u00d6PORTAJI"},"content":{"rendered":"<p><b>Yalova Belediye Ba\u015fkan\u0131 Vefa Salman, Yalova Hayat Gazetesi&#39;ne konu\u015ftu. \u00c7arp\u0131c\u0131 a\u00e7\u0131klamalar yapan Salman, trafik sorunundan 2017 projelerine, son d\u00f6nemde artan ter\u00f6r olaylar\u0131ndan \u00fclke g\u00fcndemine dair sorular\u0131 cevapland\u0131rd\u0131.<\/b>   <\/p>\n<p> <span style=\"font-size:14px;\">Son d\u00f6nemde artan ter\u00f6r olaylar\u0131na de\u011finen Ba\u015fkan Salman, &#8220;Ben makam mevki h\u0131rs\u0131 olan bir adam de\u011filim. E\u011fer bana birisi gelip de derse ki; bundan sonra asla ve asla \u015fehit olmayacak sen ba\u015fkanl\u0131\u011f\u0131 b\u0131rakacaks\u0131n desinler. O garantiyi versinler o anda b\u0131rak\u0131r\u0131m. \u015eehitler benim can\u0131m\u0131 \u00e7ok yak\u0131yor&#8221; dedi. Yeni projeler hakk\u0131nda bilgi veren Salman, \u015funlar\u0131 s\u00f6yledi:<\/span> <\/p>\n<p> <span style=\"font-size:14px;\">&#8220;Mesela kule projem var. Bu b\u00fct\u00e7e, bu ekonomi, T\u00fcrkiye\u2019nin bu g\u00fcndemiyle bunu yapamazs\u0131n\u0131z. Buna bir b\u00fct\u00e7e ay\u0131ramazs\u0131n\u0131z. \u00c7ok da farkl\u0131 \u015feyler var. Bir stratejik plan belirlemi\u015fsiniz fakat ter\u00f6r\u00fcn zirve yapaca\u011f\u0131n\u0131, Suriye\u2019ye girece\u011finizi, darbe giri\u015fimi gibi bir olay\u0131n olaca\u011f\u0131n\u0131 kimse \u00f6n g\u00f6remez. Bir y\u0131ll\u0131k b\u00fct\u00e7eyi yaparken bile bunu \u00f6n g\u00f6remiyorsunuz. Bir y\u0131ll\u0131k \u00e7izdi\u011finiz hedefte k\u0131rpmalar oluyor. Ald\u0131\u011f\u0131m\u0131zdaki 100 milyon olan b\u00fct\u00e7eyi 177 milyona \u00e7\u0131karm\u0131\u015ft\u0131k, bu sene 182 milyon. T\u00fcrkiye\u2019nin k\u0131sa vadede gelece\u011fini kestirmek m\u00fcmk\u00fcn de\u011fil. Y\u0131lmak, yorulmak, umudu kaybetmek asla yok. Yalova\u2019n\u0131n ba\u015fta temel sorunlar\u0131, onlara k\u00f6kl\u00fc \u00e7\u00f6z\u00fcm \u00fcretmek i\u00e7in ne yapmam\u0131z gerekiyorsa \u00f6nce onu yapmam\u0131z gerekiyor&#8221;<\/span> <\/p>\n<p> <span style=\"font-size:14px;\">Salman, \u00f6zellikle engelliler ve sokak hayvanlar\u0131 konusunda \u00f6nemli \u00e7al\u0131\u015fmalar yapt\u0131klar\u0131n\u0131 vurgulayarak &#8220;\u015eurada park yapt\u0131k, \u015funu yapt\u0131k demek \u015fovu yap\u0131lacak konular de\u011fil. Tabi yapaca\u011f\u0131z. \u00d6rne\u011fin Yalova\u2019y\u0131 engellilere y\u00f6nelik T\u00fcrkiye\u2019nin bir numaral\u0131 kenti yapmak i\u00e7in bir hedefim var. 2 y\u0131ld\u0131r bunun i\u00e7in \u00e7ok \u00f6nemli \u015feyler yapt\u0131k, yapmaya da devam edece\u011fiz. Sokak hayvanlar\u0131yla ilgili T\u00fcrkiye\u2019de en \u00f6nde ildir Yalova. Haybulans hizmeti \u00e7ok \u00f6nemli. \u015eimdi de r\u00f6ntgen geliyor. O da farkl\u0131l\u0131\u011f\u0131 olan proje. Karde\u015f \u015eehirler Park\u0131\u2019n\u0131 a\u00e7t\u0131k. Bu T\u00fcrkiye\u2019ye \u00f6rnek bir park. Bir tek Ba\u011flarba\u015f\u0131 Mahallesi\u2019nin muhtar evi yoktu, yapt\u0131k. Taziye evi ihtiya\u00e7t\u0131 o yap\u0131ld\u0131. 2 g\u00fcn \u00f6nce mezarl\u0131\u011fa gittim. Kad\u0131n-erkek ayn\u0131 gas\u0131lhanede y\u0131kan\u0131yordu. K\u00fc\u00e7\u00fck bir \u015fey g\u00f6z\u00fck\u00fcyor ama kimse bu zamana kadar sesini \u00e7\u0131karmam\u0131\u015f. Kimse benim okula, camilere ne yard\u0131m yapt\u0131\u011f\u0131m\u0131 bilmez. T\u00fcrkiye\u2019nin en b\u00fcy\u00fck cemevlerinden biri yap\u0131l\u0131yor, bitmek \u00fczere<strong>. <\/strong>Yalova ile ilgili \u015funu yapaca\u011f\u0131m, bunu yapaca\u011f\u0131m demek \u00f6nemli de\u011fil. T\u00fcrkiye d\u00fczelmedikten sonra buray\u0131 Paris yapsam ne olur. \u00dclkede bar\u0131\u015f, huzur ortam\u0131n\u0131 sa\u011flanmas\u0131 laz\u0131m. As\u0131l sorun burada. \u00dclkede ciddi bir s\u0131k\u0131nt\u0131, kaos var. Her g\u00fcn g\u00fcndem farkl\u0131 yerlere gidiyor. \u015eehit haberleri \u00fc\u00e7\u00fcnc\u00fc sayfa haberleri oldu. Ate\u015f d\u00fc\u015ft\u00fc\u011f\u00fc yeri yak\u0131yor. As\u0131l konu bu. &nbsp;Devam eden bir s\u00fcr\u00fc proje var. Bunlar\u0131 bitirmemiz laz\u0131m. 13 mahalle 77 proje dedik. Kimine pazaryeri, kimine \u00e7ocuk park\u0131. Biz ald\u0131\u011f\u0131m\u0131zda 35-40 \u00e7ocuk park\u0131 vard\u0131. Bizim say\u0131m\u0131z 40\u2019\u0131 ge\u00e7ti iki senede. Ben park yapt\u0131m diye \u00f6v\u00fcnecek halim yok. \u0130nk\u0131lap Vapuru\u2019nun yerine bir halk \u00e7ay bah\u00e7esi ve bir halk park\u0131 yapmay\u0131 hedefliyorum. Yine belki T\u00fcrkiye\u2019de belediye sosyal tesisi olmayan tek il Yalova. Belediyemizde bin civar\u0131nda \u00e7al\u0131\u015fan\u0131m\u0131z var. Aileleri de var. Onlar\u0131n da \u00e7al\u0131\u015ft\u0131\u011f\u0131 kurumun tesislerinden faydalanma haklar\u0131 var. Onlara Bad Godesberg Park\u0131\u2019nda bir sosyal tesis yapmay\u0131 hedefliyorum.Dernekler Saray\u0131, Amat\u00f6r Spor Kul\u00fcpleri\u2019ni ayn\u0131 \u00e7at\u0131 alt\u0131nda birle\u015ftirecek bir projemiz var&#8221; diye konu\u015ftu.<img alt=\"\" src=\"http:\/\/ajansyalova.com\/Images\/Thumbs\/Editor\/5814-vefasalman.jpeg\" style=\"border-width: 2px; border-style: solid; margin: 2px; float: right; width: 650px; height: 432px;\" \/> <\/span> <\/p>\n<p> <span style=\"font-size:14px;\">Yalova&#8217;da en b\u00fcy\u00fck sorunun Roman Mahallesi&#8217;ndeki uyu\u015fturucu olay\u0131 oldu\u011funu kaydeden Ba\u015fkan Vefa Salman, kentsel d\u00f6n\u00fc\u015f\u00fcm konusunda g\u00f6r\u00fc\u015fmelerin s\u00fcrd\u00fc\u011f\u00fcn\u00fc kaydetti. Bir di\u011fer \u00f6nemli sorun trafik konusunda da \u00f6nemli s\u00f6zler sarfeden Salman, \u015f\u00f6yle konu\u015ftu:<\/span> <\/p>\n<p> <span style=\"font-size:14px;\">&#8220;Bunu tek ba\u015f\u0131na ne emniyet ne belediye \u00e7\u00f6zebilir. Bu elbirli\u011fiyle \u00e7\u00f6z\u00fclebilir ama trafi\u011fe k\u00f6kl\u00fc \u00e7\u00f6z\u00fcm \u00fcretmek m\u00fcmk\u00fcn m\u00fc? Ger\u00e7ek\u00e7i olmak gerekirse m\u00fcmk\u00fcn de\u011fil. Caddesi olmayan bir kentte nas\u0131l alternatif \u00fcretebileceksin? Bir tane caddemiz var o da \u015eehit \u00d6mer Faydal\u0131 Bulvar\u0131. Oras\u0131 ayn\u0131 zamanda bir karayolu. Trafi\u011fi nas\u0131l rahatlataca\u011f\u0131z? Oras\u0131 sadece \u015fehir i\u00e7i yol de\u011fil. Trafikle ilgili en iyi \u00e7al\u0131\u015fma ne diye sorarsan\u0131z terminalin oraya alternatif bir arter a\u00e7may\u0131 g\u00f6sterebilirim. \u015eimdi oras\u0131 ana yol gibi i\u015fliyor. O bile yetmiyor art\u0131k. \u015eimdi jandarmaya do\u011fru 30-40 metrelik yol a\u00e7aca\u011f\u0131z. Bunu da 2017\u2019de ger\u00e7ekle\u015ftirece\u011fiz&#8221;<\/span> <\/p>\n<div style=\"background:#eee;border:1px solid #ccc;padding:5px 10px;\"> <a href=\"http:\/\/www.yalovahayat.com\/yalova\/?a=haber&amp;id=23524\"> <strong> <span style=\"font-size:14px;\">R\u00d6PORTAJIN TAMAMINI OKUMAK \u0130\u00c7\u0130N TIKLAYIN!!<\/span> <\/strong> <\/a> <\/p>\n","protected":false},"excerpt":{"rendered":"<p>Yalova Belediye Ba\u015fkan\u0131 Vefa Salman, Yalova Hayat Gazetesi&#39;ne konu\u015ftu. \u00c7arp\u0131c\u0131 a\u00e7\u0131klamalar yapan Salman, trafik sorunundan 2017 projelerine, son d\u00f6nemde artan<\/p>\n","protected":false},"author":1,"featured_media":5163,"comment_status":"open","ping_status":"open","sticky":false,"template":"","format":"standard","meta":[],"categories":[1],"tags":[],"_links":{"self":[{"href":"http:\/\/www.mertcanpolat.com.tr\/dev\/wp-json\/wp\/v2\/posts\/5162"}],"collection":[{"href":"http:\/\/www.mertcanpolat.com.tr\/dev\/wp-json\/wp\/v2\/posts"}],"about":[{"href":"http:\/\/www.mertcanpolat.com.tr\/dev\/wp-json\/wp\/v2\/types\/post"}],"author":[{"embeddable":true,"href":"http:\/\/www.mertcanpolat.com.tr\/dev\/wp-json\/wp\/v2\/users\/1"}],"replies":[{"embeddable":true,"href":"http:\/\/www.mertcanpolat.com.tr\/dev\/wp-json\/wp\/v2\/comments?post=5162"}],"version-history":[{"count":0,"href":"http:\/\/www.mertcanpolat.com.tr\/dev\/wp-json\/wp\/v2\/posts\/5162\/revisions"}],"wp:featuredmedia":[{"embeddable":true,"href":"http:\/\/www.mertcanpolat.com.tr\/dev\/wp-json\/wp\/v2\/media\/5163"}],"wp:attachment":[{"href":"http:\/\/www.mertcanpolat.com.tr\/dev\/wp-json\/wp\/v2\/media?parent=5162"}],"wp:term":[{"taxonomy":"category","embeddable":true,"href":"http:\/\/www.mertcanpolat.com.tr\/dev\/wp-json\/wp\/v2\/categories?post=5162"},{"taxonomy":"post_tag","embeddable":true,"href":"http:\/\/www.mertcanpolat.com.tr\/dev\/wp-json\/wp\/v2\/tags?post=5162"}],"curies":[{"name":"wp","href":"https:\/\/api.w.org\/{rel}","templated":true}]}}