{"id":5152,"date":"2017-01-03T14:11:00","date_gmt":"2017-01-03T14:11:00","guid":{"rendered":"http:\/\/www.mertcanpolat.com.tr\/dev\/index.php\/2017\/01\/03\/tersine-goc-baslayacak\/"},"modified":"2017-01-03T14:11:00","modified_gmt":"2017-01-03T14:11:00","slug":"tersine-goc-baslayacak","status":"publish","type":"post","link":"http:\/\/www.mertcanpolat.com.tr\/dev\/tersine-goc-baslayacak\/","title":{"rendered":"TERS\u0130NE G\u00d6\u00c7 BA\u015eLAYACAK"},"content":{"rendered":"<p><b>Yalova \u0130l Genel Meclisi Ba\u015fkan\u0131 Ya\u015far Demirel, t\u00fcm k\u00f6ylerin istek ve talepleriyle yak\u0131ndan ilgilendiklerini s\u00f6yledi. Ba\u015fkan Demirel, art\u0131k k\u00f6yl\u00fclerin altyap\u0131 de\u011fil \u00fcst yap\u0131 istediklerini dile getirdi<\/b>   <\/p>\n<p> <span style=\"font-size:14px;\">\u0130l Genel Meclisi Ba\u015fkan\u0131 Ya\u015far Demirel, k\u00f6ylere olan yat\u0131r\u0131m \u00e7al\u0131\u015fmalar\u0131n\u0131 aral\u0131ks\u0131z s\u00fcrd\u00fcrd\u00fcklerini s\u00f6yledi. K\u00f6ylerdeki altyap\u0131lara yap\u0131lan yat\u0131r\u0131mlarla b\u00fcy\u00fck yol ald\u0131klar\u0131n\u0131 s\u00f6yleyen Demirel, tamamlanan \u00e7al\u0131\u015fmalar nedeniyle art\u0131k k\u00f6yl\u00fclerin altyap\u0131 de\u011fil \u00fcst yap\u0131 istediklerini dile getirdi.<\/span> <\/p>\n<p> <span style=\"font-size:14px;\"> <strong>K\u00f6yler art\u0131k \u2018turistik kasaba\u2019 oldu<\/strong> <\/span> <\/p>\n<p> <span style=\"font-size:14px;\">K\u00f6ylere yap\u0131lan yat\u0131r\u0131mlarla Yalova\u2019n\u0131n k\u00f6ylerinin ihya oldu\u011funu dile getiren Demirel, \u201cYap\u0131lan yat\u0131r\u0131mlarla k\u00f6yl\u00fclerin art\u0131k istekleri de\u011fi\u015fti. Bizim en b\u00fcy\u00fck avantaj\u0131m\u0131z k\u00f6y say\u0131m\u0131z\u0131n d\u00fc\u015f\u00fck olmas\u0131. \u00d6zellikle sahile yak\u0131n k\u00f6ylerimiz art\u0131k turistik kasaba gibi oldu. Vali Han\u0131m\u2019la k\u00f6ylerimizi gezdi\u011fimizde k\u00f6yl\u00fclerimiz art\u0131k altyap\u0131 yerine bizden do\u011falgaz, \u00e7ocuk oyun parklar\u0131, jimnastik aletleri istiyorlar. \u0130n\u015fallah bu y\u0131l Termal Fen Lisesi yolu ba\u015fta olmak \u00fczere birka\u00e7 k\u00f6y ba\u011flant\u0131 yolu yap\u0131lacak\u201d dedi.<\/span> <\/p>\n<p> <span style=\"font-size:14px;\"> <strong>2016 y\u0131l\u0131nda 35 kilometre s\u0131cak asfalt yap\u0131ld\u0131<\/strong> <\/span> <\/p>\n<p> <span style=\"font-size:14px;\">Ba\u015fkan Demirel, k\u00f6ylere yap\u0131lan yol \u00e7al\u0131\u015fmalar\u0131yla ilgili de bilgilendirdi. Demirel, \u201c2016 y\u0131l\u0131nda 35 kilometre s\u0131cak asfalt, 53 kilometre sathi kaplama yapm\u0131\u015ft\u0131k. A\u015fa\u011f\u0131 yukar\u0131 60 kilometre de stabilize yol yapt\u0131k\u201d diye konu\u015ftu.<\/span> <\/p>\n<p> <span style=\"font-size:14px;\"> <strong>G\u00f6\u00e7 tersine d\u00f6necek<\/strong> <\/span> <\/p>\n<p> <span style=\"font-size:14px;\">Ba\u015fkan Demirel, yapt\u0131klar\u0131 \u00e7al\u0131\u015fmalarla art\u0131k k\u00f6yden kente de\u011fil kentten k\u00f6ye g\u00f6\u00e7\u00fcn oldu\u011funu s\u00f6yledi. K\u00f6ylere do\u011falgaz\u0131n sa\u011flanabilmesi durumunda k\u00f6yden kente g\u00f6\u00e7\u00fcn duraca\u011f\u0131n\u0131 s\u00f6yleyen Demirel, \u201cK\u00f6yden kente g\u00f6\u00e7 de\u011fil de kentten k\u00f6ye g\u00f6\u00e7 olsun istiyoruz. Yalova\u2019da k\u00f6ylerden kente ara\u00e7la 5-10 dakikada var\u0131l\u0131yor. \u0130stanbul\u2019da olsa bir mahalleden di\u011fer mahalleye yar\u0131m saatte gidemezsiniz. Yalova\u2019n\u0131n da k\u00f6ylerimizin de k\u0131ymetini iyi bilmemiz laz\u0131m. K\u00f6ylerde do\u011falgaz i\u015fi \u00e7\u00f6z\u00fclse k\u00f6yden kente g\u00f6\u00e7 durur zaten ama gaz firmalar\u0131 imar\u0131 olan yerlere do\u011falgaz g\u00f6t\u00fcr\u00fcyor. Dolay\u0131s\u0131yla bu y\u00fczden bunu ba\u015farmak \u015fu an m\u00fcmk\u00fcn de\u011fil. Bu imar yasas\u0131na ba\u011fl\u0131 bir \u015fey. Bu i\u015f \u00e7\u00f6z\u00fcl\u00fcrse kente g\u00f6\u00e7 durur\u201d \u015feklinde konu\u015ftu.<\/span> <\/p>\n","protected":false},"excerpt":{"rendered":"<p>Yalova \u0130l Genel Meclisi Ba\u015fkan\u0131 Ya\u015far Demirel, t\u00fcm k\u00f6ylerin istek ve talepleriyle yak\u0131ndan ilgilendiklerini s\u00f6yledi. Ba\u015fkan Demirel, art\u0131k k\u00f6yl\u00fclerin altyap\u0131<\/p>\n","protected":false},"author":1,"featured_media":5153,"comment_status":"open","ping_status":"open","sticky":false,"template":"","format":"standard","meta":[],"categories":[1],"tags":[],"_links":{"self":[{"href":"http:\/\/www.mertcanpolat.com.tr\/dev\/wp-json\/wp\/v2\/posts\/5152"}],"collection":[{"href":"http:\/\/www.mertcanpolat.com.tr\/dev\/wp-json\/wp\/v2\/posts"}],"about":[{"href":"http:\/\/www.mertcanpolat.com.tr\/dev\/wp-json\/wp\/v2\/types\/post"}],"author":[{"embeddable":true,"href":"http:\/\/www.mertcanpolat.com.tr\/dev\/wp-json\/wp\/v2\/users\/1"}],"replies":[{"embeddable":true,"href":"http:\/\/www.mertcanpolat.com.tr\/dev\/wp-json\/wp\/v2\/comments?post=5152"}],"version-history":[{"count":0,"href":"http:\/\/www.mertcanpolat.com.tr\/dev\/wp-json\/wp\/v2\/posts\/5152\/revisions"}],"wp:featuredmedia":[{"embeddable":true,"href":"http:\/\/www.mertcanpolat.com.tr\/dev\/wp-json\/wp\/v2\/media\/5153"}],"wp:attachment":[{"href":"http:\/\/www.mertcanpolat.com.tr\/dev\/wp-json\/wp\/v2\/media?parent=5152"}],"wp:term":[{"taxonomy":"category","embeddable":true,"href":"http:\/\/www.mertcanpolat.com.tr\/dev\/wp-json\/wp\/v2\/categories?post=5152"},{"taxonomy":"post_tag","embeddable":true,"href":"http:\/\/www.mertcanpolat.com.tr\/dev\/wp-json\/wp\/v2\/tags?post=5152"}],"curies":[{"name":"wp","href":"https:\/\/api.w.org\/{rel}","templated":true}]}}