{"id":5148,"date":"2017-01-03T14:21:00","date_gmt":"2017-01-03T14:21:00","guid":{"rendered":"http:\/\/www.mertcanpolat.com.tr\/dev\/index.php\/2017\/01\/03\/altinovadan-halepe-yardim-eli\/"},"modified":"2017-01-03T14:21:00","modified_gmt":"2017-01-03T14:21:00","slug":"altinovadan-halepe-yardim-eli","status":"publish","type":"post","link":"http:\/\/www.mertcanpolat.com.tr\/dev\/altinovadan-halepe-yardim-eli\/","title":{"rendered":"ALTINOVA&#39;DAN HALEP&#39;E YARDIM EL\u0130"},"content":{"rendered":"<p><b>Be\u015fir Derne\u011fi Alt\u0131nova G\u00f6n\u00fcll\u00fcleri ile Alt\u0131nova Belediyesi, Halep\u2019te ya\u015fayanlara g\u0131da ve giyim yard\u0131m\u0131nda bulundu<\/b>   <\/p>\n<p> <span style=\"font-size:14px;\">Alt\u0131nova \u0130l\u00e7esinde Halep\u2019teki mazlumlar i\u00e7in toplanan malzemeleri ta\u015f\u0131yan t\u0131r, Alt\u0131nova\u2019dan Halep\u2019e yola \u00e7\u0131kt\u0131.<\/span> <\/p>\n<p> <span style=\"font-size:14px;\"> <strong>2. t\u0131r yola \u00e7\u0131kt\u0131<\/strong> <\/span> <\/p>\n<p> <span style=\"font-size:14px;\">Yalova Be\u015fir Derne\u011fi Alt\u0131nova G\u00f6n\u00fcll\u00fcleri \u00f6nc\u00fcl\u00fc\u011f\u00fcnde, Alt\u0131nova Belediyesi, Semerkand Vakf\u0131, TUMS\u0130AD ve Mostar Gen\u00e7li\u011fi ile Alt\u0131nova esnaf\u0131 ve vatanda\u015flar\u0131n deste\u011fiyle toplanan insani yard\u0131m malzemelerini ta\u015f\u0131yan 2. t\u0131r, Alt\u0131nova\u2019dan dualarla Halep\u2019e g\u00f6nderildi.<\/span> <\/p>\n<p> <span style=\"font-size:14px;\"> <strong>\u201cKol kanat geriyoruz\u201d<\/strong> <\/span> <\/p>\n<p> <span style=\"font-size:14px;\">Yard\u0131m malzemelerinin u\u011furlanma t\u00f6reninde konu\u015fan Alt\u0131nova Belediye Ba\u015fkan\u0131 Dr. Metin Oral, \u201cD\u00fcnyan\u0131n neresinde yard\u0131ma muhta\u00e7 kimse varsa T\u00fcrkiye olarak hemen yard\u0131m elimizi oraya uzat\u0131yoruz. \u00dclke olarak, her zaman mazlumun ve yard\u0131ma ihtiyac\u0131 olan\u0131n yan\u0131nda olup, onlara kol kanat geriyoruz. Bunu da inanc\u0131m\u0131z ve insanl\u0131\u011f\u0131n gere\u011fi olarak yap\u0131yoruz. T\u00fcrk milleti olarak, Halepli karde\u015flerimize de bu zor g\u00fcnlerinde destek olmaya devam edece\u011fiz\u201d dedi.<\/span> <\/p>\n<p> <span style=\"font-size:14px;\"> <strong>Dualarla u\u011furland\u0131<\/strong> <\/span> <\/p>\n<p> <span style=\"font-size:14px;\">Yard\u0131m malzemeleri, Alt\u0131nova Belediye Ba\u015fkan\u0131 Dr. Metin Oral, AK Parti Alt\u0131nova \u0130l\u00e7e Ba\u015fkan\u0131 Hasan Zafer ve y\u00f6netimi, belediye meclis \u00fcyeleri, Be\u015fir Derne\u011fi Alt\u0131nova G\u00f6n\u00fcll\u00fcleri, Semerkant Vakf\u0131 Alt\u0131nova \u015eubesi y\u00f6netimi, TUMS\u0130AD ve Mostar \u00fcyeleri ile vatanda\u015flar taraf\u0131ndan dualarla u\u011furland\u0131.<\/span> <\/p>\n<p>&nbsp;<\/p>\n<p>&nbsp;<\/p>\n","protected":false},"excerpt":{"rendered":"<p>Be\u015fir Derne\u011fi Alt\u0131nova G\u00f6n\u00fcll\u00fcleri ile Alt\u0131nova Belediyesi, Halep\u2019te ya\u015fayanlara g\u0131da ve giyim yard\u0131m\u0131nda bulundu Alt\u0131nova \u0130l\u00e7esinde Halep\u2019teki mazlumlar i\u00e7in toplanan<\/p>\n","protected":false},"author":1,"featured_media":5149,"comment_status":"open","ping_status":"open","sticky":false,"template":"","format":"standard","meta":[],"categories":[1],"tags":[],"_links":{"self":[{"href":"http:\/\/www.mertcanpolat.com.tr\/dev\/wp-json\/wp\/v2\/posts\/5148"}],"collection":[{"href":"http:\/\/www.mertcanpolat.com.tr\/dev\/wp-json\/wp\/v2\/posts"}],"about":[{"href":"http:\/\/www.mertcanpolat.com.tr\/dev\/wp-json\/wp\/v2\/types\/post"}],"author":[{"embeddable":true,"href":"http:\/\/www.mertcanpolat.com.tr\/dev\/wp-json\/wp\/v2\/users\/1"}],"replies":[{"embeddable":true,"href":"http:\/\/www.mertcanpolat.com.tr\/dev\/wp-json\/wp\/v2\/comments?post=5148"}],"version-history":[{"count":0,"href":"http:\/\/www.mertcanpolat.com.tr\/dev\/wp-json\/wp\/v2\/posts\/5148\/revisions"}],"wp:featuredmedia":[{"embeddable":true,"href":"http:\/\/www.mertcanpolat.com.tr\/dev\/wp-json\/wp\/v2\/media\/5149"}],"wp:attachment":[{"href":"http:\/\/www.mertcanpolat.com.tr\/dev\/wp-json\/wp\/v2\/media?parent=5148"}],"wp:term":[{"taxonomy":"category","embeddable":true,"href":"http:\/\/www.mertcanpolat.com.tr\/dev\/wp-json\/wp\/v2\/categories?post=5148"},{"taxonomy":"post_tag","embeddable":true,"href":"http:\/\/www.mertcanpolat.com.tr\/dev\/wp-json\/wp\/v2\/tags?post=5148"}],"curies":[{"name":"wp","href":"https:\/\/api.w.org\/{rel}","templated":true}]}}